{"id":23090,"date":"2020-11-11T13:35:56","date_gmt":"2020-11-11T16:35:56","guid":{"rendered":"https:\/\/atecordoba.org\/?p=23090"},"modified":"2020-11-12T08:34:33","modified_gmt":"2020-11-12T11:34:33","slug":"municipales-audiencia-en-quilino","status":"publish","type":"post","link":"https:\/\/atecordoba.org\/?p=23090","title":{"rendered":"Municipales: audiencia en Quilino"},"content":{"rendered":"<figure id=\"attachment_23091\" aria-describedby=\"caption-attachment-23091\" style=\"width: 231px\" class=\"wp-caption alignleft\"><img loading=\"lazy\" decoding=\"async\" class=\"wp-image-23091 size-medium\" src=\"https:\/\/atecordoba.org\/wp-content\/uploads\/2020\/11\/quilino-2-231x300.jpeg\" alt=\"\" width=\"231\" height=\"300\" srcset=\"https:\/\/atecordoba.org\/wp-content\/uploads\/2020\/11\/quilino-2-231x300.jpeg 231w, https:\/\/atecordoba.org\/wp-content\/uploads\/2020\/11\/quilino-2-790x1024.jpeg 790w, https:\/\/atecordoba.org\/wp-content\/uploads\/2020\/11\/quilino-2-768x996.jpeg 768w, https:\/\/atecordoba.org\/wp-content\/uploads\/2020\/11\/quilino-2-750x973.jpeg 750w, https:\/\/atecordoba.org\/wp-content\/uploads\/2020\/11\/quilino-2.jpeg 987w\" sizes=\"auto, (max-width: 231px) 100vw, 231px\" \/><figcaption id=\"caption-attachment-23091\" class=\"wp-caption-text\">Innamorato, junto a los delegados V\u00edctor P\u00e9rez y Cristian Sosa.<\/figcaption><\/figure>\n<p>Seg\u00fan inform\u00f3 la secretaria de Interior del Consejo Directivo Provincial, Edith Innamorato, la intendenta de Quilino, Mabel Godoy, recibir\u00e1 a ATE C\u00f3rdoba para avanzar en la agenda de reclamos que tienen los municipales. La misma se llevar\u00e1 a cabo el pr\u00f3ximo martes 17 de noviembre, a las 16:30.<\/p>\n<p>Posteriormente, ATE realizar\u00e1 una conferencia de prensa con la participaci\u00f3n del secretario General del CDP, Federico Giuliani.<\/p>\n<p>Como anticip\u00f3 Innamorato, los puntos a tratar son c\u00f3digo de descuento, que solo tienen parte de los afiliados, los despedidos, el reconocimiento de las elecciones de ATE realizadas en el mes de febrero, la situaci\u00f3n salarial,\u00a0 ya que b\u00e1sico de los compa\u00f1eros y compa\u00f1eras no alcanza el m\u00ednimo vital y m\u00f3vil.<\/p>\n<p>&nbsp;<\/p>\n","protected":false},"excerpt":{"rendered":"<p>Seg\u00fan inform\u00f3 la secretaria de Interior del Consejo Directivo Provincial, Edith Innamorato, la intendenta de Quilino, Mabel Godoy, recibir\u00e1 a ATE C\u00f3rdoba para avanzar en la agenda de reclamos que tienen los municipales. La misma se llevar\u00e1 a cabo el pr\u00f3ximo martes 17 de noviembre, a las 16:30. Posteriormente, ATE realizar\u00e1 una conferencia de prensa [&hellip;]<\/p>\n","protected":false},"author":7,"featured_media":23102,"comment_status":"open","ping_status":"open","sticky":true,"template":"","format":"standard","meta":{"_exactmetrics_skip_tracking":false,"_exactmetrics_sitenote_active":false,"_exactmetrics_sitenote_note":"","_exactmetrics_sitenote_category":0,"jnews-multi-image_gallery":[],"jnews_single_post":{"source_name":"","source_url":"","via_name":"","via_url":"","override_template":"0","override":[{"template":"1","single_blog_custom":"","parallax":"1","fullscreen":"0","layout":"right-sidebar","sidebar":"default-sidebar","second_sidebar":"default-sidebar","sticky_sidebar":"1","share_position":"top","share_float_style":"share-monocrhome","show_share_counter":"1","show_view_counter":"1","show_featured":"1","show_post_meta":"1","show_post_author":"1","show_post_author_image":"1","show_post_date":"1","post_date_format":"default","post_date_format_custom":"Y\/m\/d","show_post_category":"1","show_post_reading_time":"0","post_reading_time_wpm":"300","show_zoom_button":"0","zoom_button_out_step":"2","zoom_button_in_step":"3","show_post_tag":"1","show_prev_next_post":"1","show_popup_post":"1","number_popup_post":"1","show_author_box":"0","show_post_related":"0","show_inline_post_related":"0"}],"override_image_size":"0","image_override":[{"single_post_thumbnail_size":"crop-500","single_post_gallery_size":"crop-500"}],"trending_post":"0","trending_post_position":"meta","trending_post_label":"Trending","sponsored_post":"0","sponsored_post_label":"Sponsored by","sponsored_post_name":"","sponsored_post_url":"","sponsored_post_logo_enable":"0","sponsored_post_logo":"","sponsored_post_desc":""},"jnews_primary_category":{"id":""},"jnews_social_meta":{"fb_title":"","fb_description":"","fb_image":"","twitter_title":"","twitter_description":"","twitter_image":""},"jnews_review":[],"enable_review":"0","type":"percentage","name":"","summary":"","brand":"","sku":"","good":[{"good_text":""}],"bad":[{"bad_text":""}],"score_override":"","override_value":"","rating":[{"rating_text":"","rating_number":"10"}],"price":[{"shop":"","price":"","link":"","icon":""}],"jnews_override_counter":{"override_view_counter":"0","view_counter_number":"0","override_share_counter":"0","share_counter_number":"0","override_like_counter":"0","like_counter_number":"0","override_dislike_counter":"0","dislike_counter_number":"0"},"jnews_post_split":{"enable_post_split":"0","post_split":[{"template":"1","tag":"h2","numbering":"asc","mode":"normal"}]},"footnotes":""},"categories":[20],"tags":[655],"class_list":["post-23090","post","type-post","status-publish","format-standard","has-post-thumbnail","hentry","category-municipales","tag-quilino"],"jetpack_featured_media_url":"https:\/\/atecordoba.org\/wp-content\/uploads\/2020\/11\/quil.png","_links":{"self":[{"href":"https:\/\/atecordoba.org\/index.php?rest_route=\/wp\/v2\/posts\/23090","targetHints":{"allow":["GET"]}}],"collection":[{"href":"https:\/\/atecordoba.org\/index.php?rest_route=\/wp\/v2\/posts"}],"about":[{"href":"https:\/\/atecordoba.org\/index.php?rest_route=\/wp\/v2\/types\/post"}],"author":[{"embeddable":true,"href":"https:\/\/atecordoba.org\/index.php?rest_route=\/wp\/v2\/users\/7"}],"replies":[{"embeddable":true,"href":"https:\/\/atecordoba.org\/index.php?rest_route=%2Fwp%2Fv2%2Fcomments&post=23090"}],"version-history":[{"count":1,"href":"https:\/\/atecordoba.org\/index.php?rest_route=\/wp\/v2\/posts\/23090\/revisions"}],"predecessor-version":[{"id":23092,"href":"https:\/\/atecordoba.org\/index.php?rest_route=\/wp\/v2\/posts\/23090\/revisions\/23092"}],"wp:featuredmedia":[{"embeddable":true,"href":"https:\/\/atecordoba.org\/index.php?rest_route=\/wp\/v2\/media\/23102"}],"wp:attachment":[{"href":"https:\/\/atecordoba.org\/index.php?rest_route=%2Fwp%2Fv2%2Fmedia&parent=23090"}],"wp:term":[{"taxonomy":"category","embeddable":true,"href":"https:\/\/atecordoba.org\/index.php?rest_route=%2Fwp%2Fv2%2Fcategories&post=23090"},{"taxonomy":"post_tag","embeddable":true,"href":"https:\/\/atecordoba.org\/index.php?rest_route=%2Fwp%2Fv2%2Ftags&post=23090"}],"curies":[{"name":"wp","href":"https:\/\/api.w.org\/{rel}","templated":true}]}}