{"id":23085,"date":"2020-11-11T13:08:14","date_gmt":"2020-11-11T16:08:14","guid":{"rendered":"https:\/\/atecordoba.org\/?p=23085"},"modified":"2020-11-11T15:23:32","modified_gmt":"2020-11-11T18:23:32","slug":"ate-firma-un-convenio-con-la-cooperativa-horizonte","status":"publish","type":"post","link":"https:\/\/atecordoba.org\/?p=23085","title":{"rendered":"ATE firma un convenio con la Cooperativa Horizonte"},"content":{"rendered":"<p><img loading=\"lazy\" decoding=\"async\" class=\" wp-image-23087 aligncenter\" src=\"https:\/\/atecordoba.org\/wp-content\/uploads\/2020\/11\/WhatsApp-Image-2020-11-11-at-12.45.04-300x139.jpeg\" alt=\"\" width=\"600\" height=\"278\" srcset=\"https:\/\/atecordoba.org\/wp-content\/uploads\/2020\/11\/WhatsApp-Image-2020-11-11-at-12.45.04-300x139.jpeg 300w, https:\/\/atecordoba.org\/wp-content\/uploads\/2020\/11\/WhatsApp-Image-2020-11-11-at-12.45.04.jpeg 552w\" sizes=\"auto, (max-width: 600px) 100vw, 600px\" \/>El Consejo Directivo Provincial (CDP) firm\u00f3 hoy un convenio con la Cooperativa Horizonte para que los y las afiliadas de ATE C\u00f3rdoba puedan acceder a los planes de vivienda que dispone al instituci\u00f3n.<\/p>\n<p>En la oportunidad, estamparon la firma por ATE el secretario General del CDP, Federico Giuliani, y el secretario de Acci\u00f3n Social, Turismo y Cultura, Iv\u00e1n Contreras. En tanto, por parte de la Cooperativa Horizonte firm\u00f3 el encargado de convenios gremiales, Horacio Silva.<img loading=\"lazy\" decoding=\"async\" class=\" wp-image-23086 alignright\" src=\"https:\/\/atecordoba.org\/wp-content\/uploads\/2020\/11\/WhatsApp-Image-2020-11-11-at-12.45.03-300x139.jpeg\" alt=\"\" width=\"412\" height=\"191\" srcset=\"https:\/\/atecordoba.org\/wp-content\/uploads\/2020\/11\/WhatsApp-Image-2020-11-11-at-12.45.03-300x139.jpeg 300w, https:\/\/atecordoba.org\/wp-content\/uploads\/2020\/11\/WhatsApp-Image-2020-11-11-at-12.45.03.jpeg 552w\" sizes=\"auto, (max-width: 412px) 100vw, 412px\" \/><\/p>\n<p>Giuliani destac\u00f3 que el convenio suscripto da cuenta de &#8220;la integralidad de nuestro sindicato: la lucha gremial, la gesti\u00f3n y ahora la posibilidad de acceso a la vivienda. En una etapa muy dif\u00edcil, entendemos que es un paso adelante para tener la casa propia.\u00a0Porque la vivienda propia es todo, el proyecto de vida presente y el futuro de cada familia de las y los estatales de la provincia de C\u00f3rdoba&#8221;.<\/p>\n<p>El dirigente coment\u00f3 que &#8220;si sos estatal municipal de la zona de C\u00f3rdoba Capital, si sos estatal provincial de cualquiera de los sectores, si sos estatal nacional de los diversos organismos p\u00fablicos, podes acceder a este beneficio. Porque la posibilidad de tener la casa propia est\u00e1 m\u00e1s cercana&#8221;.<\/p>\n<p><img loading=\"lazy\" decoding=\"async\" class=\" wp-image-23088 alignleft\" src=\"https:\/\/atecordoba.org\/wp-content\/uploads\/2020\/11\/WhatsApp-Image-2020-11-11-at-12.45.02-300x139.jpeg\" alt=\"\" width=\"425\" height=\"197\" srcset=\"https:\/\/atecordoba.org\/wp-content\/uploads\/2020\/11\/WhatsApp-Image-2020-11-11-at-12.45.02-300x139.jpeg 300w, https:\/\/atecordoba.org\/wp-content\/uploads\/2020\/11\/WhatsApp-Image-2020-11-11-at-12.45.02.jpeg 552w\" sizes=\"auto, (max-width: 425px) 100vw, 425px\" \/>Por su parte, Silva a\u00f1adi\u00f3 que firmamos el llamado Convenio Mixto 2, que presenta un beneficio importante para las y los afiliados. Con la cancelaci\u00f3n del 2% de la vivienda uno puede formar parte de la adjudicaci\u00f3n y el sistema ofrece la libre elecci\u00f3n de la vivienda&#8221;.<\/p>\n<p>Por \u00faltimo, Contreras cont\u00f3 que se trata de un convenio de trabajo mutuo &#8220;que surge de la demanda de las y los trabajadores por tener la casa propia. Nos pusimos a trabajar para lograr este convenio que es un gran beneficio para las y los que eligen a ATE como gremio para que represente sus intereses, defienda sus derecho y otorgue diversas y variadas pol\u00edticas de acci\u00f3n social. Este acuerdo es un ejemplo de ello&#8221;<\/p>\n<p>Los interesados pueden dirigirse a la sede de ATE, Entre R\u00edos 450, contactarse a trav\u00e9s de las redes sociales de ATE o llamar al tel\u00e9fono 3516627375.<\/p>\n<p>Es con ATE, af\u00edliate.<\/p>\n<p>&nbsp;<\/p>\n<div class=\"epyt-video-wrapper\"><iframe loading=\"lazy\"  style=\"display: block; margin: 0px auto;\"  id=\"_ytid_64674\"  width=\"480\" height=\"270\"  data-origwidth=\"480\" data-origheight=\"270\" src=\"https:\/\/www.youtube.com\/embed\/x5KgaV72CDc?enablejsapi=1&#038;autoplay=0&#038;cc_load_policy=0&#038;cc_lang_pref=&#038;iv_load_policy=3&#038;loop=0&#038;rel=0&#038;fs=1&#038;playsinline=0&#038;autohide=2&#038;theme=dark&#038;color=red&#038;controls=1&#038;disablekb=0&#038;\" class=\"__youtube_prefs__  epyt-is-override  no-lazyload\" title=\"YouTube player\"  allow=\"fullscreen; accelerometer; autoplay; clipboard-write; encrypted-media; gyroscope; picture-in-picture; web-share\" referrerpolicy=\"strict-origin-when-cross-origin\" allowfullscreen data-no-lazy=\"1\" data-skipgform_ajax_framebjll=\"\"><\/iframe><\/div>\n","protected":false},"excerpt":{"rendered":"<p>El Consejo Directivo Provincial (CDP) firm\u00f3 hoy un convenio con la Cooperativa Horizonte para que los y las afiliadas de ATE C\u00f3rdoba puedan acceder a los planes de vivienda que dispone al instituci\u00f3n. En la oportunidad, estamparon la firma por ATE el secretario General del CDP, Federico Giuliani, y el secretario de Acci\u00f3n Social, Turismo [&hellip;]<\/p>\n","protected":false},"author":7,"featured_media":23087,"comment_status":"open","ping_status":"open","sticky":true,"template":"","format":"standard","meta":{"_exactmetrics_skip_tracking":false,"_exactmetrics_sitenote_active":false,"_exactmetrics_sitenote_note":"","_exactmetrics_sitenote_category":0,"jnews-multi-image_gallery":[],"jnews_single_post":{"source_name":"","source_url":"","via_name":"","via_url":"","override_template":"0","override":[{"template":"1","single_blog_custom":"","parallax":"1","fullscreen":"0","layout":"right-sidebar","sidebar":"default-sidebar","second_sidebar":"default-sidebar","sticky_sidebar":"1","share_position":"top","share_float_style":"share-monocrhome","show_share_counter":"1","show_view_counter":"1","show_featured":"1","show_post_meta":"1","show_post_author":"1","show_post_author_image":"1","show_post_date":"1","post_date_format":"default","post_date_format_custom":"Y\/m\/d","show_post_category":"1","show_post_reading_time":"0","post_reading_time_wpm":"300","show_zoom_button":"0","zoom_button_out_step":"2","zoom_button_in_step":"3","show_post_tag":"1","show_prev_next_post":"1","show_popup_post":"1","number_popup_post":"1","show_author_box":"0","show_post_related":"0","show_inline_post_related":"0"}],"override_image_size":"0","image_override":[{"single_post_thumbnail_size":"crop-500","single_post_gallery_size":"crop-500"}],"trending_post":"0","trending_post_position":"meta","trending_post_label":"Trending","sponsored_post":"0","sponsored_post_label":"Sponsored by","sponsored_post_name":"","sponsored_post_url":"","sponsored_post_logo_enable":"0","sponsored_post_logo":"","sponsored_post_desc":""},"jnews_primary_category":{"id":""},"jnews_social_meta":{"fb_title":"","fb_description":"","fb_image":"","twitter_title":"","twitter_description":"","twitter_image":""},"jnews_review":[],"enable_review":"0","type":"percentage","name":"","summary":"","brand":"","sku":"","good":[{"good_text":""}],"bad":[{"bad_text":""}],"score_override":"","override_value":"","rating":[{"rating_text":"","rating_number":"10"}],"price":[{"shop":"","price":"","link":"","icon":""}],"jnews_override_counter":{"override_view_counter":"0","view_counter_number":"0","override_share_counter":"0","share_counter_number":"0","override_like_counter":"0","like_counter_number":"0","override_dislike_counter":"0","dislike_counter_number":"0"},"jnews_post_split":{"enable_post_split":"0","post_split":[{"template":"1","tag":"h2","numbering":"asc","mode":"normal"}]},"footnotes":""},"categories":[75,341],"tags":[675],"class_list":["post-23085","post","type-post","status-publish","format-standard","has-post-thumbnail","hentry","category-accion-social","category-cdp","tag-convenio-cooperativa-horizonte"],"jetpack_featured_media_url":"https:\/\/atecordoba.org\/wp-content\/uploads\/2020\/11\/WhatsApp-Image-2020-11-11-at-12.45.04.jpeg","_links":{"self":[{"href":"https:\/\/atecordoba.org\/index.php?rest_route=\/wp\/v2\/posts\/23085","targetHints":{"allow":["GET"]}}],"collection":[{"href":"https:\/\/atecordoba.org\/index.php?rest_route=\/wp\/v2\/posts"}],"about":[{"href":"https:\/\/atecordoba.org\/index.php?rest_route=\/wp\/v2\/types\/post"}],"author":[{"embeddable":true,"href":"https:\/\/atecordoba.org\/index.php?rest_route=\/wp\/v2\/users\/7"}],"replies":[{"embeddable":true,"href":"https:\/\/atecordoba.org\/index.php?rest_route=%2Fwp%2Fv2%2Fcomments&post=23085"}],"version-history":[{"count":2,"href":"https:\/\/atecordoba.org\/index.php?rest_route=\/wp\/v2\/posts\/23085\/revisions"}],"predecessor-version":[{"id":23099,"href":"https:\/\/atecordoba.org\/index.php?rest_route=\/wp\/v2\/posts\/23085\/revisions\/23099"}],"wp:featuredmedia":[{"embeddable":true,"href":"https:\/\/atecordoba.org\/index.php?rest_route=\/wp\/v2\/media\/23087"}],"wp:attachment":[{"href":"https:\/\/atecordoba.org\/index.php?rest_route=%2Fwp%2Fv2%2Fmedia&parent=23085"}],"wp:term":[{"taxonomy":"category","embeddable":true,"href":"https:\/\/atecordoba.org\/index.php?rest_route=%2Fwp%2Fv2%2Fcategories&post=23085"},{"taxonomy":"post_tag","embeddable":true,"href":"https:\/\/atecordoba.org\/index.php?rest_route=%2Fwp%2Fv2%2Ftags&post=23085"}],"curies":[{"name":"wp","href":"https:\/\/api.w.org\/{rel}","templated":true}]}}