{"id":22972,"date":"2020-11-10T15:35:25","date_gmt":"2020-11-10T18:35:25","guid":{"rendered":"https:\/\/atecordoba.org\/?p=22972"},"modified":"2020-11-10T15:35:25","modified_gmt":"2020-11-10T18:35:25","slug":"la-secretaria-de-interior-recorrio-el-norte-provincial","status":"publish","type":"post","link":"https:\/\/atecordoba.org\/?p=22972","title":{"rendered":"La Secretar\u00eda de Interior recorri\u00f3 el norte provincial"},"content":{"rendered":"<p><img loading=\"lazy\" decoding=\"async\" class=\" wp-image-22973 aligncenter\" src=\"https:\/\/atecordoba.org\/wp-content\/uploads\/2020\/11\/quilino-1-300x163.jpg\" alt=\"\" width=\"545\" height=\"296\" srcset=\"https:\/\/atecordoba.org\/wp-content\/uploads\/2020\/11\/quilino-1-300x163.jpg 300w, https:\/\/atecordoba.org\/wp-content\/uploads\/2020\/11\/quilino-1.jpg 624w\" sizes=\"auto, (max-width: 545px) 100vw, 545px\" \/>El domingo pasado la Secretaria de Interior visit\u00f3 las localidades de Quilino y Dean Funes, en el norte provincial, para hacer entrega del presente que el Consejo Directivo Provincial destin\u00f3 para homenajear a las y los trabajadores municipales en su d\u00eda, celebrado el 8 de noviembre.<\/p>\n<p>En la oportunidad, la titular de la Secretar\u00eda, Edith Innamorato, realiz\u00f3 sendas reuniones con las y los afiliados de cada localidad para unificar criterios en vistas de las audiencias que ATE mantendr\u00e1 con les intendentes de ambas municipalidades.<\/p>\n<p>Facilitamos tambi\u00e9n por esta v\u00eda el registro de la entrega de los presentes a los municipales de sierras chicas, que se realiz\u00f3 el viernes pasado, en Mendiolaza, Unquillo y Saldan .<\/p>\n<div id='gallery_1' class='gallery galleryid-22972 gallery-columns-3 gallery-size-full'><figure class='gallery-item'>\n                <div class='gallery-icon landscape'>\n                    <a href='https:\/\/atecordoba.org\/wp-content\/uploads\/2020\/11\/saldan.jpeg'><img loading=\"lazy\" decoding=\"async\" width=\"1000\" height=\"750\" src=\"\" class=\"attachment-full size-full lazyload\" alt=\"\" data-src=\"https:\/\/atecordoba.org\/wp-content\/uploads\/2020\/11\/saldan.jpeg\" data-sizes=\"auto\" data-srcset=\"https:\/\/atecordoba.org\/wp-content\/uploads\/2020\/11\/saldan.jpeg 1000w, https:\/\/atecordoba.org\/wp-content\/uploads\/2020\/11\/saldan-300x225.jpeg 300w, https:\/\/atecordoba.org\/wp-content\/uploads\/2020\/11\/saldan-768x576.jpeg 768w, https:\/\/atecordoba.org\/wp-content\/uploads\/2020\/11\/saldan-750x563.jpeg 750w\" data-expand=\"700\" \/><\/a>\n                <\/div><\/figure><figure class='gallery-item'>\n                <div class='gallery-icon landscape'>\n                    <a href='https:\/\/atecordoba.org\/wp-content\/uploads\/2020\/11\/quilino.jpeg'><img loading=\"lazy\" decoding=\"async\" width=\"999\" height=\"803\" src=\"\" class=\"attachment-full size-full lazyload\" alt=\"\" data-src=\"https:\/\/atecordoba.org\/wp-content\/uploads\/2020\/11\/quilino.jpeg\" data-sizes=\"auto\" data-srcset=\"https:\/\/atecordoba.org\/wp-content\/uploads\/2020\/11\/quilino.jpeg 999w, https:\/\/atecordoba.org\/wp-content\/uploads\/2020\/11\/quilino-300x241.jpeg 300w, https:\/\/atecordoba.org\/wp-content\/uploads\/2020\/11\/quilino-768x617.jpeg 768w, https:\/\/atecordoba.org\/wp-content\/uploads\/2020\/11\/quilino-750x603.jpeg 750w\" data-expand=\"700\" \/><\/a>\n                <\/div><\/figure><figure class='gallery-item'>\n                <div class='gallery-icon portrait'>\n                    <a href='https:\/\/atecordoba.org\/wp-content\/uploads\/2020\/11\/mendiolaza.jpeg'><img loading=\"lazy\" decoding=\"async\" width=\"540\" height=\"841\" src=\"\" class=\"attachment-full size-full lazyload\" alt=\"\" data-src=\"https:\/\/atecordoba.org\/wp-content\/uploads\/2020\/11\/mendiolaza.jpeg\" data-sizes=\"auto\" data-srcset=\"https:\/\/atecordoba.org\/wp-content\/uploads\/2020\/11\/mendiolaza.jpeg 540w, https:\/\/atecordoba.org\/wp-content\/uploads\/2020\/11\/mendiolaza-193x300.jpeg 193w\" data-expand=\"700\" \/><\/a>\n                <\/div><\/figure><br style=\"clear: both\" \/><figure class='gallery-item'>\n                <div class='gallery-icon portrait'>\n                    <a href='https:\/\/atecordoba.org\/wp-content\/uploads\/2020\/11\/unquillo.jpeg'><img loading=\"lazy\" decoding=\"async\" width=\"750\" height=\"1000\" src=\"\" class=\"attachment-full size-full lazyload\" alt=\"\" data-src=\"https:\/\/atecordoba.org\/wp-content\/uploads\/2020\/11\/unquillo.jpeg\" data-sizes=\"auto\" data-srcset=\"https:\/\/atecordoba.org\/wp-content\/uploads\/2020\/11\/unquillo.jpeg 750w, https:\/\/atecordoba.org\/wp-content\/uploads\/2020\/11\/unquillo-225x300.jpeg 225w\" data-expand=\"700\" \/><\/a>\n                <\/div><\/figure><figure class='gallery-item'>\n                <div class='gallery-icon portrait'>\n                    <a href='https:\/\/atecordoba.org\/wp-content\/uploads\/2020\/11\/dean-funes.jpeg'><img loading=\"lazy\" decoding=\"async\" width=\"750\" height=\"1000\" src=\"\" class=\"attachment-full size-full lazyload\" alt=\"\" data-src=\"https:\/\/atecordoba.org\/wp-content\/uploads\/2020\/11\/dean-funes.jpeg\" data-sizes=\"auto\" data-srcset=\"https:\/\/atecordoba.org\/wp-content\/uploads\/2020\/11\/dean-funes.jpeg 750w, https:\/\/atecordoba.org\/wp-content\/uploads\/2020\/11\/dean-funes-225x300.jpeg 225w\" data-expand=\"700\" \/><\/a>\n                <\/div><\/figure>\n                <br style='clear: both' \/>\n            <\/div>\n\n","protected":false},"excerpt":{"rendered":"<p>El domingo pasado la Secretaria de Interior visit\u00f3 las localidades de Quilino y Dean Funes, en el norte provincial, para hacer entrega del presente que el Consejo Directivo Provincial destin\u00f3 para homenajear a las y los trabajadores municipales en su d\u00eda, celebrado el 8 de noviembre. En la oportunidad, la titular de la Secretar\u00eda, Edith [&hellip;]<\/p>\n","protected":false},"author":7,"featured_media":22973,"comment_status":"open","ping_status":"open","sticky":true,"template":"","format":"standard","meta":{"_exactmetrics_skip_tracking":false,"_exactmetrics_sitenote_active":false,"_exactmetrics_sitenote_note":"","_exactmetrics_sitenote_category":0,"jnews-multi-image_gallery":[],"jnews_single_post":{"source_name":"","source_url":"","via_name":"","via_url":"","override_template":"0","override":[{"template":"1","single_blog_custom":"","parallax":"1","fullscreen":"0","layout":"right-sidebar","sidebar":"default-sidebar","second_sidebar":"default-sidebar","sticky_sidebar":"1","share_position":"top","share_float_style":"share-monocrhome","show_share_counter":"1","show_view_counter":"1","show_featured":"1","show_post_meta":"1","show_post_author":"1","show_post_author_image":"1","show_post_date":"1","post_date_format":"default","post_date_format_custom":"Y\/m\/d","show_post_category":"1","show_post_reading_time":"0","post_reading_time_wpm":"300","show_zoom_button":"0","zoom_button_out_step":"2","zoom_button_in_step":"3","show_post_tag":"1","show_prev_next_post":"1","show_popup_post":"1","number_popup_post":"1","show_author_box":"0","show_post_related":"0","show_inline_post_related":"0"}],"override_image_size":"0","image_override":[{"single_post_thumbnail_size":"crop-500","single_post_gallery_size":"crop-500"}],"trending_post":"0","trending_post_position":"meta","trending_post_label":"Trending","sponsored_post":"0","sponsored_post_label":"Sponsored by","sponsored_post_name":"","sponsored_post_url":"","sponsored_post_logo_enable":"0","sponsored_post_logo":"","sponsored_post_desc":""},"jnews_primary_category":{"id":""},"jnews_social_meta":{"fb_title":"","fb_description":"","fb_image":"","twitter_title":"","twitter_description":"","twitter_image":""},"jnews_review":[],"enable_review":"0","type":"percentage","name":"","summary":"","brand":"","sku":"","good":[{"good_text":""}],"bad":[{"bad_text":""}],"score_override":"","override_value":"","rating":[{"rating_text":"","rating_number":"10"}],"price":[{"shop":"","price":"","link":"","icon":""}],"jnews_override_counter":{"override_view_counter":"0","view_counter_number":"0","override_share_counter":"0","share_counter_number":"0","override_like_counter":"0","like_counter_number":"0","override_dislike_counter":"0","dislike_counter_number":"0"},"jnews_post_split":{"enable_post_split":"0","post_split":[{"template":"1","tag":"h2","numbering":"asc","mode":"normal"}]},"footnotes":""},"categories":[341,20],"tags":[672,655],"class_list":["post-22972","post","type-post","status-publish","format-standard","has-post-thumbnail","hentry","category-cdp","category-municipales","tag-dean-funes","tag-quilino"],"jetpack_featured_media_url":"https:\/\/atecordoba.org\/wp-content\/uploads\/2020\/11\/quilino-1.jpg","_links":{"self":[{"href":"https:\/\/atecordoba.org\/index.php?rest_route=\/wp\/v2\/posts\/22972","targetHints":{"allow":["GET"]}}],"collection":[{"href":"https:\/\/atecordoba.org\/index.php?rest_route=\/wp\/v2\/posts"}],"about":[{"href":"https:\/\/atecordoba.org\/index.php?rest_route=\/wp\/v2\/types\/post"}],"author":[{"embeddable":true,"href":"https:\/\/atecordoba.org\/index.php?rest_route=\/wp\/v2\/users\/7"}],"replies":[{"embeddable":true,"href":"https:\/\/atecordoba.org\/index.php?rest_route=%2Fwp%2Fv2%2Fcomments&post=22972"}],"version-history":[{"count":1,"href":"https:\/\/atecordoba.org\/index.php?rest_route=\/wp\/v2\/posts\/22972\/revisions"}],"predecessor-version":[{"id":22979,"href":"https:\/\/atecordoba.org\/index.php?rest_route=\/wp\/v2\/posts\/22972\/revisions\/22979"}],"wp:featuredmedia":[{"embeddable":true,"href":"https:\/\/atecordoba.org\/index.php?rest_route=\/wp\/v2\/media\/22973"}],"wp:attachment":[{"href":"https:\/\/atecordoba.org\/index.php?rest_route=%2Fwp%2Fv2%2Fmedia&parent=22972"}],"wp:term":[{"taxonomy":"category","embeddable":true,"href":"https:\/\/atecordoba.org\/index.php?rest_route=%2Fwp%2Fv2%2Fcategories&post=22972"},{"taxonomy":"post_tag","embeddable":true,"href":"https:\/\/atecordoba.org\/index.php?rest_route=%2Fwp%2Fv2%2Ftags&post=22972"}],"curies":[{"name":"wp","href":"https:\/\/api.w.org\/{rel}","templated":true}]}}