{"id":22964,"date":"2020-11-10T14:56:30","date_gmt":"2020-11-10T17:56:30","guid":{"rendered":"https:\/\/atecordoba.org\/?p=22964"},"modified":"2020-11-10T15:16:58","modified_gmt":"2020-11-10T18:16:58","slug":"senaf-jornada-de-lucha-y-movilizacion-al-ministerio-de-justicia","status":"publish","type":"post","link":"https:\/\/atecordoba.org\/?p=22964","title":{"rendered":"SeNAF: Jornada de lucha y movilizaci\u00f3n al Ministerio de Justicia"},"content":{"rendered":"<p><img loading=\"lazy\" decoding=\"async\" class=\" wp-image-22965 aligncenter\" src=\"https:\/\/atecordoba.org\/wp-content\/uploads\/2020\/11\/20200902_130634-300x169.jpg\" alt=\"\" width=\"600\" height=\"338\" srcset=\"https:\/\/atecordoba.org\/wp-content\/uploads\/2020\/11\/20200902_130634-300x169.jpg 300w, https:\/\/atecordoba.org\/wp-content\/uploads\/2020\/11\/20200902_130634-1024x577.jpg 1024w, https:\/\/atecordoba.org\/wp-content\/uploads\/2020\/11\/20200902_130634-768x433.jpg 768w, https:\/\/atecordoba.org\/wp-content\/uploads\/2020\/11\/20200902_130634-1536x866.jpg 1536w, https:\/\/atecordoba.org\/wp-content\/uploads\/2020\/11\/20200902_130634-2048x1155.jpg 2048w, https:\/\/atecordoba.org\/wp-content\/uploads\/2020\/11\/20200902_130634-750x423.jpg 750w, https:\/\/atecordoba.org\/wp-content\/uploads\/2020\/11\/20200902_130634-1140x643.jpg 1140w\" sizes=\"auto, (max-width: 600px) 100vw, 600px\" \/>ATE C\u00f3rdoba convoca a la movilizaci\u00f3n que el jueves 12 de noviembre llevar\u00e1n a cabo trabajadores y trabajadoras de la SeNAF (Secretaria de Ni\u00f1ez, Adolescencia Familia), en el marco de una jornada de protesta, ante la escalada de despidos y por el vaciamiento del organismos a cargo de la defensa de derechos de ni\u00f1os, ni\u00f1as y j\u00f3venes.<\/p>\n<p>Las y los compa\u00f1eros son trabajadores esenciales y vienen siendo v\u00edctimas de violencia institucional de parte de las autoridades de la Secretar\u00eda, cuyo m\u00e1ximo responsable es el titular de la SeNAF, Jos\u00e9 Pi\u00f1eiro.<\/p>\n<p>Debido a ello, se viene reclamando el apartamiento del funcionario y la generaci\u00f3n de parte del Ministerio de un espacio de di\u00e1logo para abordar \u00e9stas y otras m\u00faltiples problem\u00e1ticas que agobian el sector e impiden su correcto funcionamiento, afectando los derechos de las ni\u00f1as, ni\u00f1os y j\u00f3venes a cargo.<\/p>\n<p><img loading=\"lazy\" decoding=\"async\" class=\" wp-image-22969 alignright\" src=\"https:\/\/atecordoba.org\/wp-content\/uploads\/2020\/11\/WhatsApp-Image-2020-11-10-at-15.05.03-261x300.jpeg\" alt=\"\" width=\"531\" height=\"610\" srcset=\"https:\/\/atecordoba.org\/wp-content\/uploads\/2020\/11\/WhatsApp-Image-2020-11-10-at-15.05.03-261x300.jpeg 261w, https:\/\/atecordoba.org\/wp-content\/uploads\/2020\/11\/WhatsApp-Image-2020-11-10-at-15.05.03-892x1024.jpeg 892w, https:\/\/atecordoba.org\/wp-content\/uploads\/2020\/11\/WhatsApp-Image-2020-11-10-at-15.05.03-768x882.jpeg 768w, https:\/\/atecordoba.org\/wp-content\/uploads\/2020\/11\/WhatsApp-Image-2020-11-10-at-15.05.03-750x861.jpeg 750w, https:\/\/atecordoba.org\/wp-content\/uploads\/2020\/11\/WhatsApp-Image-2020-11-10-at-15.05.03.jpeg 1098w\" sizes=\"auto, (max-width: 531px) 100vw, 531px\" \/>A pesar que desde el 10 de agosto del corriente, que presentamos el primer pedido de audiencia al Secretario de SeNAF y al Ministro de Justicia y DD HH, las respuestas contin\u00faan siendo traslados compulsivos, vaciamiento de sectores, disciplinamiento de les trabajadores mediante despidos sin causa, traslados de delegadas sindicales, maltrato laboral y desmantelamiento de servicios cr\u00edticos.<\/p>\n<p><strong>Precarizaci\u00f3n absoluta<\/strong><\/p>\n<p>La crisis sanitaria viene develando los a\u00f1os de vaciamiento y precarizaci\u00f3n de un organismo donde casi el 100% de las precarizadas son mujeres, con sueldos de miseria que, en algunos casos rondan entre 7700 y 10.000 pesos por mes por su condici\u00f3n de \u201cvoluntarias\u201d. La mayor\u00eda de estas trabajadoras no reciben obra social, ni ART, aun realizando diversas tareas propias y permanentes de la Secretar\u00eda.<\/p>\n<p>Por caso, el \u00c1rea de constataci\u00f3n de la L\u00ednea 102,\u00a0 al d\u00eda de la fecha cuenta con m\u00e1s de 1300 denuncias del a\u00f1o 2020 sin intervenci\u00f3n, sobre un total de 1800 aproximadamente. De esta forma, el 60% de las denuncian no tienen atenci\u00f3n.<\/p>\n<p>Por eso se solicit\u00f3 un Pedido de Informe\u00a0 desde la Legislatura sobre esta situaci\u00f3n, que a\u00fan no tiene respuesta. En tanto, el gobierno contin\u00faa con el vaciamiento del \u00c1rea Social de Penal Juvenil, que se encarga de los seguimientos y el trabajo junto a les j\u00f3venes en conflicto con la ley penal y sus familias.<\/p>\n<p><strong>Complejo (Des)Esperanza<\/strong><\/p>\n<p>A su vez, hace tres semanas que comenzaron los traslados de presos adultos de la UCA (Unidad de Contenci\u00f3n del Aprehendido) al Complejo Esperanza, vulnerando una vez m\u00e1s los derechos de las y los j\u00f3venes y cediendo espacios propios como ya ocurri\u00f3 con el CROM, actual UCA 1.<\/p>\n<p>Las y los trabajadores hacemos responsable al Secretario Jos\u00e9 Pi\u00f1ero de los riesgos que puedan correr los j\u00f3venes del Complejo Esperanza, en el\u00a0 caso de que hubiera un mot\u00edn de presos de la UCA.<\/p>\n<p>Las y los trabajadores de SeNAF hacen frente al Covid 19 en las Residencias y el Complejo Esperanza, con insuficientes o inexistentes elementos de protecci\u00f3n personal.\u00a0 Adem\u00e1s, el\u00a0 manejo interno por parte de los superiores ante casos confirmados o sospechosos de Covid-19,\u00a0 incluye \u00f3rdenes y contra\u00f3rdenes confusas y de riesgo.<\/p>\n<p><strong>Reclamos<\/strong><\/p>\n<p>Frente a este escenario turbulento y perverso las y los trabajadores de SeNAF dicen basta y exigen:<\/p>\n<ul>\n<li>PASE A PLANTA DE TODES LES TRABAJADORES<\/li>\n<li>REINCORPORACI\u00d3N A SUS LUGARES DE TRABAJO DE LAS COMPA\u00d1ERAS DESPEDIDAS Y DE LA DELEGADA SINDICAL TRASLADADA<\/li>\n<li>FUERA LA C\u00c1RCEL DEL COMPLEJO ESPERANZA<\/li>\n<li>PROTOCOLOS DE COVID- 19 CON CONOCIMIENTO DE LES TRABAJADORES<\/li>\n<li>RECHAZO AL AUMENTO MISERABLE DEL 9%, POR SALARIOS DIGNOS<\/li>\n<\/ul>\n","protected":false},"excerpt":{"rendered":"<p>ATE C\u00f3rdoba convoca a la movilizaci\u00f3n que el jueves 12 de noviembre llevar\u00e1n a cabo trabajadores y trabajadoras de la SeNAF (Secretaria de Ni\u00f1ez, Adolescencia Familia), en el marco de una jornada de protesta, ante la escalada de despidos y por el vaciamiento del organismos a cargo de la defensa de derechos de ni\u00f1os, ni\u00f1as [&hellip;]<\/p>\n","protected":false},"author":7,"featured_media":22969,"comment_status":"open","ping_status":"open","sticky":true,"template":"","format":"standard","meta":{"_exactmetrics_skip_tracking":false,"_exactmetrics_sitenote_active":false,"_exactmetrics_sitenote_note":"","_exactmetrics_sitenote_category":0,"jnews-multi-image_gallery":[],"jnews_single_post":{"source_name":"","source_url":"","via_name":"","via_url":"","override_template":"0","override":[{"template":"1","single_blog_custom":"","parallax":"1","fullscreen":"0","layout":"right-sidebar","sidebar":"default-sidebar","second_sidebar":"default-sidebar","sticky_sidebar":"1","share_position":"top","share_float_style":"share-monocrhome","show_share_counter":"1","show_view_counter":"1","show_featured":"1","show_post_meta":"1","show_post_author":"1","show_post_author_image":"1","show_post_date":"1","post_date_format":"default","post_date_format_custom":"Y\/m\/d","show_post_category":"1","show_post_reading_time":"0","post_reading_time_wpm":"300","show_zoom_button":"0","zoom_button_out_step":"2","zoom_button_in_step":"3","show_post_tag":"1","show_prev_next_post":"1","show_popup_post":"1","number_popup_post":"1","show_author_box":"0","show_post_related":"0","show_inline_post_related":"0"}],"override_image_size":"0","image_override":[{"single_post_thumbnail_size":"crop-500","single_post_gallery_size":"crop-500"}],"trending_post":"0","trending_post_position":"meta","trending_post_label":"Trending","sponsored_post":"0","sponsored_post_label":"Sponsored by","sponsored_post_name":"","sponsored_post_url":"","sponsored_post_logo_enable":"0","sponsored_post_logo":"","sponsored_post_desc":""},"jnews_primary_category":{"id":""},"jnews_social_meta":{"fb_title":"","fb_description":"","fb_image":"","twitter_title":"","twitter_description":"","twitter_image":""},"jnews_review":[],"enable_review":"0","type":"percentage","name":"","summary":"","brand":"","sku":"","good":[{"good_text":""}],"bad":[{"bad_text":""}],"score_override":"","override_value":"","rating":[{"rating_text":"","rating_number":"10"}],"price":[{"shop":"","price":"","link":"","icon":""}],"jnews_override_counter":{"override_view_counter":"0","view_counter_number":"0","override_share_counter":"0","share_counter_number":"0","override_like_counter":"0","like_counter_number":"0","override_dislike_counter":"0","dislike_counter_number":"0"},"jnews_post_split":{"enable_post_split":"0","post_split":[{"template":"1","tag":"h2","numbering":"asc","mode":"normal"}]},"footnotes":""},"categories":[341,8],"tags":[457],"class_list":["post-22964","post","type-post","status-publish","format-standard","has-post-thumbnail","hentry","category-cdp","category-provinciales","tag-senaf"],"jetpack_featured_media_url":"https:\/\/atecordoba.org\/wp-content\/uploads\/2020\/11\/WhatsApp-Image-2020-11-10-at-15.05.03.jpeg","_links":{"self":[{"href":"https:\/\/atecordoba.org\/index.php?rest_route=\/wp\/v2\/posts\/22964","targetHints":{"allow":["GET"]}}],"collection":[{"href":"https:\/\/atecordoba.org\/index.php?rest_route=\/wp\/v2\/posts"}],"about":[{"href":"https:\/\/atecordoba.org\/index.php?rest_route=\/wp\/v2\/types\/post"}],"author":[{"embeddable":true,"href":"https:\/\/atecordoba.org\/index.php?rest_route=\/wp\/v2\/users\/7"}],"replies":[{"embeddable":true,"href":"https:\/\/atecordoba.org\/index.php?rest_route=%2Fwp%2Fv2%2Fcomments&post=22964"}],"version-history":[{"count":3,"href":"https:\/\/atecordoba.org\/index.php?rest_route=\/wp\/v2\/posts\/22964\/revisions"}],"predecessor-version":[{"id":22971,"href":"https:\/\/atecordoba.org\/index.php?rest_route=\/wp\/v2\/posts\/22964\/revisions\/22971"}],"wp:featuredmedia":[{"embeddable":true,"href":"https:\/\/atecordoba.org\/index.php?rest_route=\/wp\/v2\/media\/22969"}],"wp:attachment":[{"href":"https:\/\/atecordoba.org\/index.php?rest_route=%2Fwp%2Fv2%2Fmedia&parent=22964"}],"wp:term":[{"taxonomy":"category","embeddable":true,"href":"https:\/\/atecordoba.org\/index.php?rest_route=%2Fwp%2Fv2%2Fcategories&post=22964"},{"taxonomy":"post_tag","embeddable":true,"href":"https:\/\/atecordoba.org\/index.php?rest_route=%2Fwp%2Fv2%2Ftags&post=22964"}],"curies":[{"name":"wp","href":"https:\/\/api.w.org\/{rel}","templated":true}]}}