{"id":22923,"date":"2020-11-09T12:12:00","date_gmt":"2020-11-09T15:12:00","guid":{"rendered":"https:\/\/atecordoba.org\/?p=22923"},"modified":"2020-11-10T15:02:10","modified_gmt":"2020-11-10T18:02:10","slug":"masivo-plenario-de-municipales-cordobeses-para-consolidar-el-crecimiento-en-el-interior-provincial","status":"publish","type":"post","link":"https:\/\/atecordoba.org\/?p=22923","title":{"rendered":"Masivo plenario de municipales cordobeses para consolidar el crecimiento en el interior provincial"},"content":{"rendered":"<p><img loading=\"lazy\" decoding=\"async\" class=\" wp-image-22924 aligncenter\" src=\"https:\/\/atecordoba.org\/wp-content\/uploads\/2020\/11\/WhatsApp-Image-2020-11-08-at-15.47.12-1-300x300.jpeg\" alt=\"\" width=\"540\" height=\"540\" srcset=\"https:\/\/atecordoba.org\/wp-content\/uploads\/2020\/11\/WhatsApp-Image-2020-11-08-at-15.47.12-1-300x300.jpeg 300w, https:\/\/atecordoba.org\/wp-content\/uploads\/2020\/11\/WhatsApp-Image-2020-11-08-at-15.47.12-1-1024x1024.jpeg 1024w, https:\/\/atecordoba.org\/wp-content\/uploads\/2020\/11\/WhatsApp-Image-2020-11-08-at-15.47.12-1-150x150.jpeg 150w, https:\/\/atecordoba.org\/wp-content\/uploads\/2020\/11\/WhatsApp-Image-2020-11-08-at-15.47.12-1-768x768.jpeg 768w, https:\/\/atecordoba.org\/wp-content\/uploads\/2020\/11\/WhatsApp-Image-2020-11-08-at-15.47.12-1-560x560.jpeg 560w, https:\/\/atecordoba.org\/wp-content\/uploads\/2020\/11\/WhatsApp-Image-2020-11-08-at-15.47.12-1-75x75.jpeg 75w, https:\/\/atecordoba.org\/wp-content\/uploads\/2020\/11\/WhatsApp-Image-2020-11-08-at-15.47.12-1-750x750.jpeg 750w, https:\/\/atecordoba.org\/wp-content\/uploads\/2020\/11\/WhatsApp-Image-2020-11-08-at-15.47.12-1-1140x1140.jpeg 1140w, https:\/\/atecordoba.org\/wp-content\/uploads\/2020\/11\/WhatsApp-Image-2020-11-08-at-15.47.12-1.jpeg 1280w\" sizes=\"auto, (max-width: 540px) 100vw, 540px\" \/><\/p>\n<p>El pasado viernes 6 de noviembre, en el marco del D\u00eda de la y el Trabajador Municipal, el Consejo Directivo Provincial ATE C\u00f3rdoba realiz\u00f3 un plenario virtual abierto a trabajadoras y trabajadores municipales, con el objetivo de profundizar la instancia organizativa del sector, debido al crecimiento de afiliaciones en el sector en distintas regiones del interior provincial y \u00a0trazar estrategias en com\u00fan.<\/p>\n<p>Como dijo en la apertura el secretario General del CDP, Federico Giuliani, el plenario tambi\u00e9n apunt\u00f3 a \u201ccelebrar este d\u00eda con lucha y m\u00e1s organizaci\u00f3n de ATE en los municipios\u201d.<\/p>\n<p><img loading=\"lazy\" decoding=\"async\" class=\" wp-image-22925 aligncenter\" src=\"https:\/\/atecordoba.org\/wp-content\/uploads\/2020\/11\/WhatsApp-Image-2020-11-08-at-15.47.19-2-300x169.jpeg\" alt=\"\" width=\"600\" height=\"338\" srcset=\"https:\/\/atecordoba.org\/wp-content\/uploads\/2020\/11\/WhatsApp-Image-2020-11-08-at-15.47.19-2-300x169.jpeg 300w, https:\/\/atecordoba.org\/wp-content\/uploads\/2020\/11\/WhatsApp-Image-2020-11-08-at-15.47.19-2-1024x575.jpeg 1024w, https:\/\/atecordoba.org\/wp-content\/uploads\/2020\/11\/WhatsApp-Image-2020-11-08-at-15.47.19-2-768x431.jpeg 768w, https:\/\/atecordoba.org\/wp-content\/uploads\/2020\/11\/WhatsApp-Image-2020-11-08-at-15.47.19-2-750x421.jpeg 750w, https:\/\/atecordoba.org\/wp-content\/uploads\/2020\/11\/WhatsApp-Image-2020-11-08-at-15.47.19-2-1140x640.jpeg 1140w, https:\/\/atecordoba.org\/wp-content\/uploads\/2020\/11\/WhatsApp-Image-2020-11-08-at-15.47.19-2.jpeg 1280w\" sizes=\"auto, (max-width: 600px) 100vw, 600px\" \/><\/p>\n<p>Giuliani, desde R\u00edo Cuarto, expres\u00f3 su convicci\u00f3n que \u201cATE lleg\u00f3 para quedarse\u201d entre los municipales de C\u00f3rdoba. \u201cVamos a recorrer las 429 localidades y comunas de nuestra provincia para organizar la esperanza y defensa de derechos de las y los municipales. Porque ante los aprietes y las amenazas, no solo de las patronales sino de la burocracia sindical que tiene miedo de que las y los trabajadores elijan, vamos a seguir apostando a este sector durante tantos a\u00f1os dejado a su suerte\u201d, afirm\u00f3 el dirigente.<\/p>\n<p>\u201cPor eso, ATE hoy en los municipios es una realidad, no solo una posibilidad, y x eso vamos a continuar reforzando gremial, comunicacional y pol\u00edticamente a este el sector, que es el m\u00e1s vulnerado en derechos en la cadena de trabajo estatal\u201d, continu\u00f3 el secretario General.<img loading=\"lazy\" decoding=\"async\" class=\" wp-image-22926 alignright\" src=\"https:\/\/atecordoba.org\/wp-content\/uploads\/2020\/11\/WhatsApp-Image-2020-11-08-at-15.47.19-1-300x169.jpeg\" alt=\"\" width=\"364\" height=\"205\" srcset=\"https:\/\/atecordoba.org\/wp-content\/uploads\/2020\/11\/WhatsApp-Image-2020-11-08-at-15.47.19-1-300x169.jpeg 300w, https:\/\/atecordoba.org\/wp-content\/uploads\/2020\/11\/WhatsApp-Image-2020-11-08-at-15.47.19-1-1024x575.jpeg 1024w, https:\/\/atecordoba.org\/wp-content\/uploads\/2020\/11\/WhatsApp-Image-2020-11-08-at-15.47.19-1-768x431.jpeg 768w, https:\/\/atecordoba.org\/wp-content\/uploads\/2020\/11\/WhatsApp-Image-2020-11-08-at-15.47.19-1-750x421.jpeg 750w, https:\/\/atecordoba.org\/wp-content\/uploads\/2020\/11\/WhatsApp-Image-2020-11-08-at-15.47.19-1-1140x640.jpeg 1140w, https:\/\/atecordoba.org\/wp-content\/uploads\/2020\/11\/WhatsApp-Image-2020-11-08-at-15.47.19-1.jpeg 1280w\" sizes=\"auto, (max-width: 364px) 100vw, 364px\" \/><\/p>\n<p>Y agreg\u00f3: \u201cporque ATE tiene la personer\u00eda gremial N\u00ba 2, hay 95 a\u00f1os de historia en defensa de derechos de los estatales. Tenemos total legitimidad y legalidad para seguir siendo la alternativa para las y los municipales, como ya lo somos en decenas de comunas y municipios de la Provincia de C\u00f3rdoba\u201d.<\/p>\n<p>A su turno, Rodolfo Aguiar, secretario General Adjunto de ATE Nacional, salud\u00f3 a los presentes. &#8220;Vengo a saludar a las y los municipales que apuestan a organizarse en ATE y ven en nuestra organizaci\u00f3n sindical una herramienta para lograr las mejoras laborales que tanto necesitan. La fuerza y el empuje de este ATE C\u00f3rdoba no dejan de sorprendernos, vemos todo lo q est\u00e1n haciendo. Felicitamos la lucha que llevan adelante para devolverle la dignidad a uno de los sectores m\u00e1s postergados y a la representaci\u00f3n ya en decenas de localidades\u201d, areng\u00f3 Aguiar.<\/p>\n<p>Y recibi\u00f3 un aplauso general cuando finaliz\u00f3: \u201c\u00a1Vamos compa\u00f1eras, vamos compa\u00f1eros!\u201d<\/p>\n<p><img loading=\"lazy\" decoding=\"async\" class=\"size-medium wp-image-22927 alignleft\" src=\"https:\/\/atecordoba.org\/wp-content\/uploads\/2020\/11\/WhatsApp-Image-2020-11-08-at-15.47.18-1-300x217.jpeg\" alt=\"\" width=\"300\" height=\"217\" srcset=\"https:\/\/atecordoba.org\/wp-content\/uploads\/2020\/11\/WhatsApp-Image-2020-11-08-at-15.47.18-1-300x217.jpeg 300w, https:\/\/atecordoba.org\/wp-content\/uploads\/2020\/11\/WhatsApp-Image-2020-11-08-at-15.47.18-1-768x554.jpeg 768w, https:\/\/atecordoba.org\/wp-content\/uploads\/2020\/11\/WhatsApp-Image-2020-11-08-at-15.47.18-1-120x86.jpeg 120w, https:\/\/atecordoba.org\/wp-content\/uploads\/2020\/11\/WhatsApp-Image-2020-11-08-at-15.47.18-1-750x541.jpeg 750w, https:\/\/atecordoba.org\/wp-content\/uploads\/2020\/11\/WhatsApp-Image-2020-11-08-at-15.47.18-1.jpeg 992w\" sizes=\"auto, (max-width: 300px) 100vw, 300px\" \/>Estuvieron presentes por el CDP, adem\u00e1s de los citados, el secretario de Formaci\u00f3n, Cesar Theaux, la secretaria de Interior, Edith Innamorato, de Prensa y Comunicaci\u00f3n, Julia Giuliani, de Acci\u00f3n Social, la Proadministrativa, Gabriela Alcoba, De Actas, Mar\u00eda Sotti, y las vocales Celeste Mart\u00ednez y Agust\u00edn Bertone.<\/p>\n<p>Entre las localidades presentes se destacaron Chucul, Achiras, Las Albahacas, Adelia Mar\u00eda, Jovita, Bulnes, Alejandro Roca, Gigena, Baigorria, R\u00edo Cuarto, R\u00edo Tercero, Almafuerte, San Agust\u00edn, Villa Ciudad Del Parque, San Francisco, Tr\u00e1nsito, Freyre, Morteros, Cosqu\u00edn, Capilla del Monte, Ital\u00f3, Jes\u00fas Mar\u00eda, R\u00edo Ceballos, San Basilio, Saldan, Monte Cristo, Serrano y Devoto.<\/p>\n<p><strong>Intervenciones <\/strong><\/p>\n<p>Desde la Seccional ATE R\u00edo Tercero, su secretario General Dami\u00e1n Albornoz, acompa\u00f1ado por miembros de la comisi\u00f3n directiva y municipales de San Agust\u00edn, R\u00edo Tercero, Almafuerte y Villa Ciudad del Parque, manifest\u00f3 \u201cla alegr\u00eda de estar creciendo y de hoy estar d\u00e1ndole la bienvenida a las y los municipales de R\u00edo Tercero que se sienten parte de este proceso colectivo de organizaci\u00f3n y de lucha\u201d.<\/p>\n<p><img loading=\"lazy\" decoding=\"async\" class=\" wp-image-22928 aligncenter\" src=\"https:\/\/atecordoba.org\/wp-content\/uploads\/2020\/11\/WhatsApp-Image-2020-11-08-at-15.47.18-3-300x169.jpeg\" alt=\"\" width=\"600\" height=\"338\" srcset=\"https:\/\/atecordoba.org\/wp-content\/uploads\/2020\/11\/WhatsApp-Image-2020-11-08-at-15.47.18-3-300x169.jpeg 300w, https:\/\/atecordoba.org\/wp-content\/uploads\/2020\/11\/WhatsApp-Image-2020-11-08-at-15.47.18-3-1024x575.jpeg 1024w, https:\/\/atecordoba.org\/wp-content\/uploads\/2020\/11\/WhatsApp-Image-2020-11-08-at-15.47.18-3-768x431.jpeg 768w, https:\/\/atecordoba.org\/wp-content\/uploads\/2020\/11\/WhatsApp-Image-2020-11-08-at-15.47.18-3-750x421.jpeg 750w, https:\/\/atecordoba.org\/wp-content\/uploads\/2020\/11\/WhatsApp-Image-2020-11-08-at-15.47.18-3-1140x640.jpeg 1140w, https:\/\/atecordoba.org\/wp-content\/uploads\/2020\/11\/WhatsApp-Image-2020-11-08-at-15.47.18-3.jpeg 1280w\" sizes=\"auto, (max-width: 600px) 100vw, 600px\" \/><\/p>\n<p>Gladys Medina, referente de San Francisco de ATE \u00a0y destac\u00f3 el creciendo en cantidad de afiliadas y afiliados y en institucionalidad en el Departo de San Justo. &#8220;Tuvimos una fuerte intervenci\u00f3n en el Corral\u00f3n Municipal que nos permiti\u00f3 visibilizar las peticiones que venimos realizando ante el Departamento Ejecutivo de San Francisco. De esa manera logramos una mesa de di\u00e1logo para abordar los planes de emergencia, ejemplo de precarizaci\u00f3n laboral&#8221;, rese\u00f1\u00f3 Medina, al tiempo que describi\u00f3 la fuerte presencia que ATE va ganando en el este provincial.<\/p>\n<p>Rafaela Alcoba, secretaria General de ATE R\u00edo Cuarto y trabajadora municipal, marc\u00f3 \u201cel orgullo de ser municipal, de ser estatal, de poder crecer desde ATE en este sector en el que ahora esta gesti\u00f3n nos est\u00e1 dando el lugar que nos merecemos las y los municipales\u201d. Por otro lado Medina resalt\u00f3 la acci\u00f3n gremial que durante una semana se hizo en la ciudad de San Francisco, que comenz\u00f3 en el corral\u00f3n pero que se extendi\u00f3 en otras \u00e1reas, logrando as\u00ed, la visibilizaci\u00f3n del reclamo referido a los Planes de Emergencia. Ante esto, el Intendente convoc\u00f3 a ATE para escuchar las peticiones.<\/p>\n<p>\u201cATE es una trinchera de lucha y somos una opci\u00f3n real para las y los municipales, negociamos paritarias, realizamos asambleas y democratizamos cada \u00e1mbito para que las y los verdaderos protagonistas que son las y los trabajadores sean quienes decidan los rumbos de nuestro sindicato\u201d, remat\u00f3 Alcoba.<img loading=\"lazy\" decoding=\"async\" class=\" wp-image-22929 alignleft\" src=\"https:\/\/atecordoba.org\/wp-content\/uploads\/2020\/11\/WhatsApp-Image-2020-11-08-at-15.47.18-300x169.jpeg\" alt=\"\" width=\"378\" height=\"213\" srcset=\"https:\/\/atecordoba.org\/wp-content\/uploads\/2020\/11\/WhatsApp-Image-2020-11-08-at-15.47.18-300x169.jpeg 300w, https:\/\/atecordoba.org\/wp-content\/uploads\/2020\/11\/WhatsApp-Image-2020-11-08-at-15.47.18-1024x576.jpeg 1024w, https:\/\/atecordoba.org\/wp-content\/uploads\/2020\/11\/WhatsApp-Image-2020-11-08-at-15.47.18-768x432.jpeg 768w, https:\/\/atecordoba.org\/wp-content\/uploads\/2020\/11\/WhatsApp-Image-2020-11-08-at-15.47.18-750x422.jpeg 750w, https:\/\/atecordoba.org\/wp-content\/uploads\/2020\/11\/WhatsApp-Image-2020-11-08-at-15.47.18-1140x641.jpeg 1140w, https:\/\/atecordoba.org\/wp-content\/uploads\/2020\/11\/WhatsApp-Image-2020-11-08-at-15.47.18.jpeg 1280w\" sizes=\"auto, (max-width: 378px) 100vw, 378px\" \/><\/p>\n<p>Por su parte, el secretario General ATE Cruz del Eje, Daniel Allende, resalt\u00f3 la importancia de acompa\u00f1ar el proceso de las y los municipales en ATE. \u201cEsta seccional est\u00e1 llevando adelante una gran pelea en el municipio de Cosqu\u00edn, en donde las y los trabajadores han decidido democr\u00e1ticamente organizarse en ATE. Le decimos basta a la violencia institucional del intendente e invitamos a seguir construyendo ATE municipales ya que son la primera l\u00ednea de estatales\u201d.<\/p>\n<p>Tambi\u00e9n particip\u00f3 del debate el secretario General de ATE Adelia Mar\u00eda y trabajador municipal, Diego Villegas, que expres\u00f3 la alegr\u00eda de ver como ATE crece en toda la provincia \u201cgracias tambi\u00e9n al empuje nos da Federico desde el CDP. Seguimos discutiendo paritarias a la alta y en algunas localidades hemos logrado hasta el 40% de aumento\u201d, festej\u00f3.<\/p>\n<p><strong>Manual del delegado<\/strong><\/p>\n<p>Finalmente, y destacando la importancia de las instancias formativas, la secretaria de Prensa y Comunicaci\u00f3n de ATE C\u00f3rdoba, Julia Giuliani, present\u00f3 el manual de la y el delegado. \u201cCon la alegr\u00eda de ver los procesos y construcciones colectivas presentamos este manual de la y el delegado, que es una herramienta m\u00e1s para la lucha en defensa de las y los trabajadores. Quiero agradecer a cada compa\u00f1era y compa\u00f1ero que hizo su aporte y a las seccionales que le dieron cuerpo. En breve tendremos una instancia formativa referida al manual para seguir profundizando en capacitaci\u00f3n de nuestras y nuestros delegados\u201d.<\/p>\n<p>Cabe destacar que desde el CDP se hizo entrega de un presente a las y los municipales de Sierras Chicas, en tanto en Jes\u00fas Mar\u00eda los delegados realizaron un sorteo con premios aportados por la autogesti\u00f3n de las y los compa\u00f1eros. De la misma forma, cada seccional hizo un presente a sus afiliadas y afiliados.<\/p>\n<a href=\"https:\/\/atecordoba.org\/wp-content\/uploads\/2020\/11\/Cuadernillo-Municipales2.pdf\" class=\"pdfemb-viewer\" style=\"\" data-width=\"max\" data-height=\"max\" data-toolbar=\"bottom\" data-toolbar-fixed=\"off\">Cuadernillo Municipales2<\/a>\n<p style=\"text-align: center;\"><strong>Fotogaler\u00eda<\/strong><\/p>\n<div id='gallery_1' class='gallery galleryid-22923 gallery-columns-3 gallery-size-full'><figure class='gallery-item'>\n                <div class='gallery-icon portrait'>\n                    <a href='https:\/\/atecordoba.org\/wp-content\/uploads\/2020\/11\/WhatsApp-Image-2020-11-08-at-15.47.13-1.jpeg'><img loading=\"lazy\" decoding=\"async\" width=\"720\" height=\"1280\" src=\"\" class=\"attachment-full size-full lazyload\" alt=\"\" data-src=\"https:\/\/atecordoba.org\/wp-content\/uploads\/2020\/11\/WhatsApp-Image-2020-11-08-at-15.47.13-1.jpeg\" data-sizes=\"auto\" data-srcset=\"https:\/\/atecordoba.org\/wp-content\/uploads\/2020\/11\/WhatsApp-Image-2020-11-08-at-15.47.13-1.jpeg 720w, https:\/\/atecordoba.org\/wp-content\/uploads\/2020\/11\/WhatsApp-Image-2020-11-08-at-15.47.13-1-169x300.jpeg 169w, https:\/\/atecordoba.org\/wp-content\/uploads\/2020\/11\/WhatsApp-Image-2020-11-08-at-15.47.13-1-576x1024.jpeg 576w\" data-expand=\"700\" \/><\/a>\n                <\/div><\/figure><figure class='gallery-item'>\n                <div class='gallery-icon portrait'>\n                    <a href='https:\/\/atecordoba.org\/wp-content\/uploads\/2020\/11\/WhatsApp-Image-2020-11-08-at-15.47.13-2.jpeg'><img loading=\"lazy\" decoding=\"async\" width=\"581\" height=\"1032\" src=\"\" class=\"attachment-full size-full lazyload\" alt=\"\" data-src=\"https:\/\/atecordoba.org\/wp-content\/uploads\/2020\/11\/WhatsApp-Image-2020-11-08-at-15.47.13-2.jpeg\" data-sizes=\"auto\" data-srcset=\"https:\/\/atecordoba.org\/wp-content\/uploads\/2020\/11\/WhatsApp-Image-2020-11-08-at-15.47.13-2.jpeg 581w, https:\/\/atecordoba.org\/wp-content\/uploads\/2020\/11\/WhatsApp-Image-2020-11-08-at-15.47.13-2-169x300.jpeg 169w, https:\/\/atecordoba.org\/wp-content\/uploads\/2020\/11\/WhatsApp-Image-2020-11-08-at-15.47.13-2-576x1024.jpeg 576w\" data-expand=\"700\" \/><\/a>\n                <\/div><\/figure><figure class='gallery-item'>\n                <div class='gallery-icon portrait'>\n                    <a href='https:\/\/atecordoba.org\/wp-content\/uploads\/2020\/11\/WhatsApp-Image-2020-11-08-at-15.47.14.jpeg'><img loading=\"lazy\" decoding=\"async\" width=\"784\" height=\"1056\" src=\"\" class=\"attachment-full size-full lazyload\" alt=\"\" data-src=\"https:\/\/atecordoba.org\/wp-content\/uploads\/2020\/11\/WhatsApp-Image-2020-11-08-at-15.47.14.jpeg\" data-sizes=\"auto\" data-srcset=\"https:\/\/atecordoba.org\/wp-content\/uploads\/2020\/11\/WhatsApp-Image-2020-11-08-at-15.47.14.jpeg 784w, https:\/\/atecordoba.org\/wp-content\/uploads\/2020\/11\/WhatsApp-Image-2020-11-08-at-15.47.14-223x300.jpeg 223w, https:\/\/atecordoba.org\/wp-content\/uploads\/2020\/11\/WhatsApp-Image-2020-11-08-at-15.47.14-760x1024.jpeg 760w, https:\/\/atecordoba.org\/wp-content\/uploads\/2020\/11\/WhatsApp-Image-2020-11-08-at-15.47.14-768x1034.jpeg 768w, https:\/\/atecordoba.org\/wp-content\/uploads\/2020\/11\/WhatsApp-Image-2020-11-08-at-15.47.14-750x1010.jpeg 750w\" data-expand=\"700\" \/><\/a>\n                <\/div><\/figure><br style=\"clear: both\" \/><figure class='gallery-item'>\n                <div class='gallery-icon landscape'>\n                    <a href='https:\/\/atecordoba.org\/wp-content\/uploads\/2020\/11\/WhatsApp-Image-2020-11-08-at-15.47.15-1.jpeg'><img loading=\"lazy\" decoding=\"async\" width=\"1280\" height=\"960\" src=\"\" class=\"attachment-full size-full lazyload\" alt=\"\" data-src=\"https:\/\/atecordoba.org\/wp-content\/uploads\/2020\/11\/WhatsApp-Image-2020-11-08-at-15.47.15-1.jpeg\" data-sizes=\"auto\" data-srcset=\"https:\/\/atecordoba.org\/wp-content\/uploads\/2020\/11\/WhatsApp-Image-2020-11-08-at-15.47.15-1.jpeg 1280w, https:\/\/atecordoba.org\/wp-content\/uploads\/2020\/11\/WhatsApp-Image-2020-11-08-at-15.47.15-1-300x225.jpeg 300w, https:\/\/atecordoba.org\/wp-content\/uploads\/2020\/11\/WhatsApp-Image-2020-11-08-at-15.47.15-1-1024x768.jpeg 1024w, https:\/\/atecordoba.org\/wp-content\/uploads\/2020\/11\/WhatsApp-Image-2020-11-08-at-15.47.15-1-768x576.jpeg 768w, https:\/\/atecordoba.org\/wp-content\/uploads\/2020\/11\/WhatsApp-Image-2020-11-08-at-15.47.15-1-750x563.jpeg 750w, https:\/\/atecordoba.org\/wp-content\/uploads\/2020\/11\/WhatsApp-Image-2020-11-08-at-15.47.15-1-1140x855.jpeg 1140w\" data-expand=\"700\" \/><\/a>\n                <\/div><\/figure><figure class='gallery-item'>\n                <div class='gallery-icon landscape'>\n                    <a href='https:\/\/atecordoba.org\/wp-content\/uploads\/2020\/11\/WhatsApp-Image-2020-11-08-at-15.47.15-2.jpeg'><img loading=\"lazy\" decoding=\"async\" width=\"1280\" height=\"960\" src=\"\" class=\"attachment-full size-full lazyload\" alt=\"\" data-src=\"https:\/\/atecordoba.org\/wp-content\/uploads\/2020\/11\/WhatsApp-Image-2020-11-08-at-15.47.15-2.jpeg\" data-sizes=\"auto\" data-srcset=\"https:\/\/atecordoba.org\/wp-content\/uploads\/2020\/11\/WhatsApp-Image-2020-11-08-at-15.47.15-2.jpeg 1280w, https:\/\/atecordoba.org\/wp-content\/uploads\/2020\/11\/WhatsApp-Image-2020-11-08-at-15.47.15-2-300x225.jpeg 300w, https:\/\/atecordoba.org\/wp-content\/uploads\/2020\/11\/WhatsApp-Image-2020-11-08-at-15.47.15-2-1024x768.jpeg 1024w, https:\/\/atecordoba.org\/wp-content\/uploads\/2020\/11\/WhatsApp-Image-2020-11-08-at-15.47.15-2-768x576.jpeg 768w, https:\/\/atecordoba.org\/wp-content\/uploads\/2020\/11\/WhatsApp-Image-2020-11-08-at-15.47.15-2-750x563.jpeg 750w, https:\/\/atecordoba.org\/wp-content\/uploads\/2020\/11\/WhatsApp-Image-2020-11-08-at-15.47.15-2-1140x855.jpeg 1140w\" data-expand=\"700\" \/><\/a>\n                <\/div><\/figure><figure class='gallery-item'>\n                <div class='gallery-icon portrait'>\n                    <a href='https:\/\/atecordoba.org\/wp-content\/uploads\/2020\/11\/WhatsApp-Image-2020-11-08-at-15.47.15.jpeg'><img loading=\"lazy\" decoding=\"async\" width=\"960\" height=\"1280\" src=\"\" class=\"attachment-full size-full lazyload\" alt=\"\" data-src=\"https:\/\/atecordoba.org\/wp-content\/uploads\/2020\/11\/WhatsApp-Image-2020-11-08-at-15.47.15.jpeg\" data-sizes=\"auto\" data-srcset=\"https:\/\/atecordoba.org\/wp-content\/uploads\/2020\/11\/WhatsApp-Image-2020-11-08-at-15.47.15.jpeg 960w, https:\/\/atecordoba.org\/wp-content\/uploads\/2020\/11\/WhatsApp-Image-2020-11-08-at-15.47.15-225x300.jpeg 225w, https:\/\/atecordoba.org\/wp-content\/uploads\/2020\/11\/WhatsApp-Image-2020-11-08-at-15.47.15-768x1024.jpeg 768w, https:\/\/atecordoba.org\/wp-content\/uploads\/2020\/11\/WhatsApp-Image-2020-11-08-at-15.47.15-750x1000.jpeg 750w\" data-expand=\"700\" \/><\/a>\n                <\/div><\/figure><br style=\"clear: both\" \/><figure class='gallery-item'>\n                <div class='gallery-icon portrait'>\n                    <a href='https:\/\/atecordoba.org\/wp-content\/uploads\/2020\/11\/WhatsApp-Image-2020-11-08-at-15.47.16-1.jpeg'><img loading=\"lazy\" decoding=\"async\" width=\"622\" height=\"1280\" src=\"\" class=\"attachment-full size-full lazyload\" alt=\"\" data-src=\"https:\/\/atecordoba.org\/wp-content\/uploads\/2020\/11\/WhatsApp-Image-2020-11-08-at-15.47.16-1.jpeg\" data-sizes=\"auto\" data-srcset=\"https:\/\/atecordoba.org\/wp-content\/uploads\/2020\/11\/WhatsApp-Image-2020-11-08-at-15.47.16-1.jpeg 622w, https:\/\/atecordoba.org\/wp-content\/uploads\/2020\/11\/WhatsApp-Image-2020-11-08-at-15.47.16-1-146x300.jpeg 146w, https:\/\/atecordoba.org\/wp-content\/uploads\/2020\/11\/WhatsApp-Image-2020-11-08-at-15.47.16-1-498x1024.jpeg 498w\" data-expand=\"700\" \/><\/a>\n                <\/div><\/figure><figure class='gallery-item'>\n                <div class='gallery-icon portrait'>\n                    <a href='https:\/\/atecordoba.org\/wp-content\/uploads\/2020\/11\/WhatsApp-Image-2020-11-08-at-15.47.16-2.jpeg'><img loading=\"lazy\" decoding=\"async\" width=\"622\" height=\"1280\" src=\"\" class=\"attachment-full size-full lazyload\" alt=\"\" data-src=\"https:\/\/atecordoba.org\/wp-content\/uploads\/2020\/11\/WhatsApp-Image-2020-11-08-at-15.47.16-2.jpeg\" data-sizes=\"auto\" data-srcset=\"https:\/\/atecordoba.org\/wp-content\/uploads\/2020\/11\/WhatsApp-Image-2020-11-08-at-15.47.16-2.jpeg 622w, https:\/\/atecordoba.org\/wp-content\/uploads\/2020\/11\/WhatsApp-Image-2020-11-08-at-15.47.16-2-146x300.jpeg 146w, https:\/\/atecordoba.org\/wp-content\/uploads\/2020\/11\/WhatsApp-Image-2020-11-08-at-15.47.16-2-498x1024.jpeg 498w\" data-expand=\"700\" \/><\/a>\n                <\/div><\/figure><figure class='gallery-item'>\n                <div class='gallery-icon portrait'>\n                    <a href='https:\/\/atecordoba.org\/wp-content\/uploads\/2020\/11\/WhatsApp-Image-2020-11-08-at-15.47.16-3.jpeg'><img loading=\"lazy\" decoding=\"async\" width=\"622\" height=\"1280\" src=\"\" class=\"attachment-full size-full lazyload\" alt=\"\" data-src=\"https:\/\/atecordoba.org\/wp-content\/uploads\/2020\/11\/WhatsApp-Image-2020-11-08-at-15.47.16-3.jpeg\" data-sizes=\"auto\" data-srcset=\"https:\/\/atecordoba.org\/wp-content\/uploads\/2020\/11\/WhatsApp-Image-2020-11-08-at-15.47.16-3.jpeg 622w, https:\/\/atecordoba.org\/wp-content\/uploads\/2020\/11\/WhatsApp-Image-2020-11-08-at-15.47.16-3-146x300.jpeg 146w, https:\/\/atecordoba.org\/wp-content\/uploads\/2020\/11\/WhatsApp-Image-2020-11-08-at-15.47.16-3-498x1024.jpeg 498w\" data-expand=\"700\" \/><\/a>\n                <\/div><\/figure><br style=\"clear: both\" \/><figure class='gallery-item'>\n                <div class='gallery-icon portrait'>\n                    <a href='https:\/\/atecordoba.org\/wp-content\/uploads\/2020\/11\/WhatsApp-Image-2020-11-08-at-15.47.16.jpeg'><img loading=\"lazy\" decoding=\"async\" width=\"622\" height=\"1280\" src=\"\" class=\"attachment-full size-full lazyload\" alt=\"\" data-src=\"https:\/\/atecordoba.org\/wp-content\/uploads\/2020\/11\/WhatsApp-Image-2020-11-08-at-15.47.16.jpeg\" data-sizes=\"auto\" data-srcset=\"https:\/\/atecordoba.org\/wp-content\/uploads\/2020\/11\/WhatsApp-Image-2020-11-08-at-15.47.16.jpeg 622w, https:\/\/atecordoba.org\/wp-content\/uploads\/2020\/11\/WhatsApp-Image-2020-11-08-at-15.47.16-146x300.jpeg 146w, https:\/\/atecordoba.org\/wp-content\/uploads\/2020\/11\/WhatsApp-Image-2020-11-08-at-15.47.16-498x1024.jpeg 498w\" data-expand=\"700\" \/><\/a>\n                <\/div><\/figure><figure class='gallery-item'>\n                <div class='gallery-icon portrait'>\n                    <a href='https:\/\/atecordoba.org\/wp-content\/uploads\/2020\/11\/WhatsApp-Image-2020-11-08-at-15.47.17-1.jpeg'><img loading=\"lazy\" decoding=\"async\" width=\"622\" height=\"1280\" src=\"\" class=\"attachment-full size-full lazyload\" alt=\"\" data-src=\"https:\/\/atecordoba.org\/wp-content\/uploads\/2020\/11\/WhatsApp-Image-2020-11-08-at-15.47.17-1.jpeg\" data-sizes=\"auto\" data-srcset=\"https:\/\/atecordoba.org\/wp-content\/uploads\/2020\/11\/WhatsApp-Image-2020-11-08-at-15.47.17-1.jpeg 622w, https:\/\/atecordoba.org\/wp-content\/uploads\/2020\/11\/WhatsApp-Image-2020-11-08-at-15.47.17-1-146x300.jpeg 146w, https:\/\/atecordoba.org\/wp-content\/uploads\/2020\/11\/WhatsApp-Image-2020-11-08-at-15.47.17-1-498x1024.jpeg 498w\" data-expand=\"700\" \/><\/a>\n                <\/div><\/figure><figure class='gallery-item'>\n                <div class='gallery-icon landscape'>\n                    <a href='https:\/\/atecordoba.org\/wp-content\/uploads\/2020\/11\/WhatsApp-Image-2020-11-08-at-15.47.17-2.jpeg'><img loading=\"lazy\" decoding=\"async\" width=\"1032\" height=\"774\" src=\"\" class=\"attachment-full size-full lazyload\" alt=\"\" data-src=\"https:\/\/atecordoba.org\/wp-content\/uploads\/2020\/11\/WhatsApp-Image-2020-11-08-at-15.47.17-2.jpeg\" data-sizes=\"auto\" data-srcset=\"https:\/\/atecordoba.org\/wp-content\/uploads\/2020\/11\/WhatsApp-Image-2020-11-08-at-15.47.17-2.jpeg 1032w, https:\/\/atecordoba.org\/wp-content\/uploads\/2020\/11\/WhatsApp-Image-2020-11-08-at-15.47.17-2-300x225.jpeg 300w, https:\/\/atecordoba.org\/wp-content\/uploads\/2020\/11\/WhatsApp-Image-2020-11-08-at-15.47.17-2-1024x768.jpeg 1024w, https:\/\/atecordoba.org\/wp-content\/uploads\/2020\/11\/WhatsApp-Image-2020-11-08-at-15.47.17-2-768x576.jpeg 768w, https:\/\/atecordoba.org\/wp-content\/uploads\/2020\/11\/WhatsApp-Image-2020-11-08-at-15.47.17-2-750x563.jpeg 750w\" data-expand=\"700\" \/><\/a>\n                <\/div><\/figure><br style=\"clear: both\" \/><figure class='gallery-item'>\n                <div class='gallery-icon landscape'>\n                    <a href='https:\/\/atecordoba.org\/wp-content\/uploads\/2020\/11\/WhatsApp-Image-2020-11-08-at-15.47.17-3.jpeg'><img loading=\"lazy\" decoding=\"async\" width=\"1032\" height=\"774\" src=\"\" class=\"attachment-full size-full lazyload\" alt=\"\" data-src=\"https:\/\/atecordoba.org\/wp-content\/uploads\/2020\/11\/WhatsApp-Image-2020-11-08-at-15.47.17-3.jpeg\" data-sizes=\"auto\" data-srcset=\"https:\/\/atecordoba.org\/wp-content\/uploads\/2020\/11\/WhatsApp-Image-2020-11-08-at-15.47.17-3.jpeg 1032w, https:\/\/atecordoba.org\/wp-content\/uploads\/2020\/11\/WhatsApp-Image-2020-11-08-at-15.47.17-3-300x225.jpeg 300w, https:\/\/atecordoba.org\/wp-content\/uploads\/2020\/11\/WhatsApp-Image-2020-11-08-at-15.47.17-3-1024x768.jpeg 1024w, https:\/\/atecordoba.org\/wp-content\/uploads\/2020\/11\/WhatsApp-Image-2020-11-08-at-15.47.17-3-768x576.jpeg 768w, https:\/\/atecordoba.org\/wp-content\/uploads\/2020\/11\/WhatsApp-Image-2020-11-08-at-15.47.17-3-750x563.jpeg 750w\" data-expand=\"700\" \/><\/a>\n                <\/div><\/figure><figure class='gallery-item'>\n                <div class='gallery-icon portrait'>\n                    <a href='https:\/\/atecordoba.org\/wp-content\/uploads\/2020\/11\/WhatsApp-Image-2020-11-08-at-15.47.17.jpeg'><img loading=\"lazy\" decoding=\"async\" width=\"622\" height=\"1280\" src=\"\" class=\"attachment-full size-full lazyload\" alt=\"\" data-src=\"https:\/\/atecordoba.org\/wp-content\/uploads\/2020\/11\/WhatsApp-Image-2020-11-08-at-15.47.17.jpeg\" data-sizes=\"auto\" data-srcset=\"https:\/\/atecordoba.org\/wp-content\/uploads\/2020\/11\/WhatsApp-Image-2020-11-08-at-15.47.17.jpeg 622w, https:\/\/atecordoba.org\/wp-content\/uploads\/2020\/11\/WhatsApp-Image-2020-11-08-at-15.47.17-146x300.jpeg 146w, https:\/\/atecordoba.org\/wp-content\/uploads\/2020\/11\/WhatsApp-Image-2020-11-08-at-15.47.17-498x1024.jpeg 498w\" data-expand=\"700\" \/><\/a>\n                <\/div><\/figure><figure class='gallery-item'>\n                <div class='gallery-icon landscape'>\n                    <a href='https:\/\/atecordoba.org\/wp-content\/uploads\/2020\/11\/WhatsApp-Image-2020-11-08-at-15.47.18-2.jpeg'><img loading=\"lazy\" decoding=\"async\" width=\"1280\" height=\"719\" src=\"\" class=\"attachment-full size-full lazyload\" alt=\"\" data-src=\"https:\/\/atecordoba.org\/wp-content\/uploads\/2020\/11\/WhatsApp-Image-2020-11-08-at-15.47.18-2.jpeg\" data-sizes=\"auto\" data-srcset=\"https:\/\/atecordoba.org\/wp-content\/uploads\/2020\/11\/WhatsApp-Image-2020-11-08-at-15.47.18-2.jpeg 1280w, https:\/\/atecordoba.org\/wp-content\/uploads\/2020\/11\/WhatsApp-Image-2020-11-08-at-15.47.18-2-300x169.jpeg 300w, https:\/\/atecordoba.org\/wp-content\/uploads\/2020\/11\/WhatsApp-Image-2020-11-08-at-15.47.18-2-1024x575.jpeg 1024w, https:\/\/atecordoba.org\/wp-content\/uploads\/2020\/11\/WhatsApp-Image-2020-11-08-at-15.47.18-2-768x431.jpeg 768w, https:\/\/atecordoba.org\/wp-content\/uploads\/2020\/11\/WhatsApp-Image-2020-11-08-at-15.47.18-2-750x421.jpeg 750w, https:\/\/atecordoba.org\/wp-content\/uploads\/2020\/11\/WhatsApp-Image-2020-11-08-at-15.47.18-2-1140x640.jpeg 1140w\" data-expand=\"700\" \/><\/a>\n                <\/div><\/figure><br style=\"clear: both\" \/><figure class='gallery-item'>\n                <div class='gallery-icon landscape'>\n                    <a href='https:\/\/atecordoba.org\/wp-content\/uploads\/2020\/11\/WhatsApp-Image-2020-11-08-at-15.47.18-3-1.jpeg'><img loading=\"lazy\" decoding=\"async\" width=\"1280\" height=\"719\" src=\"\" class=\"attachment-full size-full lazyload\" alt=\"\" data-src=\"https:\/\/atecordoba.org\/wp-content\/uploads\/2020\/11\/WhatsApp-Image-2020-11-08-at-15.47.18-3-1.jpeg\" data-sizes=\"auto\" data-srcset=\"https:\/\/atecordoba.org\/wp-content\/uploads\/2020\/11\/WhatsApp-Image-2020-11-08-at-15.47.18-3-1.jpeg 1280w, https:\/\/atecordoba.org\/wp-content\/uploads\/2020\/11\/WhatsApp-Image-2020-11-08-at-15.47.18-3-1-300x169.jpeg 300w, https:\/\/atecordoba.org\/wp-content\/uploads\/2020\/11\/WhatsApp-Image-2020-11-08-at-15.47.18-3-1-1024x575.jpeg 1024w, https:\/\/atecordoba.org\/wp-content\/uploads\/2020\/11\/WhatsApp-Image-2020-11-08-at-15.47.18-3-1-768x431.jpeg 768w, https:\/\/atecordoba.org\/wp-content\/uploads\/2020\/11\/WhatsApp-Image-2020-11-08-at-15.47.18-3-1-750x421.jpeg 750w, https:\/\/atecordoba.org\/wp-content\/uploads\/2020\/11\/WhatsApp-Image-2020-11-08-at-15.47.18-3-1-1140x640.jpeg 1140w\" data-expand=\"700\" \/><\/a>\n                <\/div><\/figure><figure class='gallery-item'>\n                <div class='gallery-icon landscape'>\n                    <a href='https:\/\/atecordoba.org\/wp-content\/uploads\/2020\/11\/WhatsApp-Image-2020-11-08-at-15.47.19-2-1.jpeg'><img loading=\"lazy\" decoding=\"async\" width=\"1280\" height=\"719\" src=\"\" class=\"attachment-full size-full lazyload\" alt=\"\" data-src=\"https:\/\/atecordoba.org\/wp-content\/uploads\/2020\/11\/WhatsApp-Image-2020-11-08-at-15.47.19-2-1.jpeg\" data-sizes=\"auto\" data-srcset=\"https:\/\/atecordoba.org\/wp-content\/uploads\/2020\/11\/WhatsApp-Image-2020-11-08-at-15.47.19-2-1.jpeg 1280w, https:\/\/atecordoba.org\/wp-content\/uploads\/2020\/11\/WhatsApp-Image-2020-11-08-at-15.47.19-2-1-300x169.jpeg 300w, https:\/\/atecordoba.org\/wp-content\/uploads\/2020\/11\/WhatsApp-Image-2020-11-08-at-15.47.19-2-1-1024x575.jpeg 1024w, https:\/\/atecordoba.org\/wp-content\/uploads\/2020\/11\/WhatsApp-Image-2020-11-08-at-15.47.19-2-1-768x431.jpeg 768w, https:\/\/atecordoba.org\/wp-content\/uploads\/2020\/11\/WhatsApp-Image-2020-11-08-at-15.47.19-2-1-750x421.jpeg 750w, https:\/\/atecordoba.org\/wp-content\/uploads\/2020\/11\/WhatsApp-Image-2020-11-08-at-15.47.19-2-1-1140x640.jpeg 1140w\" data-expand=\"700\" \/><\/a>\n                <\/div><\/figure><figure class='gallery-item'>\n                <div class='gallery-icon landscape'>\n                    <a href='https:\/\/atecordoba.org\/wp-content\/uploads\/2020\/11\/WhatsApp-Image-2020-11-08-at-15.47.19-3.jpeg'><img loading=\"lazy\" decoding=\"async\" width=\"1280\" height=\"719\" src=\"\" class=\"attachment-full size-full lazyload\" alt=\"\" data-src=\"https:\/\/atecordoba.org\/wp-content\/uploads\/2020\/11\/WhatsApp-Image-2020-11-08-at-15.47.19-3.jpeg\" data-sizes=\"auto\" data-srcset=\"https:\/\/atecordoba.org\/wp-content\/uploads\/2020\/11\/WhatsApp-Image-2020-11-08-at-15.47.19-3.jpeg 1280w, https:\/\/atecordoba.org\/wp-content\/uploads\/2020\/11\/WhatsApp-Image-2020-11-08-at-15.47.19-3-300x169.jpeg 300w, https:\/\/atecordoba.org\/wp-content\/uploads\/2020\/11\/WhatsApp-Image-2020-11-08-at-15.47.19-3-1024x575.jpeg 1024w, https:\/\/atecordoba.org\/wp-content\/uploads\/2020\/11\/WhatsApp-Image-2020-11-08-at-15.47.19-3-768x431.jpeg 768w, https:\/\/atecordoba.org\/wp-content\/uploads\/2020\/11\/WhatsApp-Image-2020-11-08-at-15.47.19-3-750x421.jpeg 750w, https:\/\/atecordoba.org\/wp-content\/uploads\/2020\/11\/WhatsApp-Image-2020-11-08-at-15.47.19-3-1140x640.jpeg 1140w\" data-expand=\"700\" \/><\/a>\n                <\/div><\/figure><br style=\"clear: both\" \/><figure class='gallery-item'>\n                <div class='gallery-icon landscape'>\n                    <a href='https:\/\/atecordoba.org\/wp-content\/uploads\/2020\/11\/WhatsApp-Image-2020-11-08-at-15.47.19.jpeg'><img loading=\"lazy\" decoding=\"async\" width=\"1280\" height=\"719\" src=\"\" class=\"attachment-full size-full lazyload\" alt=\"\" data-src=\"https:\/\/atecordoba.org\/wp-content\/uploads\/2020\/11\/WhatsApp-Image-2020-11-08-at-15.47.19.jpeg\" data-sizes=\"auto\" data-srcset=\"https:\/\/atecordoba.org\/wp-content\/uploads\/2020\/11\/WhatsApp-Image-2020-11-08-at-15.47.19.jpeg 1280w, https:\/\/atecordoba.org\/wp-content\/uploads\/2020\/11\/WhatsApp-Image-2020-11-08-at-15.47.19-300x169.jpeg 300w, https:\/\/atecordoba.org\/wp-content\/uploads\/2020\/11\/WhatsApp-Image-2020-11-08-at-15.47.19-1024x575.jpeg 1024w, https:\/\/atecordoba.org\/wp-content\/uploads\/2020\/11\/WhatsApp-Image-2020-11-08-at-15.47.19-768x431.jpeg 768w, https:\/\/atecordoba.org\/wp-content\/uploads\/2020\/11\/WhatsApp-Image-2020-11-08-at-15.47.19-750x421.jpeg 750w, https:\/\/atecordoba.org\/wp-content\/uploads\/2020\/11\/WhatsApp-Image-2020-11-08-at-15.47.19-1140x640.jpeg 1140w\" data-expand=\"700\" \/><\/a>\n                <\/div><\/figure><figure class='gallery-item'>\n                <div class='gallery-icon portrait'>\n                    <a href='https:\/\/atecordoba.org\/wp-content\/uploads\/2020\/11\/WhatsApp-Image-2020-11-08-at-15.47.20-1.jpeg'><img loading=\"lazy\" decoding=\"async\" width=\"1098\" height=\"1261\" src=\"\" class=\"attachment-full size-full lazyload\" alt=\"\" data-src=\"https:\/\/atecordoba.org\/wp-content\/uploads\/2020\/11\/WhatsApp-Image-2020-11-08-at-15.47.20-1.jpeg\" data-sizes=\"auto\" data-srcset=\"https:\/\/atecordoba.org\/wp-content\/uploads\/2020\/11\/WhatsApp-Image-2020-11-08-at-15.47.20-1.jpeg 1098w, https:\/\/atecordoba.org\/wp-content\/uploads\/2020\/11\/WhatsApp-Image-2020-11-08-at-15.47.20-1-261x300.jpeg 261w, https:\/\/atecordoba.org\/wp-content\/uploads\/2020\/11\/WhatsApp-Image-2020-11-08-at-15.47.20-1-892x1024.jpeg 892w, https:\/\/atecordoba.org\/wp-content\/uploads\/2020\/11\/WhatsApp-Image-2020-11-08-at-15.47.20-1-768x882.jpeg 768w, https:\/\/atecordoba.org\/wp-content\/uploads\/2020\/11\/WhatsApp-Image-2020-11-08-at-15.47.20-1-750x861.jpeg 750w\" data-expand=\"700\" \/><\/a>\n                <\/div><\/figure><figure class='gallery-item'>\n                <div class='gallery-icon landscape'>\n                    <a href='https:\/\/atecordoba.org\/wp-content\/uploads\/2020\/11\/WhatsApp-Image-2020-11-08-at-15.47.20-2-rotated.jpeg'><img loading=\"lazy\" decoding=\"async\" width=\"1280\" height=\"720\" src=\"\" class=\"attachment-full size-full lazyload\" alt=\"\" data-src=\"https:\/\/atecordoba.org\/wp-content\/uploads\/2020\/11\/WhatsApp-Image-2020-11-08-at-15.47.20-2-rotated.jpeg\" data-sizes=\"auto\" data-srcset=\"https:\/\/atecordoba.org\/wp-content\/uploads\/2020\/11\/WhatsApp-Image-2020-11-08-at-15.47.20-2-rotated.jpeg 1280w, https:\/\/atecordoba.org\/wp-content\/uploads\/2020\/11\/WhatsApp-Image-2020-11-08-at-15.47.20-2-300x169.jpeg 300w, https:\/\/atecordoba.org\/wp-content\/uploads\/2020\/11\/WhatsApp-Image-2020-11-08-at-15.47.20-2-1024x576.jpeg 1024w, https:\/\/atecordoba.org\/wp-content\/uploads\/2020\/11\/WhatsApp-Image-2020-11-08-at-15.47.20-2-768x432.jpeg 768w, https:\/\/atecordoba.org\/wp-content\/uploads\/2020\/11\/WhatsApp-Image-2020-11-08-at-15.47.20-2-750x422.jpeg 750w, https:\/\/atecordoba.org\/wp-content\/uploads\/2020\/11\/WhatsApp-Image-2020-11-08-at-15.47.20-2-1140x641.jpeg 1140w\" data-expand=\"700\" \/><\/a>\n                <\/div><\/figure><br style=\"clear: both\" \/>\n            <\/div>\n\n","protected":false},"excerpt":{"rendered":"<p>El pasado viernes 6 de noviembre, en el marco del D\u00eda de la y el Trabajador Municipal, el Consejo Directivo Provincial ATE C\u00f3rdoba realiz\u00f3 un plenario virtual abierto a trabajadoras y trabajadores municipales, con el objetivo de profundizar la instancia organizativa del sector, debido al crecimiento de afiliaciones en el sector en distintas regiones del [&hellip;]<\/p>\n","protected":false},"author":7,"featured_media":22935,"comment_status":"open","ping_status":"open","sticky":true,"template":"","format":"standard","meta":{"_exactmetrics_skip_tracking":false,"_exactmetrics_sitenote_active":false,"_exactmetrics_sitenote_note":"","_exactmetrics_sitenote_category":0,"jnews-multi-image_gallery":[],"jnews_single_post":{"source_name":"","source_url":"","via_name":"","via_url":"","override_template":"0","override":[{"template":"1","single_blog_custom":"","parallax":"1","fullscreen":"0","layout":"right-sidebar","sidebar":"default-sidebar","second_sidebar":"default-sidebar","sticky_sidebar":"1","share_position":"top","share_float_style":"share-monocrhome","show_share_counter":"1","show_view_counter":"1","show_featured":"1","show_post_meta":"1","show_post_author":"1","show_post_author_image":"1","show_post_date":"1","post_date_format":"default","post_date_format_custom":"Y\/m\/d","show_post_category":"1","show_post_reading_time":"0","post_reading_time_wpm":"300","show_zoom_button":"0","zoom_button_out_step":"2","zoom_button_in_step":"3","show_post_tag":"1","show_prev_next_post":"1","show_popup_post":"1","number_popup_post":"1","show_author_box":"0","show_post_related":"0","show_inline_post_related":"0"}],"override_image_size":"0","image_override":[{"single_post_thumbnail_size":"crop-500","single_post_gallery_size":"crop-500"}],"trending_post":"0","trending_post_position":"meta","trending_post_label":"Trending","sponsored_post":"0","sponsored_post_label":"Sponsored by","sponsored_post_name":"","sponsored_post_url":"","sponsored_post_logo_enable":"0","sponsored_post_logo":"","sponsored_post_desc":""},"jnews_primary_category":{"id":""},"jnews_social_meta":{"fb_title":"","fb_description":"","fb_image":"","twitter_title":"","twitter_description":"","twitter_image":""},"jnews_review":[],"enable_review":"0","type":"percentage","name":"","summary":"","brand":"","sku":"","good":[{"good_text":""}],"bad":[{"bad_text":""}],"score_override":"","override_value":"","rating":[{"rating_text":"","rating_number":"10"}],"price":[{"shop":"","price":"","link":"","icon":""}],"jnews_override_counter":{"override_view_counter":"0","view_counter_number":"0","override_share_counter":"0","share_counter_number":"0","override_like_counter":"0","like_counter_number":"0","override_dislike_counter":"0","dislike_counter_number":"0"},"jnews_post_split":{"enable_post_split":"0","post_split":[{"template":"1","tag":"h2","numbering":"asc","mode":"normal"}]},"footnotes":""},"categories":[341,20],"tags":[671],"class_list":["post-22923","post","type-post","status-publish","format-standard","has-post-thumbnail","hentry","category-cdp","category-municipales","tag-plenario-municipales"],"jetpack_featured_media_url":"https:\/\/atecordoba.org\/wp-content\/uploads\/2020\/11\/WhatsApp-Image-2020-11-08-at-15.47.14-1.jpeg","_links":{"self":[{"href":"https:\/\/atecordoba.org\/index.php?rest_route=\/wp\/v2\/posts\/22923","targetHints":{"allow":["GET"]}}],"collection":[{"href":"https:\/\/atecordoba.org\/index.php?rest_route=\/wp\/v2\/posts"}],"about":[{"href":"https:\/\/atecordoba.org\/index.php?rest_route=\/wp\/v2\/types\/post"}],"author":[{"embeddable":true,"href":"https:\/\/atecordoba.org\/index.php?rest_route=\/wp\/v2\/users\/7"}],"replies":[{"embeddable":true,"href":"https:\/\/atecordoba.org\/index.php?rest_route=%2Fwp%2Fv2%2Fcomments&post=22923"}],"version-history":[{"count":5,"href":"https:\/\/atecordoba.org\/index.php?rest_route=\/wp\/v2\/posts\/22923\/revisions"}],"predecessor-version":[{"id":22968,"href":"https:\/\/atecordoba.org\/index.php?rest_route=\/wp\/v2\/posts\/22923\/revisions\/22968"}],"wp:featuredmedia":[{"embeddable":true,"href":"https:\/\/atecordoba.org\/index.php?rest_route=\/wp\/v2\/media\/22935"}],"wp:attachment":[{"href":"https:\/\/atecordoba.org\/index.php?rest_route=%2Fwp%2Fv2%2Fmedia&parent=22923"}],"wp:term":[{"taxonomy":"category","embeddable":true,"href":"https:\/\/atecordoba.org\/index.php?rest_route=%2Fwp%2Fv2%2Fcategories&post=22923"},{"taxonomy":"post_tag","embeddable":true,"href":"https:\/\/atecordoba.org\/index.php?rest_route=%2Fwp%2Fv2%2Ftags&post=22923"}],"curies":[{"name":"wp","href":"https:\/\/api.w.org\/{rel}","templated":true}]}}