{"id":22916,"date":"2020-11-09T08:57:28","date_gmt":"2020-11-09T11:57:28","guid":{"rendered":"https:\/\/atecordoba.org\/?p=22916"},"modified":"2020-11-09T08:57:53","modified_gmt":"2020-11-09T11:57:53","slug":"taller-de-salud-laboral-para-las-y-los-provinciales","status":"publish","type":"post","link":"https:\/\/atecordoba.org\/?p=22916","title":{"rendered":"Taller de Salud laboral para las y los provinciales"},"content":{"rendered":"<p style=\"font-weight: 400;\"><span style=\"font-style: inherit; font-weight: inherit;\"><img loading=\"lazy\" decoding=\"async\" class=\" wp-image-22917 aligncenter\" src=\"https:\/\/atecordoba.org\/wp-content\/uploads\/2020\/11\/SALUD-LABORAL-taller-para-provinciales-300x175.jpg\" alt=\"\" width=\"600\" height=\"350\" srcset=\"https:\/\/atecordoba.org\/wp-content\/uploads\/2020\/11\/SALUD-LABORAL-taller-para-provinciales-300x175.jpg 300w, https:\/\/atecordoba.org\/wp-content\/uploads\/2020\/11\/SALUD-LABORAL-taller-para-provinciales-768x448.jpg 768w, https:\/\/atecordoba.org\/wp-content\/uploads\/2020\/11\/SALUD-LABORAL-taller-para-provinciales-750x438.jpg 750w, https:\/\/atecordoba.org\/wp-content\/uploads\/2020\/11\/SALUD-LABORAL-taller-para-provinciales.jpg 900w\" sizes=\"auto, (max-width: 600px) 100vw, 600px\" \/>Organizado por el Departamento de Salud Laboral del CDP C\u00f3rdoba, el pasado 4 de noviembre se realiz\u00f3 v\u00eda Zoom el Taller \u201cCOVID-19 como enfermedad profesional: Procedimiento de denuncia y reclamo\u201d para Delegadas y Delegados de ATE.<\/span><\/p>\n<p style=\"font-weight: 400;\"><span style=\"font-style: inherit; font-weight: inherit;\">Con la coordinaci\u00f3n de Leandro Rueda, Mat\u00edas Giuliani, Javier Bracamonte y Estela Maris Salas (del Dpto. de Salud Laboral de ATE C\u00f3rdoba) y la participaci\u00f3n de la cra. Magal\u00ed Arocena, Directora de Capacitaci\u00f3n del Instituto de Salud y Seguridad de las y los Trabajadores\u00a0 de ATE (ISSTATE), m\u00e1s de 30 compa\u00f1eros y compa\u00f1eras de todos los sectores y los distintos organismos del Estado provincial, con compromiso en la lucha de los Derechos por la salud de las\/os Trabajadores, pudieron evacuar sus dudas y compartir informaci\u00f3n sobre este tema.<\/span><\/p>\n<p style=\"font-weight: 400;\"><span style=\"font-style: inherit; font-weight: inherit;\">La apertura de este encuentro cont\u00f3 con las palabras del\u00a0 Secretario General del CDP C\u00f3rdoba, cro. Federico Giuliani, quien abri\u00f3 este Taller mencionando\u00a0 la situaci\u00f3n de los trabajadores y trabajadoras de la Salud en la provincia y la lucha de ATE por el reconocimiento de sus afectaciones y por el desgaste tanto f\u00edsico como mental\u00a0 de aquellos\/as compa\u00f1eros y compa\u00f1eras que est\u00e1n en la primera l\u00ednea, como as\u00ed tambi\u00e9n para los familiares de los fallecidos por COVID.\u00a0 Adem\u00e1s envi\u00f3 un mensaje para el Gobernador Schiaretti\u00a0 y para los intendentes de los municipios de la Provincia.<\/span><\/p>\n<p style=\"font-weight: 400;\"><span style=\"font-style: inherit; font-weight: inherit;\">En primer t\u00e9rmino se present\u00f3 el video de la charla \u201cCOVID-19 Enfermedad profesional no listada\u201d, realizada por el ISSTATE con los compa\u00f1eros y compa\u00f1eras de la Superintendencia de Riesgos del Trabajo, con las palabras de Cristian Sampayo \u2013 Supervisor del Call Center y Delegado de Formaci\u00f3n y Capacitaci\u00f3n de la SRT.<\/span><\/p>\n<p style=\"font-weight: 400;\"><span style=\"font-style: inherit; font-weight: inherit;\">A continuaci\u00f3n, Magali Arocena evacu\u00f3 las dudas y respondi\u00f3 de manera pormenorizada a las preguntas relacionadas con la legislaci\u00f3n, los distintos grupos de riesgo, como realizar las denuncias ante la ART en caso de contagio, d\u00f3nde reclamar, las diferencias entre licencias y dispensas, el cumplimiento de las normas de Seguridad e Higiene por parte del empleador, entre otras.<\/span><\/p>\n","protected":false},"excerpt":{"rendered":"<p>Organizado por el Departamento de Salud Laboral del CDP C\u00f3rdoba, el pasado 4 de noviembre se realiz\u00f3 v\u00eda Zoom el Taller \u201cCOVID-19 como enfermedad profesional: Procedimiento de denuncia y reclamo\u201d para Delegadas y Delegados de ATE. Con la coordinaci\u00f3n de Leandro Rueda, Mat\u00edas Giuliani, Javier Bracamonte y Estela Maris Salas (del Dpto. de Salud Laboral [&hellip;]<\/p>\n","protected":false},"author":7,"featured_media":22917,"comment_status":"open","ping_status":"open","sticky":true,"template":"","format":"standard","meta":{"_exactmetrics_skip_tracking":false,"_exactmetrics_sitenote_active":false,"_exactmetrics_sitenote_note":"","_exactmetrics_sitenote_category":0,"jnews-multi-image_gallery":[],"jnews_single_post":{"source_name":"","source_url":"","via_name":"","via_url":"","override_template":"0","override":[{"template":"1","single_blog_custom":"","parallax":"1","fullscreen":"0","layout":"right-sidebar","sidebar":"default-sidebar","second_sidebar":"default-sidebar","sticky_sidebar":"1","share_position":"top","share_float_style":"share-monocrhome","show_share_counter":"1","show_view_counter":"1","show_featured":"1","show_post_meta":"1","show_post_author":"1","show_post_author_image":"1","show_post_date":"1","post_date_format":"default","post_date_format_custom":"Y\/m\/d","show_post_category":"1","show_post_reading_time":"0","post_reading_time_wpm":"300","show_zoom_button":"0","zoom_button_out_step":"2","zoom_button_in_step":"3","show_post_tag":"1","show_prev_next_post":"1","show_popup_post":"1","number_popup_post":"1","show_author_box":"0","show_post_related":"0","show_inline_post_related":"0"}],"override_image_size":"0","image_override":[{"single_post_thumbnail_size":"crop-500","single_post_gallery_size":"crop-500"}],"trending_post":"0","trending_post_position":"meta","trending_post_label":"Trending","sponsored_post":"0","sponsored_post_label":"Sponsored by","sponsored_post_name":"","sponsored_post_url":"","sponsored_post_logo_enable":"0","sponsored_post_logo":"","sponsored_post_desc":""},"jnews_primary_category":{"id":""},"jnews_social_meta":{"fb_title":"","fb_description":"","fb_image":"","twitter_title":"","twitter_description":"","twitter_image":""},"jnews_review":[],"enable_review":"0","type":"percentage","name":"","summary":"","brand":"","sku":"","good":[{"good_text":""}],"bad":[{"bad_text":""}],"score_override":"","override_value":"","rating":[{"rating_text":"","rating_number":"10"}],"price":[{"shop":"","price":"","link":"","icon":""}],"jnews_override_counter":{"override_view_counter":"0","view_counter_number":"0","override_share_counter":"0","share_counter_number":"0","override_like_counter":"0","like_counter_number":"0","override_dislike_counter":"0","dislike_counter_number":"0"},"jnews_post_split":{"enable_post_split":"0","post_split":[{"template":"1","tag":"h2","numbering":"asc","mode":"normal"}]},"footnotes":""},"categories":[341,104,8],"tags":[337,669],"class_list":["post-22916","post","type-post","status-publish","format-standard","has-post-thumbnail","hentry","category-cdp","category-departamento-de-salud","category-provinciales","tag-cymat","tag-isstate"],"jetpack_featured_media_url":"https:\/\/atecordoba.org\/wp-content\/uploads\/2020\/11\/SALUD-LABORAL-taller-para-provinciales.jpg","_links":{"self":[{"href":"https:\/\/atecordoba.org\/index.php?rest_route=\/wp\/v2\/posts\/22916","targetHints":{"allow":["GET"]}}],"collection":[{"href":"https:\/\/atecordoba.org\/index.php?rest_route=\/wp\/v2\/posts"}],"about":[{"href":"https:\/\/atecordoba.org\/index.php?rest_route=\/wp\/v2\/types\/post"}],"author":[{"embeddable":true,"href":"https:\/\/atecordoba.org\/index.php?rest_route=\/wp\/v2\/users\/7"}],"replies":[{"embeddable":true,"href":"https:\/\/atecordoba.org\/index.php?rest_route=%2Fwp%2Fv2%2Fcomments&post=22916"}],"version-history":[{"count":1,"href":"https:\/\/atecordoba.org\/index.php?rest_route=\/wp\/v2\/posts\/22916\/revisions"}],"predecessor-version":[{"id":22918,"href":"https:\/\/atecordoba.org\/index.php?rest_route=\/wp\/v2\/posts\/22916\/revisions\/22918"}],"wp:featuredmedia":[{"embeddable":true,"href":"https:\/\/atecordoba.org\/index.php?rest_route=\/wp\/v2\/media\/22917"}],"wp:attachment":[{"href":"https:\/\/atecordoba.org\/index.php?rest_route=%2Fwp%2Fv2%2Fmedia&parent=22916"}],"wp:term":[{"taxonomy":"category","embeddable":true,"href":"https:\/\/atecordoba.org\/index.php?rest_route=%2Fwp%2Fv2%2Fcategories&post=22916"},{"taxonomy":"post_tag","embeddable":true,"href":"https:\/\/atecordoba.org\/index.php?rest_route=%2Fwp%2Fv2%2Ftags&post=22916"}],"curies":[{"name":"wp","href":"https:\/\/api.w.org\/{rel}","templated":true}]}}