{"id":22895,"date":"2020-11-06T14:28:03","date_gmt":"2020-11-06T17:28:03","guid":{"rendered":"https:\/\/atecordoba.org\/?p=22895"},"modified":"2020-11-06T14:30:59","modified_gmt":"2020-11-06T17:30:59","slug":"ate-logra-cinco-contratos-para-los-ultimos-monotributos-que-quedaban-en-el-hospital-rawson","status":"publish","type":"post","link":"https:\/\/atecordoba.org\/?p=22895","title":{"rendered":"ATE logra cinco contratos para los \u00faltimos monotributos que quedaban en el Hospital Rawson"},"content":{"rendered":"<figure id=\"attachment_22896\" aria-describedby=\"caption-attachment-22896\" style=\"width: 548px\" class=\"wp-caption aligncenter\"><img loading=\"lazy\" decoding=\"async\" class=\"wp-image-22896\" src=\"https:\/\/atecordoba.org\/wp-content\/uploads\/2020\/11\/rawson2-1-300x225.jpg\" alt=\"\" width=\"548\" height=\"411\" srcset=\"https:\/\/atecordoba.org\/wp-content\/uploads\/2020\/11\/rawson2-1-300x225.jpg 300w, https:\/\/atecordoba.org\/wp-content\/uploads\/2020\/11\/rawson2-1-1024x768.jpg 1024w, https:\/\/atecordoba.org\/wp-content\/uploads\/2020\/11\/rawson2-1-768x576.jpg 768w, https:\/\/atecordoba.org\/wp-content\/uploads\/2020\/11\/rawson2-1-750x563.jpg 750w, https:\/\/atecordoba.org\/wp-content\/uploads\/2020\/11\/rawson2-1.jpg 1032w\" sizes=\"auto, (max-width: 548px) 100vw, 548px\" \/><figcaption id=\"caption-attachment-22896\" class=\"wp-caption-text\">Protesta durante las jornadas de luto de esta semana en el Rawson (archivo).<\/figcaption><\/figure>\n<p>Hoy se inform\u00f3 formalmente que cinco trabajadores administrativos del Hospital Rawson tendr\u00e1n su contrato, iniciando as\u00ed su camino para formalizar estado laboral, despu\u00e9s de sufrir por una d\u00e9cada como monotributistas.<\/p>\n<p>De esta forma, el Estado provincial reconoce la relaci\u00f3n laboral existente y los compa\u00f1eros gozar\u00e1n de los aportes de ley.<\/p>\n<p>&#8220;Durante dos gestiones recibimos promesas de que se iba a mejorar la condici\u00f3n de esto s compa\u00f1eros y no cumplieron. Peor desde ATE seguimos insistiendo porque la lucha contra la precarizaci\u00f3n ha sido hist\u00f3ricamente una de nuestras banderas. Ahora podemos decir con mucha felicidad que estos trabajadores est\u00e1n contratados&#8221;, explic\u00f3 la delegada de ATE, Ada Carnero.<\/p>\n<p>Anteriormente se hab\u00eda pasado a contrato a 10 monotributistas pero eran profesionales y por lo tanto en el \u00e1mbito de la Ley 7625. &#8220;Era una injusticia que estos compa\u00f1eros no recibieran el mismo trato y finalmente lo logramos&#8221;, concluy\u00f3 Carnero.<\/p>\n","protected":false},"excerpt":{"rendered":"<p>Hoy se inform\u00f3 formalmente que cinco trabajadores administrativos del Hospital Rawson tendr\u00e1n su contrato, iniciando as\u00ed su camino para formalizar estado laboral, despu\u00e9s de sufrir por una d\u00e9cada como monotributistas. De esta forma, el Estado provincial reconoce la relaci\u00f3n laboral existente y los compa\u00f1eros gozar\u00e1n de los aportes de ley. &#8220;Durante dos gestiones recibimos promesas [&hellip;]<\/p>\n","protected":false},"author":7,"featured_media":22896,"comment_status":"open","ping_status":"open","sticky":true,"template":"","format":"standard","meta":{"_exactmetrics_skip_tracking":false,"_exactmetrics_sitenote_active":false,"_exactmetrics_sitenote_note":"","_exactmetrics_sitenote_category":0,"jnews-multi-image_gallery":[],"jnews_single_post":{"source_name":"","source_url":"","via_name":"","via_url":"","override_template":"0","override":[{"template":"1","single_blog_custom":"","parallax":"1","fullscreen":"0","layout":"right-sidebar","sidebar":"default-sidebar","second_sidebar":"default-sidebar","sticky_sidebar":"1","share_position":"top","share_float_style":"share-monocrhome","show_share_counter":"1","show_view_counter":"1","show_featured":"1","show_post_meta":"1","show_post_author":"1","show_post_author_image":"1","show_post_date":"1","post_date_format":"default","post_date_format_custom":"Y\/m\/d","show_post_category":"1","show_post_reading_time":"0","post_reading_time_wpm":"300","show_zoom_button":"0","zoom_button_out_step":"2","zoom_button_in_step":"3","show_post_tag":"1","show_prev_next_post":"1","show_popup_post":"1","number_popup_post":"1","show_author_box":"0","show_post_related":"0","show_inline_post_related":"0"}],"override_image_size":"0","image_override":[{"single_post_thumbnail_size":"crop-500","single_post_gallery_size":"crop-500"}],"trending_post":"0","trending_post_position":"meta","trending_post_label":"Trending","sponsored_post":"0","sponsored_post_label":"Sponsored by","sponsored_post_name":"","sponsored_post_url":"","sponsored_post_logo_enable":"0","sponsored_post_logo":"","sponsored_post_desc":""},"jnews_primary_category":{"id":""},"jnews_social_meta":{"fb_title":"","fb_description":"","fb_image":"","twitter_title":"","twitter_description":"","twitter_image":""},"jnews_review":[],"enable_review":"0","type":"percentage","name":"","summary":"","brand":"","sku":"","good":[{"good_text":""}],"bad":[{"bad_text":""}],"score_override":"","override_value":"","rating":[{"rating_text":"","rating_number":"10"}],"price":[{"shop":"","price":"","link":"","icon":""}],"jnews_override_counter":{"override_view_counter":"0","view_counter_number":"0","override_share_counter":"0","share_counter_number":"0","override_like_counter":"0","like_counter_number":"0","override_dislike_counter":"0","dislike_counter_number":"0"},"jnews_post_split":{"enable_post_split":"0","post_split":[{"template":"1","tag":"h2","numbering":"asc","mode":"normal"}]},"footnotes":""},"categories":[341,8],"tags":[548,667],"class_list":["post-22895","post","type-post","status-publish","format-standard","has-post-thumbnail","hentry","category-cdp","category-provinciales","tag-contratos","tag-monotributos"],"jetpack_featured_media_url":"https:\/\/atecordoba.org\/wp-content\/uploads\/2020\/11\/rawson2-1.jpg","_links":{"self":[{"href":"https:\/\/atecordoba.org\/index.php?rest_route=\/wp\/v2\/posts\/22895","targetHints":{"allow":["GET"]}}],"collection":[{"href":"https:\/\/atecordoba.org\/index.php?rest_route=\/wp\/v2\/posts"}],"about":[{"href":"https:\/\/atecordoba.org\/index.php?rest_route=\/wp\/v2\/types\/post"}],"author":[{"embeddable":true,"href":"https:\/\/atecordoba.org\/index.php?rest_route=\/wp\/v2\/users\/7"}],"replies":[{"embeddable":true,"href":"https:\/\/atecordoba.org\/index.php?rest_route=%2Fwp%2Fv2%2Fcomments&post=22895"}],"version-history":[{"count":1,"href":"https:\/\/atecordoba.org\/index.php?rest_route=\/wp\/v2\/posts\/22895\/revisions"}],"predecessor-version":[{"id":22897,"href":"https:\/\/atecordoba.org\/index.php?rest_route=\/wp\/v2\/posts\/22895\/revisions\/22897"}],"wp:featuredmedia":[{"embeddable":true,"href":"https:\/\/atecordoba.org\/index.php?rest_route=\/wp\/v2\/media\/22896"}],"wp:attachment":[{"href":"https:\/\/atecordoba.org\/index.php?rest_route=%2Fwp%2Fv2%2Fmedia&parent=22895"}],"wp:term":[{"taxonomy":"category","embeddable":true,"href":"https:\/\/atecordoba.org\/index.php?rest_route=%2Fwp%2Fv2%2Fcategories&post=22895"},{"taxonomy":"post_tag","embeddable":true,"href":"https:\/\/atecordoba.org\/index.php?rest_route=%2Fwp%2Fv2%2Ftags&post=22895"}],"curies":[{"name":"wp","href":"https:\/\/api.w.org\/{rel}","templated":true}]}}