{"id":22877,"date":"2020-11-06T11:40:47","date_gmt":"2020-11-06T14:40:47","guid":{"rendered":"https:\/\/atecordoba.org\/?p=22877"},"modified":"2020-11-06T11:40:47","modified_gmt":"2020-11-06T14:40:47","slug":"municipales-jornada-de-lucha-en-cosquin-contra-la-violencia-institucional","status":"publish","type":"post","link":"https:\/\/atecordoba.org\/?p=22877","title":{"rendered":"Municipales: jornada de lucha en Cosqu\u00edn contra la violencia institucional"},"content":{"rendered":"<p><img loading=\"lazy\" decoding=\"async\" class=\" wp-image-22878 alignleft\" src=\"https:\/\/atecordoba.org\/wp-content\/uploads\/2020\/11\/batucada-cosquin-169x300.jpg\" alt=\"\" width=\"263\" height=\"467\" srcset=\"https:\/\/atecordoba.org\/wp-content\/uploads\/2020\/11\/batucada-cosquin-169x300.jpg 169w, https:\/\/atecordoba.org\/wp-content\/uploads\/2020\/11\/batucada-cosquin-576x1024.jpg 576w, https:\/\/atecordoba.org\/wp-content\/uploads\/2020\/11\/batucada-cosquin-768x1365.jpg 768w, https:\/\/atecordoba.org\/wp-content\/uploads\/2020\/11\/batucada-cosquin-864x1536.jpg 864w, https:\/\/atecordoba.org\/wp-content\/uploads\/2020\/11\/batucada-cosquin-750x1333.jpg 750w, https:\/\/atecordoba.org\/wp-content\/uploads\/2020\/11\/batucada-cosquin-1140x2027.jpg 1140w, https:\/\/atecordoba.org\/wp-content\/uploads\/2020\/11\/batucada-cosquin.jpg 1152w\" sizes=\"auto, (max-width: 263px) 100vw, 263px\" \/> El pasado mi\u00e9rcoles se llev\u00f3 a cabo una jornada de lucha en la Municipalidad de Cosqu\u00edn, impulsada por la Seccional ATE Cruz del Eje, para exigir a la gesti\u00f3n municipal del intendente Gabriel Musso que termine la violencia institucional sobre las y los trabajadores municipales.<\/p>\n<p>Las compa\u00f1eras y los compa\u00f1eros denuncian malos tratos permanentes y violencia laboral, traslados compulsivos de los lugares de trabajo y cambios arbitrarios de horarios para amedrentar al personal, sobre todo cuando se trata de afiliados y afiliadas de ATE.<\/p>\n<p>En primer t\u00e9rmino se realiz\u00f3 una importante asamblea en el corral\u00f3n municipal donde se denunci\u00f3 &#8220;el maltrato permanente. Los funcionarios tienen la obligaci\u00f3n de generar un buen ambiente de trabajo y no de andar con el l\u00e1tigo con los trabajadores&#8221;.<\/p>\n<p>Posteriormente, el reclamo se traslad\u00f3 a la sede municipal los las y los trabajadores se movilizaron, con el apoy\u00f3 de delegados y activistas de ATE de otros organismos, que se acercaron a dar el apoyo en esta lucha genuina y justa de los municipales de Cosqu\u00edn.<\/p>\n<p>ATE reclama tambi\u00e9n el reconocimiento de parte del Ejecutivo de nuestro gremio con \u00e1mbito de actuaci\u00f3n en la Municipalidad de Cosqu\u00edn, en funci\u00f3n de la cantidad de afiliaciones que se est\u00e1n registrando en la actualidad y que tiene derecho al optar por la propuesta gremial que quieran elegir.<\/p>\n<p><img loading=\"lazy\" decoding=\"async\" class=\" wp-image-22880 aligncenter\" src=\"https:\/\/atecordoba.org\/wp-content\/uploads\/2020\/11\/cartel-cosquin2-300x158.jpg\" alt=\"\" width=\"602\" height=\"317\" srcset=\"https:\/\/atecordoba.org\/wp-content\/uploads\/2020\/11\/cartel-cosquin2-300x158.jpg 300w, https:\/\/atecordoba.org\/wp-content\/uploads\/2020\/11\/cartel-cosquin2-1024x540.jpg 1024w, https:\/\/atecordoba.org\/wp-content\/uploads\/2020\/11\/cartel-cosquin2-768x405.jpg 768w, https:\/\/atecordoba.org\/wp-content\/uploads\/2020\/11\/cartel-cosquin2-1536x810.jpg 1536w, https:\/\/atecordoba.org\/wp-content\/uploads\/2020\/11\/cartel-cosquin2-750x396.jpg 750w, https:\/\/atecordoba.org\/wp-content\/uploads\/2020\/11\/cartel-cosquin2-1140x601.jpg 1140w, https:\/\/atecordoba.org\/wp-content\/uploads\/2020\/11\/cartel-cosquin2.jpg 2048w\" sizes=\"auto, (max-width: 602px) 100vw, 602px\" \/><\/p>\n<p>En la agenda de reclamos hay puntos de urgente resoluci\u00f3n respecto a problem\u00e1ticas salariales y de condiciones de trabajo, planteos que el intendente Musso pretende acallar por medio de la persecuci\u00f3n a nuestro gremio y el amedrentamiento a las y los trabajadores.<\/p>\n<p>En la grilla de reclamos se destaca el pedido de recomposici\u00f3n salarial del 20% al b\u00e1sico y el blanqueo de los adicionales que la Municipalidad comenz\u00f3 a pagar en negro en la pandemia y que signific\u00f3 un impacto terrible en los haberes de los jubilados, con reducciones salariales del 50%.<\/p>\n<p>Adem\u00e1s, las y los trabajadores exigen la entrega de Equipos de Protecci\u00f3n Personal (EPP) para el personal que se encuentran en la primera l\u00ednea de atenci\u00f3n, as\u00ed como elementos de higiene y seguridad para el trabajo.<\/p>\n<div id='gallery_1' class='gallery galleryid-22877 gallery-columns-3 gallery-size-large'><figure class='gallery-item'>\n                <div class='gallery-icon landscape'>\n                    <a href='https:\/\/atecordoba.org\/wp-content\/uploads\/2020\/11\/bandera-accional-cruz-del-eje.jpg'><img loading=\"lazy\" decoding=\"async\" width=\"1024\" height=\"546\" src=\"\" class=\"attachment-large size-large lazyload\" alt=\"\" data-src=\"https:\/\/atecordoba.org\/wp-content\/uploads\/2020\/11\/bandera-accional-cruz-del-eje-1024x546.jpg\" data-sizes=\"auto\" data-srcset=\"https:\/\/atecordoba.org\/wp-content\/uploads\/2020\/11\/bandera-accional-cruz-del-eje-1024x546.jpg 1024w, https:\/\/atecordoba.org\/wp-content\/uploads\/2020\/11\/bandera-accional-cruz-del-eje-300x160.jpg 300w, https:\/\/atecordoba.org\/wp-content\/uploads\/2020\/11\/bandera-accional-cruz-del-eje-768x409.jpg 768w, https:\/\/atecordoba.org\/wp-content\/uploads\/2020\/11\/bandera-accional-cruz-del-eje-1536x818.jpg 1536w, https:\/\/atecordoba.org\/wp-content\/uploads\/2020\/11\/bandera-accional-cruz-del-eje-750x400.jpg 750w, https:\/\/atecordoba.org\/wp-content\/uploads\/2020\/11\/bandera-accional-cruz-del-eje-1140x607.jpg 1140w, https:\/\/atecordoba.org\/wp-content\/uploads\/2020\/11\/bandera-accional-cruz-del-eje.jpg 2048w\" data-expand=\"700\" \/><\/a>\n                <\/div><\/figure><figure class='gallery-item'>\n                <div class='gallery-icon portrait'>\n                    <a href='https:\/\/atecordoba.org\/wp-content\/uploads\/2020\/11\/luisma.jpg'><img loading=\"lazy\" decoding=\"async\" width=\"576\" height=\"1024\" src=\"\" class=\"attachment-large size-large lazyload\" alt=\"\" data-src=\"https:\/\/atecordoba.org\/wp-content\/uploads\/2020\/11\/luisma-576x1024.jpg\" data-sizes=\"auto\" data-srcset=\"https:\/\/atecordoba.org\/wp-content\/uploads\/2020\/11\/luisma-576x1024.jpg 576w, https:\/\/atecordoba.org\/wp-content\/uploads\/2020\/11\/luisma-169x300.jpg 169w, https:\/\/atecordoba.org\/wp-content\/uploads\/2020\/11\/luisma-768x1365.jpg 768w, https:\/\/atecordoba.org\/wp-content\/uploads\/2020\/11\/luisma-864x1536.jpg 864w, https:\/\/atecordoba.org\/wp-content\/uploads\/2020\/11\/luisma-750x1333.jpg 750w, https:\/\/atecordoba.org\/wp-content\/uploads\/2020\/11\/luisma-1140x2027.jpg 1140w, https:\/\/atecordoba.org\/wp-content\/uploads\/2020\/11\/luisma.jpg 1152w\" data-expand=\"700\" \/><\/a>\n                <\/div><\/figure><figure class='gallery-item'>\n                <div class='gallery-icon portrait'>\n                    <a href='https:\/\/atecordoba.org\/wp-content\/uploads\/2020\/11\/cartel-cosquin4.jpg'><img loading=\"lazy\" decoding=\"async\" width=\"576\" height=\"1024\" src=\"\" class=\"attachment-large size-large lazyload\" alt=\"\" data-src=\"https:\/\/atecordoba.org\/wp-content\/uploads\/2020\/11\/cartel-cosquin4-576x1024.jpg\" data-sizes=\"auto\" data-srcset=\"https:\/\/atecordoba.org\/wp-content\/uploads\/2020\/11\/cartel-cosquin4-576x1024.jpg 576w, https:\/\/atecordoba.org\/wp-content\/uploads\/2020\/11\/cartel-cosquin4-169x300.jpg 169w, https:\/\/atecordoba.org\/wp-content\/uploads\/2020\/11\/cartel-cosquin4-768x1365.jpg 768w, https:\/\/atecordoba.org\/wp-content\/uploads\/2020\/11\/cartel-cosquin4-864x1536.jpg 864w, https:\/\/atecordoba.org\/wp-content\/uploads\/2020\/11\/cartel-cosquin4-750x1333.jpg 750w, https:\/\/atecordoba.org\/wp-content\/uploads\/2020\/11\/cartel-cosquin4-1140x2027.jpg 1140w, https:\/\/atecordoba.org\/wp-content\/uploads\/2020\/11\/cartel-cosquin4.jpg 1152w\" data-expand=\"700\" \/><\/a>\n                <\/div><\/figure><br style=\"clear: both\" \/><figure class='gallery-item'>\n                <div class='gallery-icon portrait'>\n                    <a href='https:\/\/atecordoba.org\/wp-content\/uploads\/2020\/11\/cartel-cosquin3.jpg'><img loading=\"lazy\" decoding=\"async\" width=\"576\" height=\"1024\" src=\"\" class=\"attachment-large size-large lazyload\" alt=\"\" data-src=\"https:\/\/atecordoba.org\/wp-content\/uploads\/2020\/11\/cartel-cosquin3-576x1024.jpg\" data-sizes=\"auto\" data-srcset=\"https:\/\/atecordoba.org\/wp-content\/uploads\/2020\/11\/cartel-cosquin3-576x1024.jpg 576w, https:\/\/atecordoba.org\/wp-content\/uploads\/2020\/11\/cartel-cosquin3-169x300.jpg 169w, https:\/\/atecordoba.org\/wp-content\/uploads\/2020\/11\/cartel-cosquin3-768x1365.jpg 768w, https:\/\/atecordoba.org\/wp-content\/uploads\/2020\/11\/cartel-cosquin3-864x1536.jpg 864w, https:\/\/atecordoba.org\/wp-content\/uploads\/2020\/11\/cartel-cosquin3-750x1333.jpg 750w, https:\/\/atecordoba.org\/wp-content\/uploads\/2020\/11\/cartel-cosquin3-1140x2027.jpg 1140w, https:\/\/atecordoba.org\/wp-content\/uploads\/2020\/11\/cartel-cosquin3.jpg 1152w\" data-expand=\"700\" \/><\/a>\n                <\/div><\/figure><figure class='gallery-item'>\n                <div class='gallery-icon portrait'>\n                    <a href='https:\/\/atecordoba.org\/wp-content\/uploads\/2020\/11\/cartel-cosquin.jpg'><img loading=\"lazy\" decoding=\"async\" width=\"922\" height=\"1024\" src=\"\" class=\"attachment-large size-large lazyload\" alt=\"\" data-src=\"https:\/\/atecordoba.org\/wp-content\/uploads\/2020\/11\/cartel-cosquin-922x1024.jpg\" data-sizes=\"auto\" data-srcset=\"https:\/\/atecordoba.org\/wp-content\/uploads\/2020\/11\/cartel-cosquin-922x1024.jpg 922w, https:\/\/atecordoba.org\/wp-content\/uploads\/2020\/11\/cartel-cosquin-270x300.jpg 270w, https:\/\/atecordoba.org\/wp-content\/uploads\/2020\/11\/cartel-cosquin-768x853.jpg 768w, https:\/\/atecordoba.org\/wp-content\/uploads\/2020\/11\/cartel-cosquin-1382x1536.jpg 1382w, https:\/\/atecordoba.org\/wp-content\/uploads\/2020\/11\/cartel-cosquin-750x833.jpg 750w, https:\/\/atecordoba.org\/wp-content\/uploads\/2020\/11\/cartel-cosquin-1140x1267.jpg 1140w, https:\/\/atecordoba.org\/wp-content\/uploads\/2020\/11\/cartel-cosquin.jpg 1620w\" data-expand=\"700\" \/><\/a>\n                <\/div><\/figure><figure class='gallery-item'>\n                <div class='gallery-icon landscape'>\n                    <a href='https:\/\/atecordoba.org\/wp-content\/uploads\/2020\/11\/cartel-cosquin2.jpg'><img loading=\"lazy\" decoding=\"async\" width=\"1024\" height=\"540\" src=\"\" class=\"attachment-large size-large lazyload\" alt=\"\" data-src=\"https:\/\/atecordoba.org\/wp-content\/uploads\/2020\/11\/cartel-cosquin2-1024x540.jpg\" data-sizes=\"auto\" data-srcset=\"https:\/\/atecordoba.org\/wp-content\/uploads\/2020\/11\/cartel-cosquin2-1024x540.jpg 1024w, https:\/\/atecordoba.org\/wp-content\/uploads\/2020\/11\/cartel-cosquin2-300x158.jpg 300w, https:\/\/atecordoba.org\/wp-content\/uploads\/2020\/11\/cartel-cosquin2-768x405.jpg 768w, https:\/\/atecordoba.org\/wp-content\/uploads\/2020\/11\/cartel-cosquin2-1536x810.jpg 1536w, https:\/\/atecordoba.org\/wp-content\/uploads\/2020\/11\/cartel-cosquin2-750x396.jpg 750w, https:\/\/atecordoba.org\/wp-content\/uploads\/2020\/11\/cartel-cosquin2-1140x601.jpg 1140w, https:\/\/atecordoba.org\/wp-content\/uploads\/2020\/11\/cartel-cosquin2.jpg 2048w\" data-expand=\"700\" \/><\/a>\n                <\/div><\/figure><br style=\"clear: both\" \/>\n            <\/div>\n\n","protected":false},"excerpt":{"rendered":"<p>El pasado mi\u00e9rcoles se llev\u00f3 a cabo una jornada de lucha en la Municipalidad de Cosqu\u00edn, impulsada por la Seccional ATE Cruz del Eje, para exigir a la gesti\u00f3n municipal del intendente Gabriel Musso que termine la violencia institucional sobre las y los trabajadores municipales. Las compa\u00f1eras y los compa\u00f1eros denuncian malos tratos permanentes y [&hellip;]<\/p>\n","protected":false},"author":7,"featured_media":22883,"comment_status":"open","ping_status":"open","sticky":true,"template":"","format":"standard","meta":{"_exactmetrics_skip_tracking":false,"_exactmetrics_sitenote_active":false,"_exactmetrics_sitenote_note":"","_exactmetrics_sitenote_category":0,"jnews-multi-image_gallery":[],"jnews_single_post":{"source_name":"","source_url":"","via_name":"","via_url":"","override_template":"0","override":[{"template":"1","single_blog_custom":"","parallax":"1","fullscreen":"0","layout":"right-sidebar","sidebar":"default-sidebar","second_sidebar":"default-sidebar","sticky_sidebar":"1","share_position":"top","share_float_style":"share-monocrhome","show_share_counter":"1","show_view_counter":"1","show_featured":"1","show_post_meta":"1","show_post_author":"1","show_post_author_image":"1","show_post_date":"1","post_date_format":"default","post_date_format_custom":"Y\/m\/d","show_post_category":"1","show_post_reading_time":"0","post_reading_time_wpm":"300","show_zoom_button":"0","zoom_button_out_step":"2","zoom_button_in_step":"3","show_post_tag":"1","show_prev_next_post":"1","show_popup_post":"1","number_popup_post":"1","show_author_box":"0","show_post_related":"0","show_inline_post_related":"0"}],"override_image_size":"0","image_override":[{"single_post_thumbnail_size":"crop-500","single_post_gallery_size":"crop-500"}],"trending_post":"0","trending_post_position":"meta","trending_post_label":"Trending","sponsored_post":"0","sponsored_post_label":"Sponsored by","sponsored_post_name":"","sponsored_post_url":"","sponsored_post_logo_enable":"0","sponsored_post_logo":"","sponsored_post_desc":""},"jnews_primary_category":{"id":""},"jnews_social_meta":{"fb_title":"","fb_description":"","fb_image":"","twitter_title":"","twitter_description":"","twitter_image":""},"jnews_review":[],"enable_review":"0","type":"percentage","name":"","summary":"","brand":"","sku":"","good":[{"good_text":""}],"bad":[{"bad_text":""}],"score_override":"","override_value":"","rating":[{"rating_text":"","rating_number":"10"}],"price":[{"shop":"","price":"","link":"","icon":""}],"jnews_override_counter":{"override_view_counter":"0","view_counter_number":"0","override_share_counter":"0","share_counter_number":"0","override_like_counter":"0","like_counter_number":"0","override_dislike_counter":"0","dislike_counter_number":"0"},"jnews_post_split":{"enable_post_split":"0","post_split":[{"template":"1","tag":"h2","numbering":"asc","mode":"normal"}]},"footnotes":""},"categories":[150,20],"tags":[502],"class_list":["post-22877","post","type-post","status-publish","format-standard","has-post-thumbnail","hentry","category-cruz-del-eje","category-municipales","tag-cosquin"],"jetpack_featured_media_url":"https:\/\/atecordoba.org\/wp-content\/uploads\/2020\/11\/cartel-cosquin5.jpg","_links":{"self":[{"href":"https:\/\/atecordoba.org\/index.php?rest_route=\/wp\/v2\/posts\/22877","targetHints":{"allow":["GET"]}}],"collection":[{"href":"https:\/\/atecordoba.org\/index.php?rest_route=\/wp\/v2\/posts"}],"about":[{"href":"https:\/\/atecordoba.org\/index.php?rest_route=\/wp\/v2\/types\/post"}],"author":[{"embeddable":true,"href":"https:\/\/atecordoba.org\/index.php?rest_route=\/wp\/v2\/users\/7"}],"replies":[{"embeddable":true,"href":"https:\/\/atecordoba.org\/index.php?rest_route=%2Fwp%2Fv2%2Fcomments&post=22877"}],"version-history":[{"count":1,"href":"https:\/\/atecordoba.org\/index.php?rest_route=\/wp\/v2\/posts\/22877\/revisions"}],"predecessor-version":[{"id":22886,"href":"https:\/\/atecordoba.org\/index.php?rest_route=\/wp\/v2\/posts\/22877\/revisions\/22886"}],"wp:featuredmedia":[{"embeddable":true,"href":"https:\/\/atecordoba.org\/index.php?rest_route=\/wp\/v2\/media\/22883"}],"wp:attachment":[{"href":"https:\/\/atecordoba.org\/index.php?rest_route=%2Fwp%2Fv2%2Fmedia&parent=22877"}],"wp:term":[{"taxonomy":"category","embeddable":true,"href":"https:\/\/atecordoba.org\/index.php?rest_route=%2Fwp%2Fv2%2Fcategories&post=22877"},{"taxonomy":"post_tag","embeddable":true,"href":"https:\/\/atecordoba.org\/index.php?rest_route=%2Fwp%2Fv2%2Ftags&post=22877"}],"curies":[{"name":"wp","href":"https:\/\/api.w.org\/{rel}","templated":true}]}}