{"id":22863,"date":"2020-11-05T13:42:12","date_gmt":"2020-11-05T16:42:12","guid":{"rendered":"https:\/\/atecordoba.org\/?p=22863"},"modified":"2020-11-05T13:42:12","modified_gmt":"2020-11-05T16:42:12","slug":"ffmm-en-rio-tercero-ate-acordo-la-revision-paritaria-para-diciembre","status":"publish","type":"post","link":"https:\/\/atecordoba.org\/?p=22863","title":{"rendered":"FFMM: en R\u00edo Tercero ATE acord\u00f3 la revisi\u00f3n paritaria para diciembre"},"content":{"rendered":"<p><img loading=\"lazy\" decoding=\"async\" class=\"wp-image-22864 aligncenter\" src=\"https:\/\/atecordoba.org\/wp-content\/uploads\/2020\/11\/potrillo-169x300.jpg\" alt=\"\" width=\"294\" height=\"522\" srcset=\"https:\/\/atecordoba.org\/wp-content\/uploads\/2020\/11\/potrillo-169x300.jpg 169w, https:\/\/atecordoba.org\/wp-content\/uploads\/2020\/11\/potrillo.jpg 540w\" sizes=\"auto, (max-width: 294px) 100vw, 294px\" \/>En la oportunidad, el secretario General de la seccional ATE R\u00edo Tercero, Dami\u00e1n Albornoz, y el secretario Gremial, David Salto, dieron cuenta de lo sucedido en una audiencia que mantuvieron con los directivos de la empresa Nicol\u00e1s Panichelli y Gast\u00f3n Rafeta, del Directorio de DGFM, y Jos\u00e9 Mar\u00eda L\u00f3pez, director Fabricaciones Militares R\u00edo Tercero.<\/p>\n<p>Durante la asamblea se pusieron en consideraci\u00f3n los puntos tratados como:<\/p>\n<ul>\n<li>Modificaci\u00f3n de sistemas de turnos rotativos<\/li>\n<li>Reincorporaciones en corto plazo.<\/li>\n<li>Recategorizaciones<\/li>\n<li>Planes de carrera.<\/li>\n<li>Revisi\u00f3n paritaria en el mes de diciembre<\/li>\n<\/ul>\n<p>Los mismos fueron aprobados de forma participativa y democr\u00e1tica.<\/p>\n<p>Luego se dio por firmada el acta-acuerdo y acto seguido se levant\u00f3 el estado de &#8220;quite de colaboraci\u00f3n&#8221;, que las y los trabajadores hab\u00edan establecido la semana pasada cuando las autoridades no ofrec\u00edan respuesta los reclamos de ATE. Ahora se dar\u00e1 asentamiento en el Ministerio de Trabajo para que quede plasmado administrativamente.<\/p>\n<p>Estos acuerdos son la base del pr\u00f3ximo CCT del sector, que ser\u00e1 otro paso de la organizaci\u00f3n lograr el mejor CCT para todas y todos los trabajadores que forman parte de todas las F\u00e1bricas Militares del pa\u00eds.<\/p>\n<p><img loading=\"lazy\" decoding=\"async\" class=\" wp-image-22865 aligncenter\" src=\"https:\/\/atecordoba.org\/wp-content\/uploads\/2020\/11\/general-300x146.jpg\" alt=\"\" width=\"602\" height=\"293\" srcset=\"https:\/\/atecordoba.org\/wp-content\/uploads\/2020\/11\/general-300x146.jpg 300w, https:\/\/atecordoba.org\/wp-content\/uploads\/2020\/11\/general-1024x498.jpg 1024w, https:\/\/atecordoba.org\/wp-content\/uploads\/2020\/11\/general-768x374.jpg 768w, https:\/\/atecordoba.org\/wp-content\/uploads\/2020\/11\/general-750x365.jpg 750w, https:\/\/atecordoba.org\/wp-content\/uploads\/2020\/11\/general-1140x555.jpg 1140w, https:\/\/atecordoba.org\/wp-content\/uploads\/2020\/11\/general.jpg 1315w\" sizes=\"auto, (max-width: 602px) 100vw, 602px\" \/><\/p>\n","protected":false},"excerpt":{"rendered":"<p>En la oportunidad, el secretario General de la seccional ATE R\u00edo Tercero, Dami\u00e1n Albornoz, y el secretario Gremial, David Salto, dieron cuenta de lo sucedido en una audiencia que mantuvieron con los directivos de la empresa Nicol\u00e1s Panichelli y Gast\u00f3n Rafeta, del Directorio de DGFM, y Jos\u00e9 Mar\u00eda L\u00f3pez, director Fabricaciones Militares R\u00edo Tercero. Durante [&hellip;]<\/p>\n","protected":false},"author":7,"featured_media":22864,"comment_status":"open","ping_status":"open","sticky":true,"template":"","format":"standard","meta":{"_exactmetrics_skip_tracking":false,"_exactmetrics_sitenote_active":false,"_exactmetrics_sitenote_note":"","_exactmetrics_sitenote_category":0,"jnews-multi-image_gallery":[],"jnews_single_post":{"source_name":"","source_url":"","via_name":"","via_url":"","override_template":"0","override":[{"template":"1","single_blog_custom":"","parallax":"1","fullscreen":"0","layout":"right-sidebar","sidebar":"default-sidebar","second_sidebar":"default-sidebar","sticky_sidebar":"1","share_position":"top","share_float_style":"share-monocrhome","show_share_counter":"1","show_view_counter":"1","show_featured":"1","show_post_meta":"1","show_post_author":"1","show_post_author_image":"1","show_post_date":"1","post_date_format":"default","post_date_format_custom":"Y\/m\/d","show_post_category":"1","show_post_reading_time":"0","post_reading_time_wpm":"300","show_zoom_button":"0","zoom_button_out_step":"2","zoom_button_in_step":"3","show_post_tag":"1","show_prev_next_post":"1","show_popup_post":"1","number_popup_post":"1","show_author_box":"0","show_post_related":"0","show_inline_post_related":"0"}],"override_image_size":"0","image_override":[{"single_post_thumbnail_size":"crop-500","single_post_gallery_size":"crop-500"}],"trending_post":"0","trending_post_position":"meta","trending_post_label":"Trending","sponsored_post":"0","sponsored_post_label":"Sponsored by","sponsored_post_name":"","sponsored_post_url":"","sponsored_post_logo_enable":"0","sponsored_post_logo":"","sponsored_post_desc":""},"jnews_primary_category":{"id":""},"jnews_social_meta":{"fb_title":"","fb_description":"","fb_image":"","twitter_title":"","twitter_description":"","twitter_image":""},"jnews_review":[],"enable_review":"0","type":"percentage","name":"","summary":"","brand":"","sku":"","good":[{"good_text":""}],"bad":[{"bad_text":""}],"score_override":"","override_value":"","rating":[{"rating_text":"","rating_number":"10"}],"price":[{"shop":"","price":"","link":"","icon":""}],"jnews_override_counter":{"override_view_counter":"0","view_counter_number":"0","override_share_counter":"0","share_counter_number":"0","override_like_counter":"0","like_counter_number":"0","override_dislike_counter":"0","dislike_counter_number":"0"},"jnews_post_split":{"enable_post_split":"0","post_split":[{"template":"1","tag":"h2","numbering":"asc","mode":"normal"}]},"footnotes":""},"categories":[18,13],"tags":[],"class_list":["post-22863","post","type-post","status-publish","format-standard","has-post-thumbnail","hentry","category-nacionales","category-rio-tercero"],"jetpack_featured_media_url":"https:\/\/atecordoba.org\/wp-content\/uploads\/2020\/11\/potrillo.jpg","_links":{"self":[{"href":"https:\/\/atecordoba.org\/index.php?rest_route=\/wp\/v2\/posts\/22863","targetHints":{"allow":["GET"]}}],"collection":[{"href":"https:\/\/atecordoba.org\/index.php?rest_route=\/wp\/v2\/posts"}],"about":[{"href":"https:\/\/atecordoba.org\/index.php?rest_route=\/wp\/v2\/types\/post"}],"author":[{"embeddable":true,"href":"https:\/\/atecordoba.org\/index.php?rest_route=\/wp\/v2\/users\/7"}],"replies":[{"embeddable":true,"href":"https:\/\/atecordoba.org\/index.php?rest_route=%2Fwp%2Fv2%2Fcomments&post=22863"}],"version-history":[{"count":1,"href":"https:\/\/atecordoba.org\/index.php?rest_route=\/wp\/v2\/posts\/22863\/revisions"}],"predecessor-version":[{"id":22866,"href":"https:\/\/atecordoba.org\/index.php?rest_route=\/wp\/v2\/posts\/22863\/revisions\/22866"}],"wp:featuredmedia":[{"embeddable":true,"href":"https:\/\/atecordoba.org\/index.php?rest_route=\/wp\/v2\/media\/22864"}],"wp:attachment":[{"href":"https:\/\/atecordoba.org\/index.php?rest_route=%2Fwp%2Fv2%2Fmedia&parent=22863"}],"wp:term":[{"taxonomy":"category","embeddable":true,"href":"https:\/\/atecordoba.org\/index.php?rest_route=%2Fwp%2Fv2%2Fcategories&post=22863"},{"taxonomy":"post_tag","embeddable":true,"href":"https:\/\/atecordoba.org\/index.php?rest_route=%2Fwp%2Fv2%2Ftags&post=22863"}],"curies":[{"name":"wp","href":"https:\/\/api.w.org\/{rel}","templated":true}]}}