{"id":22855,"date":"2020-11-05T13:01:47","date_gmt":"2020-11-05T16:01:47","guid":{"rendered":"https:\/\/atecordoba.org\/?p=22855"},"modified":"2020-11-05T13:07:06","modified_gmt":"2020-11-05T16:07:06","slug":"municipales-ate-llego-a-un-acuerdo-en-san-basilio-para-cobrar-el-6-en-diciembre","status":"publish","type":"post","link":"https:\/\/atecordoba.org\/?p=22855","title":{"rendered":"Municipales: ATE lleg\u00f3 a un acuerdo del 6% de aumento salarial en San Basilio para diciembre"},"content":{"rendered":"<p><img loading=\"lazy\" decoding=\"async\" class=\" wp-image-22857 aligncenter\" src=\"https:\/\/atecordoba.org\/wp-content\/uploads\/2020\/11\/san-basilio-300x190.jpeg\" alt=\"\" width=\"600\" height=\"380\" srcset=\"https:\/\/atecordoba.org\/wp-content\/uploads\/2020\/11\/san-basilio-300x190.jpeg 300w, https:\/\/atecordoba.org\/wp-content\/uploads\/2020\/11\/san-basilio-1024x648.jpeg 1024w, https:\/\/atecordoba.org\/wp-content\/uploads\/2020\/11\/san-basilio-768x486.jpeg 768w, https:\/\/atecordoba.org\/wp-content\/uploads\/2020\/11\/san-basilio-750x474.jpeg 750w, https:\/\/atecordoba.org\/wp-content\/uploads\/2020\/11\/san-basilio-1140x721.jpeg 1140w, https:\/\/atecordoba.org\/wp-content\/uploads\/2020\/11\/san-basilio.jpeg 1200w\" sizes=\"auto, (max-width: 600px) 100vw, 600px\" \/>La seccional ATE Adelia Mar\u00eda inform\u00f3 que se alcanz\u00f3 un acuerdo salarial con las autoridades municipales de la localidad de San Basilio por el que las y los trabajadores de la localidad recibir\u00e1n un aumento salarial del 9% para diciembre.<\/p>\n<p>De esta forma se conforma un acumulado anual del 35% en la recomposici\u00f3n del sector en todo el 2020.<\/p>\n<p>Participaron de la firma del acta correspondiente el intendente Ruben Moine, junto al secretario General de ATE Adelia Mar\u00eda, Diego Villegas, su Adjunto, Roberto Sanchez, y de Organizaci\u00f3n, Marcelo Alfonso.<\/p>\n<p>Adem\u00e1s, qued\u00f3 establecido el pago de un bono de 900 pesos a pagar por el D\u00eda del Trabajador Municipal del pr\u00f3ximo 8 de noviembre. En el marco de ese festejo, se suma tambi\u00e9n un d\u00eda de licencia que la y el trabajador se tomar\u00e1 cuando lo considere, en el marco de su licencia anual reglamentaria.<\/p>\n<p>Por \u00faltimo, qued\u00f3 establecido el compromiso para recategorizar al personal de acuerdo a las herramientas legales vigentes y el pase a planta permanente del personal precarizado en funci\u00f3n de su antig\u00fcedad.<\/p>\n","protected":false},"excerpt":{"rendered":"<p>La seccional ATE Adelia Mar\u00eda inform\u00f3 que se alcanz\u00f3 un acuerdo salarial con las autoridades municipales de la localidad de San Basilio por el que las y los trabajadores de la localidad recibir\u00e1n un aumento salarial del 9% para diciembre. De esta forma se conforma un acumulado anual del 35% en la recomposici\u00f3n del sector [&hellip;]<\/p>\n","protected":false},"author":7,"featured_media":22857,"comment_status":"open","ping_status":"open","sticky":true,"template":"","format":"standard","meta":{"_exactmetrics_skip_tracking":false,"_exactmetrics_sitenote_active":false,"_exactmetrics_sitenote_note":"","_exactmetrics_sitenote_category":0,"jnews-multi-image_gallery":[],"jnews_single_post":{"source_name":"","source_url":"","via_name":"","via_url":"","override_template":"0","override":[{"template":"1","single_blog_custom":"","parallax":"1","fullscreen":"0","layout":"right-sidebar","sidebar":"default-sidebar","second_sidebar":"default-sidebar","sticky_sidebar":"1","share_position":"top","share_float_style":"share-monocrhome","show_share_counter":"1","show_view_counter":"1","show_featured":"1","show_post_meta":"1","show_post_author":"1","show_post_author_image":"1","show_post_date":"1","post_date_format":"default","post_date_format_custom":"Y\/m\/d","show_post_category":"1","show_post_reading_time":"0","post_reading_time_wpm":"300","show_zoom_button":"0","zoom_button_out_step":"2","zoom_button_in_step":"3","show_post_tag":"1","show_prev_next_post":"1","show_popup_post":"1","number_popup_post":"1","show_author_box":"0","show_post_related":"0","show_inline_post_related":"0"}],"override_image_size":"0","image_override":[{"single_post_thumbnail_size":"crop-500","single_post_gallery_size":"crop-500"}],"trending_post":"0","trending_post_position":"meta","trending_post_label":"Trending","sponsored_post":"0","sponsored_post_label":"Sponsored by","sponsored_post_name":"","sponsored_post_url":"","sponsored_post_logo_enable":"0","sponsored_post_logo":"","sponsored_post_desc":""},"jnews_primary_category":{"id":""},"jnews_social_meta":{"fb_title":"","fb_description":"","fb_image":"","twitter_title":"","twitter_description":"","twitter_image":""},"jnews_review":[],"enable_review":"0","type":"percentage","name":"","summary":"","brand":"","sku":"","good":[{"good_text":""}],"bad":[{"bad_text":""}],"score_override":"","override_value":"","rating":[{"rating_text":"","rating_number":"10"}],"price":[{"shop":"","price":"","link":"","icon":""}],"jnews_override_counter":{"override_view_counter":"0","view_counter_number":"0","override_share_counter":"0","share_counter_number":"0","override_like_counter":"0","like_counter_number":"0","override_dislike_counter":"0","dislike_counter_number":"0"},"jnews_post_split":{"enable_post_split":"0","post_split":[{"template":"1","tag":"h2","numbering":"asc","mode":"normal"}]},"footnotes":""},"categories":[149,20,1],"tags":[662],"class_list":["post-22855","post","type-post","status-publish","format-standard","has-post-thumbnail","hentry","category-adelia-maria","category-municipales","category-sin-categoria","tag-san-basilio"],"jetpack_featured_media_url":"https:\/\/atecordoba.org\/wp-content\/uploads\/2020\/11\/san-basilio.jpeg","_links":{"self":[{"href":"https:\/\/atecordoba.org\/index.php?rest_route=\/wp\/v2\/posts\/22855","targetHints":{"allow":["GET"]}}],"collection":[{"href":"https:\/\/atecordoba.org\/index.php?rest_route=\/wp\/v2\/posts"}],"about":[{"href":"https:\/\/atecordoba.org\/index.php?rest_route=\/wp\/v2\/types\/post"}],"author":[{"embeddable":true,"href":"https:\/\/atecordoba.org\/index.php?rest_route=\/wp\/v2\/users\/7"}],"replies":[{"embeddable":true,"href":"https:\/\/atecordoba.org\/index.php?rest_route=%2Fwp%2Fv2%2Fcomments&post=22855"}],"version-history":[{"count":6,"href":"https:\/\/atecordoba.org\/index.php?rest_route=\/wp\/v2\/posts\/22855\/revisions"}],"predecessor-version":[{"id":22862,"href":"https:\/\/atecordoba.org\/index.php?rest_route=\/wp\/v2\/posts\/22855\/revisions\/22862"}],"wp:featuredmedia":[{"embeddable":true,"href":"https:\/\/atecordoba.org\/index.php?rest_route=\/wp\/v2\/media\/22857"}],"wp:attachment":[{"href":"https:\/\/atecordoba.org\/index.php?rest_route=%2Fwp%2Fv2%2Fmedia&parent=22855"}],"wp:term":[{"taxonomy":"category","embeddable":true,"href":"https:\/\/atecordoba.org\/index.php?rest_route=%2Fwp%2Fv2%2Fcategories&post=22855"},{"taxonomy":"post_tag","embeddable":true,"href":"https:\/\/atecordoba.org\/index.php?rest_route=%2Fwp%2Fv2%2Ftags&post=22855"}],"curies":[{"name":"wp","href":"https:\/\/api.w.org\/{rel}","templated":true}]}}