{"id":22841,"date":"2020-11-05T12:30:50","date_gmt":"2020-11-05T15:30:50","guid":{"rendered":"https:\/\/atecordoba.org\/?p=22841"},"modified":"2020-11-05T16:49:25","modified_gmt":"2020-11-05T19:49:25","slug":"giuliani-encabezo-el-corte-de-ate-anac-en-la-autopista-frente-al-aeropuerto-de-cordoba","status":"publish","type":"post","link":"https:\/\/atecordoba.org\/?p=22841","title":{"rendered":"Giuliani encabez\u00f3 el corte de ATE-ANAC en la autopista frente al Aeropuerto de C\u00f3rdoba"},"content":{"rendered":"<p><img loading=\"lazy\" decoding=\"async\" class=\" wp-image-22842 aligncenter\" src=\"https:\/\/atecordoba.org\/wp-content\/uploads\/2020\/11\/WhatsApp-Image-2020-11-05-at-11.16.09-1-300x139.jpeg\" alt=\"\" width=\"600\" height=\"278\" srcset=\"https:\/\/atecordoba.org\/wp-content\/uploads\/2020\/11\/WhatsApp-Image-2020-11-05-at-11.16.09-1-300x139.jpeg 300w, https:\/\/atecordoba.org\/wp-content\/uploads\/2020\/11\/WhatsApp-Image-2020-11-05-at-11.16.09-1-1024x473.jpeg 1024w, https:\/\/atecordoba.org\/wp-content\/uploads\/2020\/11\/WhatsApp-Image-2020-11-05-at-11.16.09-1-768x355.jpeg 768w, https:\/\/atecordoba.org\/wp-content\/uploads\/2020\/11\/WhatsApp-Image-2020-11-05-at-11.16.09-1-750x347.jpeg 750w, https:\/\/atecordoba.org\/wp-content\/uploads\/2020\/11\/WhatsApp-Image-2020-11-05-at-11.16.09-1.jpeg 1032w\" sizes=\"auto, (max-width: 600px) 100vw, 600px\" \/>En el marco de la jornada de protesta y lucha las y los trabajadores de la Administraci\u00f3n Nacional de Aviaci\u00f3n Civil iniciaron hoy la doble jornada de protesta, en reclamo nombramiento de personal, pase a planta de cientos de precarizados y el pago del bono para el personal esencial que el organismo no hizo efectivo aun a pasar que se trata de un sector donde la actividad no par\u00f3 en la pandemia.<\/p>\n<p>En C\u00f3rdoba, las y los trabajadores enrolados en ATE ANAC realizaron la medida de fuerza, cumpliendo al mismo tiempo con las guardias m\u00ednimas para mantener el servicio operativo. Desde primeras hora de la ma\u00f1ana, un importante grupo de compa\u00f1eros y compa\u00f1eras se moviliz\u00f3 al ingreso principal del Aeropuerto Internacional C\u00f3rdoba para realizar un acto simb\u00f3lico dentro del predio, en el espacio de acceso p\u00fablico.<img loading=\"lazy\" decoding=\"async\" class=\" wp-image-22843 alignright\" src=\"https:\/\/atecordoba.org\/wp-content\/uploads\/2020\/11\/WhatsApp-Image-2020-11-05-at-11.16.10-300x225.jpeg\" alt=\"\" width=\"437\" height=\"328\" srcset=\"https:\/\/atecordoba.org\/wp-content\/uploads\/2020\/11\/WhatsApp-Image-2020-11-05-at-11.16.10-300x225.jpeg 300w, https:\/\/atecordoba.org\/wp-content\/uploads\/2020\/11\/WhatsApp-Image-2020-11-05-at-11.16.10-1024x768.jpeg 1024w, https:\/\/atecordoba.org\/wp-content\/uploads\/2020\/11\/WhatsApp-Image-2020-11-05-at-11.16.10-768x576.jpeg 768w, https:\/\/atecordoba.org\/wp-content\/uploads\/2020\/11\/WhatsApp-Image-2020-11-05-at-11.16.10-750x563.jpeg 750w, https:\/\/atecordoba.org\/wp-content\/uploads\/2020\/11\/WhatsApp-Image-2020-11-05-at-11.16.10-1140x855.jpeg 1140w, https:\/\/atecordoba.org\/wp-content\/uploads\/2020\/11\/WhatsApp-Image-2020-11-05-at-11.16.10.jpeg 1280w\" sizes=\"auto, (max-width: 437px) 100vw, 437px\" \/><\/p>\n<p>Pero la Polic\u00eda de Seguridad Aeroportuaria impidi\u00f3 el paso de manera arbitraria y autoritaria por lo que se resolvi\u00f3 realizar un corte de media calzada de la autopista E55 para visibilizar la protesta.<\/p>\n<p>&#8220;Son demandas que tiene el sector desde hace mucho tiempo \u00a0y que se han profundizado en el marco de la pandemia. Las autoridades resolvieron la vuelta de los vuelos comerciales de manera unilateral, sin tener encuentra los graves problemas de precarizaci\u00f3n laboral. Los trabajadores de ANAC son personal esencial y nunca pararon su actividad, pero no cobraron el bono que estableci\u00f3 el gobierno para el personal de esa condici\u00f3n&#8221;, explic\u00f3 el secretario General de ATE C\u00f3rdoba, Federico Giuliani.<\/p>\n<p>&nbsp;<\/p>\n<div class=\"fb-video\" data-href=\"https:\/\/www.facebook.com\/atecba\/videos\/364206981467563\/\" data-show-text=\"false\" data-width=\"\">\n<blockquote class=\"fb-xfbml-parse-ignore\" cite=\"https:\/\/developers.facebook.com\/atecba\/videos\/364206981467563\/\"><p>&nbsp;<\/p>\n<p>#URGENTE<br \/>\n#Urgente<\/p>\n<p>La Polic\u00eda de Seguridad Aeroportuaria no permite la caravana de ATE en el Aeropuerto. Hay corte de media Calzada sobre autopista La Voz Del Interior.<\/p>\n<p>#EnDesarrollo<\/p>\n<p>Publicado por <a href=\"https:\/\/www.facebook.com\/atecba\/\">ATE &#8211; CDP Cordoba<\/a> en Jueves, 5 de noviembre de 2020<\/p><\/blockquote>\n<\/div>\n<p>&nbsp;<\/p>\n<p>El dirigente apunt\u00f3 a la necesidad de &#8220;incorporar m\u00e1s personal y categorizar a las y los compa\u00f1eros. No se pude reabrir el sistema de vuelos con personal en negro, precarizado y desbordado por la falta de brazos, despu\u00e9s de tantos meses de pandemia. A esto se suma que hay trabajadoras y trabajadores disponibles para reincorporar r\u00e1pidamente porque fueron despedidos del macrismo y aun hoy esperan que se cumpla el compromiso de esta gobierno cuando estaba en campa\u00f1a&#8221;.<\/p>\n<p><img loading=\"lazy\" decoding=\"async\" class=\" wp-image-22844 alignleft\" src=\"https:\/\/atecordoba.org\/wp-content\/uploads\/2020\/11\/WhatsApp-Image-2020-11-05-at-11.16.13-300x169.jpeg\" alt=\"\" width=\"408\" height=\"230\" srcset=\"https:\/\/atecordoba.org\/wp-content\/uploads\/2020\/11\/WhatsApp-Image-2020-11-05-at-11.16.13-300x169.jpeg 300w, https:\/\/atecordoba.org\/wp-content\/uploads\/2020\/11\/WhatsApp-Image-2020-11-05-at-11.16.13-1024x576.jpeg 1024w, https:\/\/atecordoba.org\/wp-content\/uploads\/2020\/11\/WhatsApp-Image-2020-11-05-at-11.16.13-768x432.jpeg 768w, https:\/\/atecordoba.org\/wp-content\/uploads\/2020\/11\/WhatsApp-Image-2020-11-05-at-11.16.13-750x422.jpeg 750w, https:\/\/atecordoba.org\/wp-content\/uploads\/2020\/11\/WhatsApp-Image-2020-11-05-at-11.16.13.jpeg 1080w\" sizes=\"auto, (max-width: 408px) 100vw, 408px\" \/>Por su parte, el coordinador nacional de ATE ANAC y delegado del Aeropuerto, Mario Arce, dijo que la falta de personal forma parte de una &#8220;crisis estructural&#8221;. &#8220;Pedimos el bono porque durante toda la pandemia estuvimos manteniendo la operatividad de los aeropuertos y cumplimos con las condiciones para recibir el bono de reconocimiento&#8221;.<\/p>\n<p>A su vez, Agustin Bertone, delegado de ATE Anac y vocal del CDP, agreg\u00f3 su perspectiva afirmando que &#8220;reclamamos por lo que creemos que es justo. El personal de la Anac tiene un promedio de edad muy mayor y por eso hay muchas licencias en la actualidad. Con el personal restante hay que cubrir las funciones del organismo y no estamos dando abasto. Se deben reincorporar los despedidos del macrismo para compensar la falta de personal y establecer un proceso de pase a planta permanente de los precarizados, que son 250 en todo el pa\u00eds&#8221;.<\/p>\n<p>La medida de fuerza tambi\u00e9n se realiz\u00f3 en R\u00edo Cuarto.<\/p>\n<div class=\"epyt-video-wrapper\"><iframe loading=\"lazy\"  style=\"display: block; margin: 0px auto;\"  id=\"_ytid_30166\"  width=\"480\" height=\"270\"  data-origwidth=\"480\" data-origheight=\"270\" src=\"https:\/\/www.youtube.com\/embed\/DFH-1cjxMl0?enablejsapi=1&#038;autoplay=0&#038;cc_load_policy=0&#038;cc_lang_pref=&#038;iv_load_policy=3&#038;loop=0&#038;rel=0&#038;fs=1&#038;playsinline=0&#038;autohide=2&#038;theme=dark&#038;color=red&#038;controls=1&#038;disablekb=0&#038;\" class=\"__youtube_prefs__  epyt-is-override  no-lazyload\" title=\"YouTube player\"  allow=\"fullscreen; accelerometer; autoplay; clipboard-write; encrypted-media; gyroscope; picture-in-picture; web-share\" referrerpolicy=\"strict-origin-when-cross-origin\" allowfullscreen data-no-lazy=\"1\" data-skipgform_ajax_framebjll=\"\"><\/iframe><\/div>\n<div id='gallery_1' class='gallery galleryid-22841 gallery-columns-3 gallery-size-full'><figure class='gallery-item'>\n                <div class='gallery-icon landscape'>\n                    <a href='https:\/\/atecordoba.org\/wp-content\/uploads\/2020\/11\/WhatsApp-Image-2020-11-05-at-11.16.09.jpeg'><img loading=\"lazy\" decoding=\"async\" width=\"1000\" height=\"562\" src=\"\" class=\"attachment-full size-full lazyload\" alt=\"\" data-src=\"https:\/\/atecordoba.org\/wp-content\/uploads\/2020\/11\/WhatsApp-Image-2020-11-05-at-11.16.09.jpeg\" data-sizes=\"auto\" data-srcset=\"https:\/\/atecordoba.org\/wp-content\/uploads\/2020\/11\/WhatsApp-Image-2020-11-05-at-11.16.09.jpeg 1000w, https:\/\/atecordoba.org\/wp-content\/uploads\/2020\/11\/WhatsApp-Image-2020-11-05-at-11.16.09-300x169.jpeg 300w, https:\/\/atecordoba.org\/wp-content\/uploads\/2020\/11\/WhatsApp-Image-2020-11-05-at-11.16.09-768x432.jpeg 768w, https:\/\/atecordoba.org\/wp-content\/uploads\/2020\/11\/WhatsApp-Image-2020-11-05-at-11.16.09-750x422.jpeg 750w\" data-expand=\"700\" \/><\/a>\n                <\/div><\/figure><figure class='gallery-item'>\n                <div class='gallery-icon landscape'>\n                    <a href='https:\/\/atecordoba.org\/wp-content\/uploads\/2020\/11\/WhatsApp-Image-2020-11-05-at-11.16.11-1.jpeg'><img loading=\"lazy\" decoding=\"async\" width=\"1280\" height=\"720\" src=\"\" class=\"attachment-full size-full lazyload\" alt=\"\" data-src=\"https:\/\/atecordoba.org\/wp-content\/uploads\/2020\/11\/WhatsApp-Image-2020-11-05-at-11.16.11-1.jpeg\" data-sizes=\"auto\" data-srcset=\"https:\/\/atecordoba.org\/wp-content\/uploads\/2020\/11\/WhatsApp-Image-2020-11-05-at-11.16.11-1.jpeg 1280w, https:\/\/atecordoba.org\/wp-content\/uploads\/2020\/11\/WhatsApp-Image-2020-11-05-at-11.16.11-1-300x169.jpeg 300w, https:\/\/atecordoba.org\/wp-content\/uploads\/2020\/11\/WhatsApp-Image-2020-11-05-at-11.16.11-1-1024x576.jpeg 1024w, https:\/\/atecordoba.org\/wp-content\/uploads\/2020\/11\/WhatsApp-Image-2020-11-05-at-11.16.11-1-768x432.jpeg 768w, https:\/\/atecordoba.org\/wp-content\/uploads\/2020\/11\/WhatsApp-Image-2020-11-05-at-11.16.11-1-750x422.jpeg 750w, https:\/\/atecordoba.org\/wp-content\/uploads\/2020\/11\/WhatsApp-Image-2020-11-05-at-11.16.11-1-1140x641.jpeg 1140w\" data-expand=\"700\" \/><\/a>\n                <\/div><\/figure><figure class='gallery-item'>\n                <div class='gallery-icon landscape'>\n                    <a href='https:\/\/atecordoba.org\/wp-content\/uploads\/2020\/11\/WhatsApp-Image-2020-11-05-at-11.16.11.jpeg'><img loading=\"lazy\" decoding=\"async\" width=\"1280\" height=\"720\" src=\"\" class=\"attachment-full size-full lazyload\" alt=\"\" data-src=\"https:\/\/atecordoba.org\/wp-content\/uploads\/2020\/11\/WhatsApp-Image-2020-11-05-at-11.16.11.jpeg\" data-sizes=\"auto\" data-srcset=\"https:\/\/atecordoba.org\/wp-content\/uploads\/2020\/11\/WhatsApp-Image-2020-11-05-at-11.16.11.jpeg 1280w, https:\/\/atecordoba.org\/wp-content\/uploads\/2020\/11\/WhatsApp-Image-2020-11-05-at-11.16.11-300x169.jpeg 300w, https:\/\/atecordoba.org\/wp-content\/uploads\/2020\/11\/WhatsApp-Image-2020-11-05-at-11.16.11-1024x576.jpeg 1024w, https:\/\/atecordoba.org\/wp-content\/uploads\/2020\/11\/WhatsApp-Image-2020-11-05-at-11.16.11-768x432.jpeg 768w, https:\/\/atecordoba.org\/wp-content\/uploads\/2020\/11\/WhatsApp-Image-2020-11-05-at-11.16.11-750x422.jpeg 750w, https:\/\/atecordoba.org\/wp-content\/uploads\/2020\/11\/WhatsApp-Image-2020-11-05-at-11.16.11-1140x641.jpeg 1140w\" data-expand=\"700\" \/><\/a>\n                <\/div><\/figure><br style=\"clear: both\" \/><figure class='gallery-item'>\n                <div class='gallery-icon landscape'>\n                    <a href='https:\/\/atecordoba.org\/wp-content\/uploads\/2020\/11\/WhatsApp-Image-2020-11-05-at-11.16.12-1.jpeg'><img loading=\"lazy\" decoding=\"async\" width=\"1280\" height=\"720\" src=\"\" class=\"attachment-full size-full lazyload\" alt=\"\" data-src=\"https:\/\/atecordoba.org\/wp-content\/uploads\/2020\/11\/WhatsApp-Image-2020-11-05-at-11.16.12-1.jpeg\" data-sizes=\"auto\" data-srcset=\"https:\/\/atecordoba.org\/wp-content\/uploads\/2020\/11\/WhatsApp-Image-2020-11-05-at-11.16.12-1.jpeg 1280w, https:\/\/atecordoba.org\/wp-content\/uploads\/2020\/11\/WhatsApp-Image-2020-11-05-at-11.16.12-1-300x169.jpeg 300w, https:\/\/atecordoba.org\/wp-content\/uploads\/2020\/11\/WhatsApp-Image-2020-11-05-at-11.16.12-1-1024x576.jpeg 1024w, https:\/\/atecordoba.org\/wp-content\/uploads\/2020\/11\/WhatsApp-Image-2020-11-05-at-11.16.12-1-768x432.jpeg 768w, https:\/\/atecordoba.org\/wp-content\/uploads\/2020\/11\/WhatsApp-Image-2020-11-05-at-11.16.12-1-750x422.jpeg 750w, https:\/\/atecordoba.org\/wp-content\/uploads\/2020\/11\/WhatsApp-Image-2020-11-05-at-11.16.12-1-1140x641.jpeg 1140w\" data-expand=\"700\" \/><\/a>\n                <\/div><\/figure><figure class='gallery-item'>\n                <div class='gallery-icon landscape'>\n                    <a href='https:\/\/atecordoba.org\/wp-content\/uploads\/2020\/11\/WhatsApp-Image-2020-11-05-at-11.16.12.jpeg'><img loading=\"lazy\" decoding=\"async\" width=\"1280\" height=\"720\" src=\"\" class=\"attachment-full size-full lazyload\" alt=\"\" data-src=\"https:\/\/atecordoba.org\/wp-content\/uploads\/2020\/11\/WhatsApp-Image-2020-11-05-at-11.16.12.jpeg\" data-sizes=\"auto\" data-srcset=\"https:\/\/atecordoba.org\/wp-content\/uploads\/2020\/11\/WhatsApp-Image-2020-11-05-at-11.16.12.jpeg 1280w, https:\/\/atecordoba.org\/wp-content\/uploads\/2020\/11\/WhatsApp-Image-2020-11-05-at-11.16.12-300x169.jpeg 300w, https:\/\/atecordoba.org\/wp-content\/uploads\/2020\/11\/WhatsApp-Image-2020-11-05-at-11.16.12-1024x576.jpeg 1024w, https:\/\/atecordoba.org\/wp-content\/uploads\/2020\/11\/WhatsApp-Image-2020-11-05-at-11.16.12-768x432.jpeg 768w, https:\/\/atecordoba.org\/wp-content\/uploads\/2020\/11\/WhatsApp-Image-2020-11-05-at-11.16.12-750x422.jpeg 750w, https:\/\/atecordoba.org\/wp-content\/uploads\/2020\/11\/WhatsApp-Image-2020-11-05-at-11.16.12-1140x641.jpeg 1140w\" data-expand=\"700\" \/><\/a>\n                <\/div><\/figure><figure class='gallery-item'>\n                <div class='gallery-icon landscape'>\n                    <a href='https:\/\/atecordoba.org\/wp-content\/uploads\/2020\/11\/WhatsApp-Image-2020-11-05-at-11.16.13-1.jpeg'><img loading=\"lazy\" decoding=\"async\" width=\"1080\" height=\"608\" src=\"\" class=\"attachment-full size-full lazyload\" alt=\"\" data-src=\"https:\/\/atecordoba.org\/wp-content\/uploads\/2020\/11\/WhatsApp-Image-2020-11-05-at-11.16.13-1.jpeg\" data-sizes=\"auto\" data-srcset=\"https:\/\/atecordoba.org\/wp-content\/uploads\/2020\/11\/WhatsApp-Image-2020-11-05-at-11.16.13-1.jpeg 1080w, https:\/\/atecordoba.org\/wp-content\/uploads\/2020\/11\/WhatsApp-Image-2020-11-05-at-11.16.13-1-300x169.jpeg 300w, https:\/\/atecordoba.org\/wp-content\/uploads\/2020\/11\/WhatsApp-Image-2020-11-05-at-11.16.13-1-1024x576.jpeg 1024w, https:\/\/atecordoba.org\/wp-content\/uploads\/2020\/11\/WhatsApp-Image-2020-11-05-at-11.16.13-1-768x432.jpeg 768w, https:\/\/atecordoba.org\/wp-content\/uploads\/2020\/11\/WhatsApp-Image-2020-11-05-at-11.16.13-1-750x422.jpeg 750w\" data-expand=\"700\" \/><\/a>\n                <\/div><\/figure><br style=\"clear: both\" \/><figure class='gallery-item'>\n                <div class='gallery-icon landscape'>\n                    <a href='https:\/\/atecordoba.org\/wp-content\/uploads\/2020\/11\/WhatsApp-Image-2020-11-05-at-11.16.14-1.jpeg'><img loading=\"lazy\" decoding=\"async\" width=\"1280\" height=\"720\" src=\"\" class=\"attachment-full size-full lazyload\" alt=\"\" data-src=\"https:\/\/atecordoba.org\/wp-content\/uploads\/2020\/11\/WhatsApp-Image-2020-11-05-at-11.16.14-1.jpeg\" data-sizes=\"auto\" data-srcset=\"https:\/\/atecordoba.org\/wp-content\/uploads\/2020\/11\/WhatsApp-Image-2020-11-05-at-11.16.14-1.jpeg 1280w, https:\/\/atecordoba.org\/wp-content\/uploads\/2020\/11\/WhatsApp-Image-2020-11-05-at-11.16.14-1-300x169.jpeg 300w, https:\/\/atecordoba.org\/wp-content\/uploads\/2020\/11\/WhatsApp-Image-2020-11-05-at-11.16.14-1-1024x576.jpeg 1024w, https:\/\/atecordoba.org\/wp-content\/uploads\/2020\/11\/WhatsApp-Image-2020-11-05-at-11.16.14-1-768x432.jpeg 768w, https:\/\/atecordoba.org\/wp-content\/uploads\/2020\/11\/WhatsApp-Image-2020-11-05-at-11.16.14-1-750x422.jpeg 750w, https:\/\/atecordoba.org\/wp-content\/uploads\/2020\/11\/WhatsApp-Image-2020-11-05-at-11.16.14-1-1140x641.jpeg 1140w\" data-expand=\"700\" \/><\/a>\n                <\/div><\/figure><figure class='gallery-item'>\n                <div class='gallery-icon landscape'>\n                    <a href='https:\/\/atecordoba.org\/wp-content\/uploads\/2020\/11\/WhatsApp-Image-2020-11-05-at-11.16.14.jpeg'><img loading=\"lazy\" decoding=\"async\" width=\"1280\" height=\"720\" src=\"\" class=\"attachment-full size-full lazyload\" alt=\"\" data-src=\"https:\/\/atecordoba.org\/wp-content\/uploads\/2020\/11\/WhatsApp-Image-2020-11-05-at-11.16.14.jpeg\" data-sizes=\"auto\" data-srcset=\"https:\/\/atecordoba.org\/wp-content\/uploads\/2020\/11\/WhatsApp-Image-2020-11-05-at-11.16.14.jpeg 1280w, https:\/\/atecordoba.org\/wp-content\/uploads\/2020\/11\/WhatsApp-Image-2020-11-05-at-11.16.14-300x169.jpeg 300w, https:\/\/atecordoba.org\/wp-content\/uploads\/2020\/11\/WhatsApp-Image-2020-11-05-at-11.16.14-1024x576.jpeg 1024w, https:\/\/atecordoba.org\/wp-content\/uploads\/2020\/11\/WhatsApp-Image-2020-11-05-at-11.16.14-768x432.jpeg 768w, https:\/\/atecordoba.org\/wp-content\/uploads\/2020\/11\/WhatsApp-Image-2020-11-05-at-11.16.14-750x422.jpeg 750w, https:\/\/atecordoba.org\/wp-content\/uploads\/2020\/11\/WhatsApp-Image-2020-11-05-at-11.16.14-1140x641.jpeg 1140w\" data-expand=\"700\" \/><\/a>\n                <\/div><\/figure><figure class='gallery-item'>\n                <div class='gallery-icon landscape'>\n                    <a href='https:\/\/atecordoba.org\/wp-content\/uploads\/2020\/11\/WhatsApp-Image-2020-11-05-at-12.24.44.jpeg'><img loading=\"lazy\" decoding=\"async\" width=\"720\" height=\"540\" src=\"\" class=\"attachment-full size-full lazyload\" alt=\"\" data-src=\"https:\/\/atecordoba.org\/wp-content\/uploads\/2020\/11\/WhatsApp-Image-2020-11-05-at-12.24.44.jpeg\" data-sizes=\"auto\" data-srcset=\"https:\/\/atecordoba.org\/wp-content\/uploads\/2020\/11\/WhatsApp-Image-2020-11-05-at-12.24.44.jpeg 720w, https:\/\/atecordoba.org\/wp-content\/uploads\/2020\/11\/WhatsApp-Image-2020-11-05-at-12.24.44-300x225.jpeg 300w\" data-expand=\"700\" \/><\/a>\n                <\/div><\/figure><br style=\"clear: both\" \/>\n            <\/div>\n\n","protected":false},"excerpt":{"rendered":"<p>En el marco de la jornada de protesta y lucha las y los trabajadores de la Administraci\u00f3n Nacional de Aviaci\u00f3n Civil iniciaron hoy la doble jornada de protesta, en reclamo nombramiento de personal, pase a planta de cientos de precarizados y el pago del bono para el personal esencial que el organismo no hizo efectivo [&hellip;]<\/p>\n","protected":false},"author":7,"featured_media":22842,"comment_status":"open","ping_status":"open","sticky":true,"template":"","format":"standard","meta":{"_exactmetrics_skip_tracking":false,"_exactmetrics_sitenote_active":false,"_exactmetrics_sitenote_note":"","_exactmetrics_sitenote_category":0,"jnews-multi-image_gallery":[],"jnews_single_post":{"source_name":"","source_url":"","via_name":"","via_url":"","override_template":"0","override":[{"template":"1","single_blog_custom":"","parallax":"1","fullscreen":"0","layout":"right-sidebar","sidebar":"default-sidebar","second_sidebar":"default-sidebar","sticky_sidebar":"1","share_position":"top","share_float_style":"share-monocrhome","show_share_counter":"1","show_view_counter":"1","show_featured":"1","show_post_meta":"1","show_post_author":"1","show_post_author_image":"1","show_post_date":"1","post_date_format":"default","post_date_format_custom":"Y\/m\/d","show_post_category":"1","show_post_reading_time":"0","post_reading_time_wpm":"300","show_zoom_button":"0","zoom_button_out_step":"2","zoom_button_in_step":"3","show_post_tag":"1","show_prev_next_post":"1","show_popup_post":"1","number_popup_post":"1","show_author_box":"0","show_post_related":"0","show_inline_post_related":"0"}],"override_image_size":"0","image_override":[{"single_post_thumbnail_size":"crop-500","single_post_gallery_size":"crop-500"}],"trending_post":"0","trending_post_position":"meta","trending_post_label":"Trending","sponsored_post":"0","sponsored_post_label":"Sponsored by","sponsored_post_name":"","sponsored_post_url":"","sponsored_post_logo_enable":"0","sponsored_post_logo":"","sponsored_post_desc":""},"jnews_primary_category":{"id":""},"jnews_social_meta":{"fb_title":"","fb_description":"","fb_image":"","twitter_title":"","twitter_description":"","twitter_image":""},"jnews_review":[],"enable_review":"0","type":"percentage","name":"","summary":"","brand":"","sku":"","good":[{"good_text":""}],"bad":[{"bad_text":""}],"score_override":"","override_value":"","rating":[{"rating_text":"","rating_number":"10"}],"price":[{"shop":"","price":"","link":"","icon":""}],"jnews_override_counter":{"override_view_counter":"0","view_counter_number":"0","override_share_counter":"0","share_counter_number":"0","override_like_counter":"0","like_counter_number":"0","override_dislike_counter":"0","dislike_counter_number":"0"},"jnews_post_split":{"enable_post_split":"0","post_split":[{"template":"1","tag":"h2","numbering":"asc","mode":"normal"}]},"footnotes":""},"categories":[341,18,12],"tags":[33,595],"class_list":["post-22841","post","type-post","status-publish","format-standard","has-post-thumbnail","hentry","category-cdp","category-nacionales","category-rio-cuarto","tag-anac","tag-paro-nacional"],"jetpack_featured_media_url":"https:\/\/atecordoba.org\/wp-content\/uploads\/2020\/11\/WhatsApp-Image-2020-11-05-at-11.16.09-1.jpeg","_links":{"self":[{"href":"https:\/\/atecordoba.org\/index.php?rest_route=\/wp\/v2\/posts\/22841","targetHints":{"allow":["GET"]}}],"collection":[{"href":"https:\/\/atecordoba.org\/index.php?rest_route=\/wp\/v2\/posts"}],"about":[{"href":"https:\/\/atecordoba.org\/index.php?rest_route=\/wp\/v2\/types\/post"}],"author":[{"embeddable":true,"href":"https:\/\/atecordoba.org\/index.php?rest_route=\/wp\/v2\/users\/7"}],"replies":[{"embeddable":true,"href":"https:\/\/atecordoba.org\/index.php?rest_route=%2Fwp%2Fv2%2Fcomments&post=22841"}],"version-history":[{"count":4,"href":"https:\/\/atecordoba.org\/index.php?rest_route=\/wp\/v2\/posts\/22841\/revisions"}],"predecessor-version":[{"id":22869,"href":"https:\/\/atecordoba.org\/index.php?rest_route=\/wp\/v2\/posts\/22841\/revisions\/22869"}],"wp:featuredmedia":[{"embeddable":true,"href":"https:\/\/atecordoba.org\/index.php?rest_route=\/wp\/v2\/media\/22842"}],"wp:attachment":[{"href":"https:\/\/atecordoba.org\/index.php?rest_route=%2Fwp%2Fv2%2Fmedia&parent=22841"}],"wp:term":[{"taxonomy":"category","embeddable":true,"href":"https:\/\/atecordoba.org\/index.php?rest_route=%2Fwp%2Fv2%2Fcategories&post=22841"},{"taxonomy":"post_tag","embeddable":true,"href":"https:\/\/atecordoba.org\/index.php?rest_route=%2Fwp%2Fv2%2Ftags&post=22841"}],"curies":[{"name":"wp","href":"https:\/\/api.w.org\/{rel}","templated":true}]}}