{"id":22790,"date":"2020-11-04T10:06:33","date_gmt":"2020-11-04T13:06:33","guid":{"rendered":"https:\/\/atecordoba.org\/?p=22790"},"modified":"2020-11-04T10:06:33","modified_gmt":"2020-11-04T13:06:33","slug":"ate-sera-recibido-por-los-bloques-opositores-de-la-legislatura","status":"publish","type":"post","link":"https:\/\/atecordoba.org\/?p=22790","title":{"rendered":"ATE ser\u00e1 recibido por los bloques opositores de la Legislatura"},"content":{"rendered":"<p><img loading=\"lazy\" decoding=\"async\" class=\" wp-image-22319 aligncenter\" src=\"https:\/\/atecordoba.org\/wp-content\/uploads\/2020\/10\/WhatsApp-Image-2020-10-14-at-11.26.04-300x169.jpeg\" alt=\"\" width=\"588\" height=\"331\" srcset=\"https:\/\/atecordoba.org\/wp-content\/uploads\/2020\/10\/WhatsApp-Image-2020-10-14-at-11.26.04-300x169.jpeg 300w, https:\/\/atecordoba.org\/wp-content\/uploads\/2020\/10\/WhatsApp-Image-2020-10-14-at-11.26.04.jpeg 552w\" sizes=\"auto, (max-width: 588px) 100vw, 588px\" \/>Ante el <a href=\"https:\/\/atecordoba.org\/?p=22524\">pedido de ATE para que intervenga la Legislatura<\/a> por la grave crisis de la salud provincial, en el marco de la pandemia, el Consejo Directivo Provincial (CDP) ser\u00e1 recibido hoy en el cuerpo por los bloques opositores.<\/p>\n<p>A partir del plateo de nuestro gremio, la semana pasada se activ\u00f3 el proceso para pedir la interpelaci\u00f3n de los responsables de la Salud Provincial, contando para ello <a href=\"https:\/\/atecordoba.org\/?p=22566\">con el aval<\/a> de la UCR, MTS Nueva Izquierda, FIT, Encuentro Vecinal, Juntos por el Cambio y ARI.<\/p>\n<p>El secretario General de ATE C\u00f3rdoba, Federico Giuliani, trasladar\u00e1 a los legisladores<a href=\"https:\/\/atecordoba.org\/?p=22615\"> los reclamos de las y los trabajadores del equipo de salud<\/a>, ignorados por el gobierno provincial, sobre salario, condiciones de trabajo y nombramiento de personal en la primera l\u00ednea de atenci\u00f3n de la pandemia.<\/p>\n<p>La reuni\u00f3n se producir\u00e1 en el marco de la protesta que hoy se est\u00e1 llevando a cabo en toda la provincia impulsada por la Multisectorial de la Salud, cuyo plan de lucha va a coronarse con un paro provincial el pr\u00f3ximo 10 de noviembre.<\/p>\n<p>Vale recordar, que el Gobierno de Schiaretti acord\u00f3 con el SEP una pauta salarial a la baja, y que posteriormente convoc\u00f3 a los gremios con representaci\u00f3n de la salud provincial para ofrecer una escasa bonificaci\u00f3n y en negro, <a href=\"https:\/\/atecordoba.org\/?p=22696\">oferta rechazada<\/a> por insuficiente.<\/p>\n","protected":false},"excerpt":{"rendered":"<p>Ante el pedido de ATE para que intervenga la Legislatura por la grave crisis de la salud provincial, en el marco de la pandemia, el Consejo Directivo Provincial (CDP) ser\u00e1 recibido hoy en el cuerpo por los bloques opositores. A partir del plateo de nuestro gremio, la semana pasada se activ\u00f3 el proceso para pedir [&hellip;]<\/p>\n","protected":false},"author":7,"featured_media":22553,"comment_status":"open","ping_status":"open","sticky":true,"template":"","format":"standard","meta":{"_exactmetrics_skip_tracking":false,"_exactmetrics_sitenote_active":false,"_exactmetrics_sitenote_note":"","_exactmetrics_sitenote_category":0,"jnews-multi-image_gallery":[],"jnews_single_post":{"source_name":"","source_url":"","via_name":"","via_url":"","override_template":"0","override":[{"template":"1","single_blog_custom":"","parallax":"1","fullscreen":"0","layout":"right-sidebar","sidebar":"default-sidebar","second_sidebar":"default-sidebar","sticky_sidebar":"1","share_position":"top","share_float_style":"share-monocrhome","show_share_counter":"1","show_view_counter":"1","show_featured":"1","show_post_meta":"1","show_post_author":"1","show_post_author_image":"1","show_post_date":"1","post_date_format":"default","post_date_format_custom":"Y\/m\/d","show_post_category":"1","show_post_reading_time":"0","post_reading_time_wpm":"300","show_zoom_button":"0","zoom_button_out_step":"2","zoom_button_in_step":"3","show_post_tag":"1","show_prev_next_post":"1","show_popup_post":"1","number_popup_post":"1","show_author_box":"0","show_post_related":"0","show_inline_post_related":"0"}],"override_image_size":"0","image_override":[{"single_post_thumbnail_size":"crop-500","single_post_gallery_size":"crop-500"}],"trending_post":"0","trending_post_position":"meta","trending_post_label":"Trending","sponsored_post":"0","sponsored_post_label":"Sponsored by","sponsored_post_name":"","sponsored_post_url":"","sponsored_post_logo_enable":"0","sponsored_post_logo":"","sponsored_post_desc":""},"jnews_primary_category":{"id":""},"jnews_social_meta":{"fb_title":"","fb_description":"","fb_image":"","twitter_title":"","twitter_description":"","twitter_image":""},"jnews_review":[],"enable_review":"0","type":"percentage","name":"","summary":"","brand":"","sku":"","good":[{"good_text":""}],"bad":[{"bad_text":""}],"score_override":"","override_value":"","rating":[{"rating_text":"","rating_number":"10"}],"price":[{"shop":"","price":"","link":"","icon":""}],"jnews_override_counter":{"override_view_counter":"0","view_counter_number":"0","override_share_counter":"0","share_counter_number":"0","override_like_counter":"0","like_counter_number":"0","override_dislike_counter":"0","dislike_counter_number":"0"},"jnews_post_split":{"enable_post_split":"0","post_split":[{"template":"1","tag":"h2","numbering":"asc","mode":"normal"}]},"footnotes":""},"categories":[8],"tags":[660,606],"class_list":["post-22790","post","type-post","status-publish","format-standard","has-post-thumbnail","hentry","category-provinciales","tag-bloques-opositores","tag-legislatura"],"jetpack_featured_media_url":"https:\/\/atecordoba.org\/wp-content\/uploads\/2020\/10\/legisltura.jpg","_links":{"self":[{"href":"https:\/\/atecordoba.org\/index.php?rest_route=\/wp\/v2\/posts\/22790","targetHints":{"allow":["GET"]}}],"collection":[{"href":"https:\/\/atecordoba.org\/index.php?rest_route=\/wp\/v2\/posts"}],"about":[{"href":"https:\/\/atecordoba.org\/index.php?rest_route=\/wp\/v2\/types\/post"}],"author":[{"embeddable":true,"href":"https:\/\/atecordoba.org\/index.php?rest_route=\/wp\/v2\/users\/7"}],"replies":[{"embeddable":true,"href":"https:\/\/atecordoba.org\/index.php?rest_route=%2Fwp%2Fv2%2Fcomments&post=22790"}],"version-history":[{"count":1,"href":"https:\/\/atecordoba.org\/index.php?rest_route=\/wp\/v2\/posts\/22790\/revisions"}],"predecessor-version":[{"id":22791,"href":"https:\/\/atecordoba.org\/index.php?rest_route=\/wp\/v2\/posts\/22790\/revisions\/22791"}],"wp:featuredmedia":[{"embeddable":true,"href":"https:\/\/atecordoba.org\/index.php?rest_route=\/wp\/v2\/media\/22553"}],"wp:attachment":[{"href":"https:\/\/atecordoba.org\/index.php?rest_route=%2Fwp%2Fv2%2Fmedia&parent=22790"}],"wp:term":[{"taxonomy":"category","embeddable":true,"href":"https:\/\/atecordoba.org\/index.php?rest_route=%2Fwp%2Fv2%2Fcategories&post=22790"},{"taxonomy":"post_tag","embeddable":true,"href":"https:\/\/atecordoba.org\/index.php?rest_route=%2Fwp%2Fv2%2Ftags&post=22790"}],"curies":[{"name":"wp","href":"https:\/\/api.w.org\/{rel}","templated":true}]}}