{"id":22768,"date":"2020-11-03T14:09:31","date_gmt":"2020-11-03T17:09:31","guid":{"rendered":"https:\/\/atecordoba.org\/?p=22768"},"modified":"2020-11-03T14:09:55","modified_gmt":"2020-11-03T17:09:55","slug":"ate-mantuvo-una-audiencia-con-la-direccion-del-hospital-materno-neonatal","status":"publish","type":"post","link":"https:\/\/atecordoba.org\/?p=22768","title":{"rendered":"ATE mantuvo una audiencia con la Direcci\u00f3n del Hospital Materno Neonatal"},"content":{"rendered":"<figure id=\"attachment_22769\" aria-describedby=\"caption-attachment-22769\" style=\"width: 553px\" class=\"wp-caption aligncenter\"><img loading=\"lazy\" decoding=\"async\" class=\"wp-image-22769\" src=\"https:\/\/atecordoba.org\/wp-content\/uploads\/2020\/11\/WhatsApp-Image-2020-11-03-at-13.43.03-300x225.jpeg\" alt=\"\" width=\"553\" height=\"415\" srcset=\"https:\/\/atecordoba.org\/wp-content\/uploads\/2020\/11\/WhatsApp-Image-2020-11-03-at-13.43.03-300x225.jpeg 300w, https:\/\/atecordoba.org\/wp-content\/uploads\/2020\/11\/WhatsApp-Image-2020-11-03-at-13.43.03-1024x768.jpeg 1024w, https:\/\/atecordoba.org\/wp-content\/uploads\/2020\/11\/WhatsApp-Image-2020-11-03-at-13.43.03-768x576.jpeg 768w, https:\/\/atecordoba.org\/wp-content\/uploads\/2020\/11\/WhatsApp-Image-2020-11-03-at-13.43.03-750x563.jpeg 750w, https:\/\/atecordoba.org\/wp-content\/uploads\/2020\/11\/WhatsApp-Image-2020-11-03-at-13.43.03.jpeg 1032w\" sizes=\"auto, (max-width: 553px) 100vw, 553px\" \/><figcaption id=\"caption-attachment-22769\" class=\"wp-caption-text\">Reuni\u00f3n con la Directora del hospital, Liliana Asis.<\/figcaption><\/figure>\n<p>Integrantes del Consejo Directivo Provincial (CDP) se reunieron hoy con la Direcci\u00f3n del Hospital Materno Neonatal en el marco de una visita realizada al centro de salud para difundir el paro que se concretar\u00e1 ma\u00f1ana en toda la provincia.<\/p>\n<p>En la oportunidad, la directora Liliana Asis confirm\u00f3 que es muy alto el faltante de personal para el normal funcionamiento del hospital.<\/p>\n<p>La delegaci\u00f3n de ATE recorri\u00f3 el nosocomio y entabl\u00f3 distintas charlas con las y los compa\u00f1eros del sector.<\/p>\n<p>En la audiencia participaron el delegado de ATE, Diego Chavez, junto los secretarios de Organizaci\u00f3n del CDP, Omar Alerzia, y Gremial, Daniela Pawluzchuk.<\/p>\n<p>&nbsp;<\/p>\n<div id='gallery_1' class='gallery galleryid-22768 gallery-columns-3 gallery-size-large'><figure class='gallery-item'>\n                <div class='gallery-icon portrait'>\n                    <a href='https:\/\/atecordoba.org\/wp-content\/uploads\/2020\/11\/WhatsApp-Image-2020-11-03-at-13.43.05.jpeg'><img loading=\"lazy\" decoding=\"async\" width=\"768\" height=\"1024\" src=\"\" class=\"attachment-large size-large lazyload\" alt=\"\" data-src=\"https:\/\/atecordoba.org\/wp-content\/uploads\/2020\/11\/WhatsApp-Image-2020-11-03-at-13.43.05-768x1024.jpeg\" data-sizes=\"auto\" data-srcset=\"https:\/\/atecordoba.org\/wp-content\/uploads\/2020\/11\/WhatsApp-Image-2020-11-03-at-13.43.05-768x1024.jpeg 768w, https:\/\/atecordoba.org\/wp-content\/uploads\/2020\/11\/WhatsApp-Image-2020-11-03-at-13.43.05-225x300.jpeg 225w, https:\/\/atecordoba.org\/wp-content\/uploads\/2020\/11\/WhatsApp-Image-2020-11-03-at-13.43.05-750x1000.jpeg 750w, https:\/\/atecordoba.org\/wp-content\/uploads\/2020\/11\/WhatsApp-Image-2020-11-03-at-13.43.05.jpeg 774w\" data-expand=\"700\" \/><\/a>\n                <\/div><\/figure><figure class='gallery-item'>\n                <div class='gallery-icon portrait'>\n                    <a href='https:\/\/atecordoba.org\/wp-content\/uploads\/2020\/11\/WhatsApp-Image-2020-11-03-at-13.43.02.jpeg'><img loading=\"lazy\" decoding=\"async\" width=\"768\" height=\"1024\" src=\"\" class=\"attachment-large size-large lazyload\" alt=\"\" data-src=\"https:\/\/atecordoba.org\/wp-content\/uploads\/2020\/11\/WhatsApp-Image-2020-11-03-at-13.43.02-768x1024.jpeg\" data-sizes=\"auto\" data-srcset=\"https:\/\/atecordoba.org\/wp-content\/uploads\/2020\/11\/WhatsApp-Image-2020-11-03-at-13.43.02-768x1024.jpeg 768w, https:\/\/atecordoba.org\/wp-content\/uploads\/2020\/11\/WhatsApp-Image-2020-11-03-at-13.43.02-225x300.jpeg 225w, https:\/\/atecordoba.org\/wp-content\/uploads\/2020\/11\/WhatsApp-Image-2020-11-03-at-13.43.02-750x1000.jpeg 750w, https:\/\/atecordoba.org\/wp-content\/uploads\/2020\/11\/WhatsApp-Image-2020-11-03-at-13.43.02.jpeg 960w\" data-expand=\"700\" \/><\/a>\n                <\/div><\/figure><figure class='gallery-item'>\n                <div class='gallery-icon landscape'>\n                    <a href='https:\/\/atecordoba.org\/wp-content\/uploads\/2020\/11\/WhatsApp-Image-2020-11-03-at-13.43.02-1.jpeg'><img loading=\"lazy\" decoding=\"async\" width=\"1024\" height=\"768\" src=\"\" class=\"attachment-large size-large lazyload\" alt=\"\" data-src=\"https:\/\/atecordoba.org\/wp-content\/uploads\/2020\/11\/WhatsApp-Image-2020-11-03-at-13.43.02-1-1024x768.jpeg\" data-sizes=\"auto\" data-srcset=\"https:\/\/atecordoba.org\/wp-content\/uploads\/2020\/11\/WhatsApp-Image-2020-11-03-at-13.43.02-1-1024x768.jpeg 1024w, https:\/\/atecordoba.org\/wp-content\/uploads\/2020\/11\/WhatsApp-Image-2020-11-03-at-13.43.02-1-300x225.jpeg 300w, https:\/\/atecordoba.org\/wp-content\/uploads\/2020\/11\/WhatsApp-Image-2020-11-03-at-13.43.02-1-768x576.jpeg 768w, https:\/\/atecordoba.org\/wp-content\/uploads\/2020\/11\/WhatsApp-Image-2020-11-03-at-13.43.02-1-750x563.jpeg 750w, https:\/\/atecordoba.org\/wp-content\/uploads\/2020\/11\/WhatsApp-Image-2020-11-03-at-13.43.02-1.jpeg 1032w\" data-expand=\"700\" \/><\/a>\n                <\/div><\/figure><br style=\"clear: both\" \/>\n            <\/div>\n\n","protected":false},"excerpt":{"rendered":"<p>Integrantes del Consejo Directivo Provincial (CDP) se reunieron hoy con la Direcci\u00f3n del Hospital Materno Neonatal en el marco de una visita realizada al centro de salud para difundir el paro que se concretar\u00e1 ma\u00f1ana en toda la provincia. En la oportunidad, la directora Liliana Asis confirm\u00f3 que es muy alto el faltante de personal [&hellip;]<\/p>\n","protected":false},"author":7,"featured_media":22769,"comment_status":"open","ping_status":"open","sticky":true,"template":"","format":"standard","meta":{"_exactmetrics_skip_tracking":false,"_exactmetrics_sitenote_active":false,"_exactmetrics_sitenote_note":"","_exactmetrics_sitenote_category":0,"jnews-multi-image_gallery":[],"jnews_single_post":{"source_name":"","source_url":"","via_name":"","via_url":"","override_template":"0","override":[{"template":"1","single_blog_custom":"","parallax":"1","fullscreen":"0","layout":"right-sidebar","sidebar":"default-sidebar","second_sidebar":"default-sidebar","sticky_sidebar":"1","share_position":"top","share_float_style":"share-monocrhome","show_share_counter":"1","show_view_counter":"1","show_featured":"1","show_post_meta":"1","show_post_author":"1","show_post_author_image":"1","show_post_date":"1","post_date_format":"default","post_date_format_custom":"Y\/m\/d","show_post_category":"1","show_post_reading_time":"0","post_reading_time_wpm":"300","show_zoom_button":"0","zoom_button_out_step":"2","zoom_button_in_step":"3","show_post_tag":"1","show_prev_next_post":"1","show_popup_post":"1","number_popup_post":"1","show_author_box":"0","show_post_related":"0","show_inline_post_related":"0"}],"override_image_size":"0","image_override":[{"single_post_thumbnail_size":"crop-500","single_post_gallery_size":"crop-500"}],"trending_post":"0","trending_post_position":"meta","trending_post_label":"Trending","sponsored_post":"0","sponsored_post_label":"Sponsored by","sponsored_post_name":"","sponsored_post_url":"","sponsored_post_logo_enable":"0","sponsored_post_logo":"","sponsored_post_desc":""},"jnews_primary_category":{"id":""},"jnews_social_meta":{"fb_title":"","fb_description":"","fb_image":"","twitter_title":"","twitter_description":"","twitter_image":""},"jnews_review":[],"enable_review":"0","type":"percentage","name":"","summary":"","brand":"","sku":"","good":[{"good_text":""}],"bad":[{"bad_text":""}],"score_override":"","override_value":"","rating":[{"rating_text":"","rating_number":"10"}],"price":[{"shop":"","price":"","link":"","icon":""}],"jnews_override_counter":{"override_view_counter":"0","view_counter_number":"0","override_share_counter":"0","share_counter_number":"0","override_like_counter":"0","like_counter_number":"0","override_dislike_counter":"0","dislike_counter_number":"0"},"jnews_post_split":{"enable_post_split":"0","post_split":[{"template":"1","tag":"h2","numbering":"asc","mode":"normal"}]},"footnotes":""},"categories":[8],"tags":[659,32],"class_list":["post-22768","post","type-post","status-publish","format-standard","has-post-thumbnail","hentry","category-provinciales","tag-hospital-neonatal","tag-paro"],"jetpack_featured_media_url":"https:\/\/atecordoba.org\/wp-content\/uploads\/2020\/11\/WhatsApp-Image-2020-11-03-at-13.43.03.jpeg","_links":{"self":[{"href":"https:\/\/atecordoba.org\/index.php?rest_route=\/wp\/v2\/posts\/22768","targetHints":{"allow":["GET"]}}],"collection":[{"href":"https:\/\/atecordoba.org\/index.php?rest_route=\/wp\/v2\/posts"}],"about":[{"href":"https:\/\/atecordoba.org\/index.php?rest_route=\/wp\/v2\/types\/post"}],"author":[{"embeddable":true,"href":"https:\/\/atecordoba.org\/index.php?rest_route=\/wp\/v2\/users\/7"}],"replies":[{"embeddable":true,"href":"https:\/\/atecordoba.org\/index.php?rest_route=%2Fwp%2Fv2%2Fcomments&post=22768"}],"version-history":[{"count":1,"href":"https:\/\/atecordoba.org\/index.php?rest_route=\/wp\/v2\/posts\/22768\/revisions"}],"predecessor-version":[{"id":22773,"href":"https:\/\/atecordoba.org\/index.php?rest_route=\/wp\/v2\/posts\/22768\/revisions\/22773"}],"wp:featuredmedia":[{"embeddable":true,"href":"https:\/\/atecordoba.org\/index.php?rest_route=\/wp\/v2\/media\/22769"}],"wp:attachment":[{"href":"https:\/\/atecordoba.org\/index.php?rest_route=%2Fwp%2Fv2%2Fmedia&parent=22768"}],"wp:term":[{"taxonomy":"category","embeddable":true,"href":"https:\/\/atecordoba.org\/index.php?rest_route=%2Fwp%2Fv2%2Fcategories&post=22768"},{"taxonomy":"post_tag","embeddable":true,"href":"https:\/\/atecordoba.org\/index.php?rest_route=%2Fwp%2Fv2%2Ftags&post=22768"}],"curies":[{"name":"wp","href":"https:\/\/api.w.org\/{rel}","templated":true}]}}