{"id":22748,"date":"2020-11-03T12:04:28","date_gmt":"2020-11-03T15:04:28","guid":{"rendered":"https:\/\/atecordoba.org\/?p=22748"},"modified":"2020-11-04T08:50:48","modified_gmt":"2020-11-04T11:50:48","slug":"trabajadores-de-senaf-alertan-del-vaciamiento-del-area-penal-juvenil-de-la-provincia","status":"publish","type":"post","link":"https:\/\/atecordoba.org\/?p=22748","title":{"rendered":"Trabajadores de Senaf alertan del vaciamiento del \u00e1rea penal juvenil de la provincia"},"content":{"rendered":"<p><img loading=\"lazy\" decoding=\"async\" class=\" wp-image-22752 aligncenter\" src=\"https:\/\/atecordoba.org\/wp-content\/uploads\/2020\/11\/foto-senaf-300x142.jpeg\" alt=\"\" width=\"600\" height=\"284\" srcset=\"https:\/\/atecordoba.org\/wp-content\/uploads\/2020\/11\/foto-senaf-300x142.jpeg 300w, https:\/\/atecordoba.org\/wp-content\/uploads\/2020\/11\/foto-senaf-1024x485.jpeg 1024w, https:\/\/atecordoba.org\/wp-content\/uploads\/2020\/11\/foto-senaf-768x364.jpeg 768w, https:\/\/atecordoba.org\/wp-content\/uploads\/2020\/11\/foto-senaf-750x355.jpeg 750w, https:\/\/atecordoba.org\/wp-content\/uploads\/2020\/11\/foto-senaf.jpeg 1032w\" sizes=\"auto, (max-width: 600px) 100vw, 600px\" \/>Mientras ATE mantiene el estado de alerta y movilizaci\u00f3n en la Secretar\u00eda de Ni\u00f1ez, Adolescencia y Familia, dependiente del Ministerio de Justicia de C\u00f3rdoba, debido a la situaci\u00f3n de precarizaci\u00f3n\u00a0 y persecuci\u00f3n\u00a0 laboral en el organismo, las y los trabajadores alertaron sobre la vulneraci\u00f3n de derechos hacia las infancias y juventudes por parte del Estado.<\/p>\n<figure id=\"attachment_22758\" aria-describedby=\"caption-attachment-22758\" style=\"width: 409px\" class=\"wp-caption alignright\"><img loading=\"lazy\" decoding=\"async\" class=\"wp-image-22758\" src=\"https:\/\/atecordoba.org\/wp-content\/uploads\/2020\/11\/Captura-juzgado-300x218.png\" alt=\"\" width=\"409\" height=\"297\" srcset=\"https:\/\/atecordoba.org\/wp-content\/uploads\/2020\/11\/Captura-juzgado-300x218.png 300w, https:\/\/atecordoba.org\/wp-content\/uploads\/2020\/11\/Captura-juzgado-120x86.png 120w, https:\/\/atecordoba.org\/wp-content\/uploads\/2020\/11\/Captura-juzgado-750x545.png 750w, https:\/\/atecordoba.org\/wp-content\/uploads\/2020\/11\/Captura-juzgado.png 752w\" sizes=\"auto, (max-width: 409px) 100vw, 409px\" \/><figcaption id=\"caption-attachment-22758\" class=\"wp-caption-text\">Nota enviada a los juzgados Penal Juvenil.<\/figcaption><\/figure>\n<p>En tal sentido, tras diversas solicitudes de audiencia donde ser advierte del vaciamiento del \u00c1rea Penal Juvenil, y ante la falta de respuesta alguna, el pasado 29 de octubre ATE inform\u00f3 tanto a jueces, como a asesores y asesoras letradas sobre el desmantelamiento del \u00e1rea a diversos organismos del Estado que funcionan coordinadamente con la Senaf.<\/p>\n<p>Otro punto que agrava el cuadro es el traslado de personas presas desde la UCA (Unidad de Contenci\u00f3n del Aprehendido) al Centro Socioeducativo complejo Esperanza.<\/p>\n<p>As\u00ed, fueron informados por nota la Defensor\u00eda de Ni\u00f1os, Ni\u00f1as y Adolescentes de la Provincia, la Defensor\u00eda de Ni\u00f1ez y Adolescencia de la Naci\u00f3n y Comit\u00e9 Nacional para la Prevenci\u00f3n de la Tortura, entre otros, la su conocimiento e intervenci\u00f3n.<\/p>\n<p>En la denuncia, se alerta que la Senaf abandon\u00f3 el abordaje territorial de las problem\u00e1ticas de las infancias y juventudes a su cargo, toda vez que las y los profesionales fueron retirados de la atenci\u00f3n barrial y solo atienden casos por tel\u00e9fono, entre muchas otras advertencias que ya han puesto en severo riesgo el tratamiento de la poblaci\u00f3n a cargo del organismo.<\/p>\n<p>Al mismo tiempo, las y los trabajadores reclaman por el estado de precarizaci\u00f3n laboral, las persecuciones por causas pol\u00edticas y sindicales, el despido de una trabajadora del \u00e1rea social y los bajos salarios del sector, que llevan al l\u00edmite la capacidad de cumplimiento de las obligaciones profesionales.<\/p>\n<p>En tal sentido, ATE reclam\u00f3 al Ministerio de Justicia la inmediata reincorporaci\u00f3n de la compa\u00f1era y el apartamiento del secretario de Senaf, Jos\u00e9 Pi\u00f1eiro. Asimismo respecto al traslado de personas presas de la UCA al Centro Socioeducativo complejo Esperanza, el 2 de octubre \u00a0realizamos y enviamos \u00a0notas via mail\u00a0 a distintas organizaciones de DDHH ( Defensoria de Ni\u00f1os, Ni\u00f1as y Adolescentes de la Provincia, Defensoria de Ni\u00f1ez y Adolescencia de la Naci\u00f3n, Comite de prevenci\u00f3n \u00a0contra la Tortura, entre otros) para su conocimiento e intervenci\u00f3n.<\/p>\n<p>Y convoc\u00f3 a la comunidad y a las organizaciones sociales, pol\u00edticas, sindicales, a acompa\u00f1ar el Plan de lucha.<\/p>\n<div><\/div>\n<div><\/div>\n<div id='gallery_1' class='gallery galleryid-22748 gallery-columns-3 gallery-size-full'><figure class='gallery-item'>\n                <div class='gallery-icon landscape'>\n                    <a href='https:\/\/atecordoba.org\/wp-content\/uploads\/2020\/11\/Captura-defensoria.png'><img loading=\"lazy\" decoding=\"async\" width=\"766\" height=\"486\" src=\"\" class=\"attachment-full size-full lazyload\" alt=\"\" data-src=\"https:\/\/atecordoba.org\/wp-content\/uploads\/2020\/11\/Captura-defensoria.png\" data-sizes=\"auto\" data-srcset=\"https:\/\/atecordoba.org\/wp-content\/uploads\/2020\/11\/Captura-defensoria.png 766w, https:\/\/atecordoba.org\/wp-content\/uploads\/2020\/11\/Captura-defensoria-300x190.png 300w, https:\/\/atecordoba.org\/wp-content\/uploads\/2020\/11\/Captura-defensoria-750x476.png 750w\" data-expand=\"700\" \/><\/a>\n                <\/div><\/figure><figure class='gallery-item'>\n                <div class='gallery-icon landscape'>\n                    <a href='https:\/\/atecordoba.org\/wp-content\/uploads\/2020\/11\/Captura-asesoria.png'><img loading=\"lazy\" decoding=\"async\" width=\"751\" height=\"581\" src=\"\" class=\"attachment-full size-full lazyload\" alt=\"\" data-src=\"https:\/\/atecordoba.org\/wp-content\/uploads\/2020\/11\/Captura-asesoria.png\" data-sizes=\"auto\" data-srcset=\"https:\/\/atecordoba.org\/wp-content\/uploads\/2020\/11\/Captura-asesoria.png 751w, https:\/\/atecordoba.org\/wp-content\/uploads\/2020\/11\/Captura-asesoria-300x232.png 300w\" data-expand=\"700\" \/><\/a>\n                <\/div><\/figure><figure class='gallery-item'>\n                <div class='gallery-icon landscape'>\n                    <a href='https:\/\/atecordoba.org\/wp-content\/uploads\/2020\/11\/Captura-tortura.png'><img loading=\"lazy\" decoding=\"async\" width=\"777\" height=\"649\" src=\"\" class=\"attachment-full size-full lazyload\" alt=\"\" data-src=\"https:\/\/atecordoba.org\/wp-content\/uploads\/2020\/11\/Captura-tortura.png\" data-sizes=\"auto\" data-srcset=\"https:\/\/atecordoba.org\/wp-content\/uploads\/2020\/11\/Captura-tortura.png 777w, https:\/\/atecordoba.org\/wp-content\/uploads\/2020\/11\/Captura-tortura-300x251.png 300w, https:\/\/atecordoba.org\/wp-content\/uploads\/2020\/11\/Captura-tortura-768x641.png 768w, https:\/\/atecordoba.org\/wp-content\/uploads\/2020\/11\/Captura-tortura-750x626.png 750w\" data-expand=\"700\" \/><\/a>\n                <\/div><\/figure><br style=\"clear: both\" \/>\n            <\/div>\n\n","protected":false},"excerpt":{"rendered":"<p>Mientras ATE mantiene el estado de alerta y movilizaci\u00f3n en la Secretar\u00eda de Ni\u00f1ez, Adolescencia y Familia, dependiente del Ministerio de Justicia de C\u00f3rdoba, debido a la situaci\u00f3n de precarizaci\u00f3n\u00a0 y persecuci\u00f3n\u00a0 laboral en el organismo, las y los trabajadores alertaron sobre la vulneraci\u00f3n de derechos hacia las infancias y juventudes por parte del Estado. [&hellip;]<\/p>\n","protected":false},"author":7,"featured_media":22752,"comment_status":"open","ping_status":"open","sticky":true,"template":"","format":"standard","meta":{"_exactmetrics_skip_tracking":false,"_exactmetrics_sitenote_active":false,"_exactmetrics_sitenote_note":"","_exactmetrics_sitenote_category":0,"jnews-multi-image_gallery":[],"jnews_single_post":{"source_name":"","source_url":"","via_name":"","via_url":"","override_template":"0","override":[{"template":"1","single_blog_custom":"","parallax":"1","fullscreen":"0","layout":"right-sidebar","sidebar":"default-sidebar","second_sidebar":"default-sidebar","sticky_sidebar":"1","share_position":"top","share_float_style":"share-monocrhome","show_share_counter":"1","show_view_counter":"1","show_featured":"1","show_post_meta":"1","show_post_author":"1","show_post_author_image":"1","show_post_date":"1","post_date_format":"default","post_date_format_custom":"Y\/m\/d","show_post_category":"1","show_post_reading_time":"0","post_reading_time_wpm":"300","show_zoom_button":"0","zoom_button_out_step":"2","zoom_button_in_step":"3","show_post_tag":"1","show_prev_next_post":"1","show_popup_post":"1","number_popup_post":"1","show_author_box":"0","show_post_related":"0","show_inline_post_related":"0"}],"override_image_size":"0","image_override":[{"single_post_thumbnail_size":"crop-500","single_post_gallery_size":"crop-500"}],"trending_post":"0","trending_post_position":"meta","trending_post_label":"Trending","sponsored_post":"0","sponsored_post_label":"Sponsored by","sponsored_post_name":"","sponsored_post_url":"","sponsored_post_logo_enable":"0","sponsored_post_logo":"","sponsored_post_desc":""},"jnews_primary_category":{"id":""},"jnews_social_meta":{"fb_title":"","fb_description":"","fb_image":"","twitter_title":"","twitter_description":"","twitter_image":""},"jnews_review":[],"enable_review":"0","type":"percentage","name":"","summary":"","brand":"","sku":"","good":[{"good_text":""}],"bad":[{"bad_text":""}],"score_override":"","override_value":"","rating":[{"rating_text":"","rating_number":"10"}],"price":[{"shop":"","price":"","link":"","icon":""}],"jnews_override_counter":{"override_view_counter":"0","view_counter_number":"0","override_share_counter":"0","share_counter_number":"0","override_like_counter":"0","like_counter_number":"0","override_dislike_counter":"0","dislike_counter_number":"0"},"jnews_post_split":{"enable_post_split":"0","post_split":[{"template":"1","tag":"h2","numbering":"asc","mode":"normal"}]},"footnotes":""},"categories":[122,8],"tags":[457],"class_list":["post-22748","post","type-post","status-publish","format-standard","has-post-thumbnail","hentry","category-ddhh","category-provinciales","tag-senaf"],"jetpack_featured_media_url":"https:\/\/atecordoba.org\/wp-content\/uploads\/2020\/11\/foto-senaf.jpeg","_links":{"self":[{"href":"https:\/\/atecordoba.org\/index.php?rest_route=\/wp\/v2\/posts\/22748","targetHints":{"allow":["GET"]}}],"collection":[{"href":"https:\/\/atecordoba.org\/index.php?rest_route=\/wp\/v2\/posts"}],"about":[{"href":"https:\/\/atecordoba.org\/index.php?rest_route=\/wp\/v2\/types\/post"}],"author":[{"embeddable":true,"href":"https:\/\/atecordoba.org\/index.php?rest_route=\/wp\/v2\/users\/7"}],"replies":[{"embeddable":true,"href":"https:\/\/atecordoba.org\/index.php?rest_route=%2Fwp%2Fv2%2Fcomments&post=22748"}],"version-history":[{"count":7,"href":"https:\/\/atecordoba.org\/index.php?rest_route=\/wp\/v2\/posts\/22748\/revisions"}],"predecessor-version":[{"id":22789,"href":"https:\/\/atecordoba.org\/index.php?rest_route=\/wp\/v2\/posts\/22748\/revisions\/22789"}],"wp:featuredmedia":[{"embeddable":true,"href":"https:\/\/atecordoba.org\/index.php?rest_route=\/wp\/v2\/media\/22752"}],"wp:attachment":[{"href":"https:\/\/atecordoba.org\/index.php?rest_route=%2Fwp%2Fv2%2Fmedia&parent=22748"}],"wp:term":[{"taxonomy":"category","embeddable":true,"href":"https:\/\/atecordoba.org\/index.php?rest_route=%2Fwp%2Fv2%2Fcategories&post=22748"},{"taxonomy":"post_tag","embeddable":true,"href":"https:\/\/atecordoba.org\/index.php?rest_route=%2Fwp%2Fv2%2Ftags&post=22748"}],"curies":[{"name":"wp","href":"https:\/\/api.w.org\/{rel}","templated":true}]}}