{"id":22740,"date":"2020-11-03T10:57:35","date_gmt":"2020-11-03T13:57:35","guid":{"rendered":"https:\/\/atecordoba.org\/?p=22740"},"modified":"2020-11-03T11:02:41","modified_gmt":"2020-11-03T14:02:41","slug":"se-cumplen-25-anos-de-la-voladura-de-la-fabrica-militar","status":"publish","type":"post","link":"https:\/\/atecordoba.org\/?p=22740","title":{"rendered":"Se cumplen 25 a\u00f1os de la voladura de la F\u00e1brica Militar"},"content":{"rendered":"<p style=\"font-weight: 400;\"><span style=\"font-style: inherit; font-weight: inherit;\"><img loading=\"lazy\" decoding=\"async\" class=\" wp-image-22745 alignleft\" src=\"https:\/\/atecordoba.org\/wp-content\/uploads\/2020\/11\/flyer-rio-3-explo-261x300.jpeg\" alt=\"\" width=\"374\" height=\"430\" srcset=\"https:\/\/atecordoba.org\/wp-content\/uploads\/2020\/11\/flyer-rio-3-explo-261x300.jpeg 261w, https:\/\/atecordoba.org\/wp-content\/uploads\/2020\/11\/flyer-rio-3-explo-892x1024.jpeg 892w, https:\/\/atecordoba.org\/wp-content\/uploads\/2020\/11\/flyer-rio-3-explo-768x882.jpeg 768w, https:\/\/atecordoba.org\/wp-content\/uploads\/2020\/11\/flyer-rio-3-explo-750x861.jpeg 750w, https:\/\/atecordoba.org\/wp-content\/uploads\/2020\/11\/flyer-rio-3-explo.jpeg 1098w\" sizes=\"auto, (max-width: 374px) 100vw, 374px\" \/>El martes 3, al cumplirse 25 a\u00f1os de la explosi\u00f3n, el departamento de Cultura de ATE Nacional proyectar\u00e1 un documental que cuenta el origen de la planta, la voladura, y su relaci\u00f3n con los atentados a la Embajada de Israel y la AMIA.<\/span><\/p>\n<p style=\"font-weight: 400;\"><span style=\"font-style: inherit; font-weight: inherit;\">El largometraje, realizado con el apoyo de ATE Nacional y ATE R\u00edo Tercero, se proyectar\u00e1 a las 20 horas por el canal de You Tube (ATE Cultura Nacional) sum\u00e1ndose a los diversos actos recordatorios que se har\u00e1n en la localidad cordobesa a lo largo del d\u00eda.<\/span><\/p>\n<p style=\"font-weight: 400;\"><span style=\"font-style: inherit; font-weight: inherit;\">El Concejo Deliberante de R\u00edo Tercero declar\u00f3 de \u201cInter\u00e9s municipal\u201d la pel\u00edcula, realizada por Carlos Lencinas (documentalista) y Cristian Primo (historiador), que recorre la historia de la planta militar cordobesa desde sus or\u00edgenes hasta el presente, marcando como hito los tr\u00e1gicos sucesos ocurridos el 3 de noviembre de 1995.<\/span><\/p>\n<p style=\"font-weight: 400;\"><span style=\"font-style: inherit; font-weight: inherit;\">\u00a0<\/span><span style=\"font-style: inherit; font-weight: inherit;\">\u201c<em>Ya hab\u00edamos estrenado este material en el auditorio Eva Per\u00f3n hace tres a\u00f1os pero ahora con agregados y ampliaciones lo reestrenamos con la idea de homenajear a las v\u00edctimas y exigir juicio y castigo a los responsables pol\u00edticos de las explosiones\u201d<\/em>\u00a0se\u00f1al\u00f3 Mirta Matheos, directora de Cultura.<\/span><\/p>\n<p style=\"font-weight: 400;\"><span style=\"font-style: inherit; font-weight: inherit;\">\u00a0<\/span><span style=\"font-style: inherit; font-weight: inherit;\">Tambi\u00e9n ser\u00e1 trasmitida en la plataforma digital de la municipalidad de R\u00edo Tercero con la presencia de Dami\u00e1n Albornoz, secretario General de la seccional local, y distintos representantes sindicales de la f\u00e1brica.<\/span><\/p>\n<p style=\"font-weight: 400;\"><span style=\"font-style: inherit; font-weight: inherit;\">\u00a0<\/span><span style=\"font-style: inherit; font-weight: inherit;\">En esa emisi\u00f3n, que se realizar\u00e1 en el marco de numerosas actividades de homenaje y recordaci\u00f3n en toda la ciudad, se ver\u00e1 un saludo de Hugo Cachorro Godoy, secretario General de ATE Nacional, donde recuerda a las v\u00edctimas, y reclama\u00a0<em>\u201c el pago de las indemnizaciones por da\u00f1os morales y psicol\u00f3gicos, a\u00fan pendiente; la reparaci\u00f3n hist\u00f3rica por el da\u00f1o sufrido por la ciudad; la reactivaci\u00f3n de la F\u00e1brica militar y respuestas a los reclamos de sus trabajadores\u201d.<\/em><\/span><\/p>\n<div class=\"epyt-video-wrapper\"><iframe loading=\"lazy\"  style=\"display: block; margin: 0px auto;\"  id=\"_ytid_33450\"  width=\"480\" height=\"270\"  data-origwidth=\"480\" data-origheight=\"270\" src=\"https:\/\/www.youtube.com\/embed\/tn0TODQ-NYg?enablejsapi=1&autoplay=0&cc_load_policy=0&cc_lang_pref=&iv_load_policy=3&loop=0&rel=0&fs=1&playsinline=0&autohide=2&theme=dark&color=red&controls=1&disablekb=0&\" class=\"__youtube_prefs__  no-lazyload\" title=\"YouTube player\"  allow=\"fullscreen; accelerometer; autoplay; clipboard-write; encrypted-media; gyroscope; picture-in-picture; web-share\" referrerpolicy=\"strict-origin-when-cross-origin\" allowfullscreen data-no-lazy=\"1\" data-skipgform_ajax_framebjll=\"\"><\/iframe><\/div>\n<p>&nbsp;<\/p>\n","protected":false},"excerpt":{"rendered":"<p>El martes 3, al cumplirse 25 a\u00f1os de la explosi\u00f3n, el departamento de Cultura de ATE Nacional proyectar\u00e1 un documental que cuenta el origen de la planta, la voladura, y su relaci\u00f3n con los atentados a la Embajada de Israel y la AMIA. El largometraje, realizado con el apoyo de ATE Nacional y ATE R\u00edo [&hellip;]<\/p>\n","protected":false},"author":7,"featured_media":22745,"comment_status":"open","ping_status":"open","sticky":true,"template":"","format":"standard","meta":{"_exactmetrics_skip_tracking":false,"_exactmetrics_sitenote_active":false,"_exactmetrics_sitenote_note":"","_exactmetrics_sitenote_category":0,"jnews-multi-image_gallery":[],"jnews_single_post":{"source_name":"","source_url":"","via_name":"","via_url":"","override_template":"0","override":[{"template":"1","single_blog_custom":"","parallax":"1","fullscreen":"0","layout":"right-sidebar","sidebar":"default-sidebar","second_sidebar":"default-sidebar","sticky_sidebar":"1","share_position":"top","share_float_style":"share-monocrhome","show_share_counter":"1","show_view_counter":"1","show_featured":"1","show_post_meta":"1","show_post_author":"1","show_post_author_image":"1","show_post_date":"1","post_date_format":"default","post_date_format_custom":"Y\/m\/d","show_post_category":"1","show_post_reading_time":"0","post_reading_time_wpm":"300","show_zoom_button":"0","zoom_button_out_step":"2","zoom_button_in_step":"3","show_post_tag":"1","show_prev_next_post":"1","show_popup_post":"1","number_popup_post":"1","show_author_box":"0","show_post_related":"0","show_inline_post_related":"0"}],"override_image_size":"0","image_override":[{"single_post_thumbnail_size":"crop-500","single_post_gallery_size":"crop-500"}],"trending_post":"0","trending_post_position":"meta","trending_post_label":"Trending","sponsored_post":"0","sponsored_post_label":"Sponsored by","sponsored_post_name":"","sponsored_post_url":"","sponsored_post_logo_enable":"0","sponsored_post_logo":"","sponsored_post_desc":""},"jnews_primary_category":{"id":""},"jnews_social_meta":{"fb_title":"","fb_description":"","fb_image":"","twitter_title":"","twitter_description":"","twitter_image":""},"jnews_review":[],"enable_review":"0","type":"percentage","name":"","summary":"","brand":"","sku":"","good":[{"good_text":""}],"bad":[{"bad_text":""}],"score_override":"","override_value":"","rating":[{"rating_text":"","rating_number":"10"}],"price":[{"shop":"","price":"","link":"","icon":""}],"jnews_override_counter":{"override_view_counter":"0","view_counter_number":"0","override_share_counter":"0","share_counter_number":"0","override_like_counter":"0","like_counter_number":"0","override_dislike_counter":"0","dislike_counter_number":"0"},"jnews_post_split":{"enable_post_split":"0","post_split":[{"template":"1","tag":"h2","numbering":"asc","mode":"normal"}]},"footnotes":""},"categories":[13],"tags":[],"class_list":["post-22740","post","type-post","status-publish","format-standard","has-post-thumbnail","hentry","category-rio-tercero"],"jetpack_featured_media_url":"https:\/\/atecordoba.org\/wp-content\/uploads\/2020\/11\/flyer-rio-3-explo.jpeg","_links":{"self":[{"href":"https:\/\/atecordoba.org\/index.php?rest_route=\/wp\/v2\/posts\/22740","targetHints":{"allow":["GET"]}}],"collection":[{"href":"https:\/\/atecordoba.org\/index.php?rest_route=\/wp\/v2\/posts"}],"about":[{"href":"https:\/\/atecordoba.org\/index.php?rest_route=\/wp\/v2\/types\/post"}],"author":[{"embeddable":true,"href":"https:\/\/atecordoba.org\/index.php?rest_route=\/wp\/v2\/users\/7"}],"replies":[{"embeddable":true,"href":"https:\/\/atecordoba.org\/index.php?rest_route=%2Fwp%2Fv2%2Fcomments&post=22740"}],"version-history":[{"count":4,"href":"https:\/\/atecordoba.org\/index.php?rest_route=\/wp\/v2\/posts\/22740\/revisions"}],"predecessor-version":[{"id":22746,"href":"https:\/\/atecordoba.org\/index.php?rest_route=\/wp\/v2\/posts\/22740\/revisions\/22746"}],"wp:featuredmedia":[{"embeddable":true,"href":"https:\/\/atecordoba.org\/index.php?rest_route=\/wp\/v2\/media\/22745"}],"wp:attachment":[{"href":"https:\/\/atecordoba.org\/index.php?rest_route=%2Fwp%2Fv2%2Fmedia&parent=22740"}],"wp:term":[{"taxonomy":"category","embeddable":true,"href":"https:\/\/atecordoba.org\/index.php?rest_route=%2Fwp%2Fv2%2Fcategories&post=22740"},{"taxonomy":"post_tag","embeddable":true,"href":"https:\/\/atecordoba.org\/index.php?rest_route=%2Fwp%2Fv2%2Ftags&post=22740"}],"curies":[{"name":"wp","href":"https:\/\/api.w.org\/{rel}","templated":true}]}}