{"id":22737,"date":"2020-11-03T10:49:42","date_gmt":"2020-11-03T13:49:42","guid":{"rendered":"https:\/\/atecordoba.org\/?p=22737"},"modified":"2020-11-03T10:49:42","modified_gmt":"2020-11-03T13:49:42","slug":"audiencia-en-quilino-por-la-situacion-de-los-municipales","status":"publish","type":"post","link":"https:\/\/atecordoba.org\/?p=22737","title":{"rendered":"Audiencia en Quilino por la situaci\u00f3n de los municipales"},"content":{"rendered":"<p><img loading=\"lazy\" decoding=\"async\" class=\" wp-image-22738 aligncenter\" src=\"https:\/\/atecordoba.org\/wp-content\/uploads\/2020\/11\/quilino-300x163.jpg\" alt=\"\" width=\"593\" height=\"322\" srcset=\"https:\/\/atecordoba.org\/wp-content\/uploads\/2020\/11\/quilino-300x163.jpg 300w, https:\/\/atecordoba.org\/wp-content\/uploads\/2020\/11\/quilino.jpg 624w\" sizes=\"auto, (max-width: 593px) 100vw, 593px\" \/>Hoy se llevar\u00e1 a cabo una audiencia en la localidad de Quilino donde las autoridades municipales recibir\u00e1n a la conducci\u00f3n de ATE C\u00f3rdoba, configurando la primera reuni\u00f3n institucional del Consejo Directivo Provincial (CDP) con los nuevos funcionarios surgidos de las elecciones del 2019, donde hubo un cambio en la gesti\u00f3n pro primera vez desde 1983.<\/p>\n<p>En la oportunidad, estar\u00e1n presentes el secretario General del CDP, Federico Giuliani, y la intendenta Mabel Godoy.<\/p>\n<p>En la oportunidad, ATE plantear\u00e1 una agenda de problemas urgentes que afectan a las y los trabajadores municipales, como los salarios de hambre que paga la comuna, haberes que rondan los 12 mil pesos, y en condiciones de trabajo precarizadas en su m\u00e1xima expresi\u00f3n.<\/p>\n<p>&#8220;Es una buena oportunidad, para iniciar un camino de soluci\u00f3n en base a una agenda donde la autoridad pol\u00edtica atienda la demanda de las y los municipales, que son los que sostienen los servicios de la municipalidad y que vienen poniendo el hombro en el marco de la pandemia como personal esencial&#8221;, resumi\u00f3 Giuliani.<\/p>\n","protected":false},"excerpt":{"rendered":"<p>Hoy se llevar\u00e1 a cabo una audiencia en la localidad de Quilino donde las autoridades municipales recibir\u00e1n a la conducci\u00f3n de ATE C\u00f3rdoba, configurando la primera reuni\u00f3n institucional del Consejo Directivo Provincial (CDP) con los nuevos funcionarios surgidos de las elecciones del 2019, donde hubo un cambio en la gesti\u00f3n pro primera vez desde 1983. [&hellip;]<\/p>\n","protected":false},"author":7,"featured_media":22738,"comment_status":"open","ping_status":"open","sticky":true,"template":"","format":"standard","meta":{"_exactmetrics_skip_tracking":false,"_exactmetrics_sitenote_active":false,"_exactmetrics_sitenote_note":"","_exactmetrics_sitenote_category":0,"jnews-multi-image_gallery":[],"jnews_single_post":{"source_name":"","source_url":"","via_name":"","via_url":"","override_template":"0","override":[{"template":"1","single_blog_custom":"","parallax":"1","fullscreen":"0","layout":"right-sidebar","sidebar":"default-sidebar","second_sidebar":"default-sidebar","sticky_sidebar":"1","share_position":"top","share_float_style":"share-monocrhome","show_share_counter":"1","show_view_counter":"1","show_featured":"1","show_post_meta":"1","show_post_author":"1","show_post_author_image":"1","show_post_date":"1","post_date_format":"default","post_date_format_custom":"Y\/m\/d","show_post_category":"1","show_post_reading_time":"0","post_reading_time_wpm":"300","show_zoom_button":"0","zoom_button_out_step":"2","zoom_button_in_step":"3","show_post_tag":"1","show_prev_next_post":"1","show_popup_post":"1","number_popup_post":"1","show_author_box":"0","show_post_related":"0","show_inline_post_related":"0"}],"override_image_size":"0","image_override":[{"single_post_thumbnail_size":"crop-500","single_post_gallery_size":"crop-500"}],"trending_post":"0","trending_post_position":"meta","trending_post_label":"Trending","sponsored_post":"0","sponsored_post_label":"Sponsored by","sponsored_post_name":"","sponsored_post_url":"","sponsored_post_logo_enable":"0","sponsored_post_logo":"","sponsored_post_desc":""},"jnews_primary_category":{"id":""},"jnews_social_meta":{"fb_title":"","fb_description":"","fb_image":"","twitter_title":"","twitter_description":"","twitter_image":""},"jnews_review":[],"enable_review":"0","type":"percentage","name":"","summary":"","brand":"","sku":"","good":[{"good_text":""}],"bad":[{"bad_text":""}],"score_override":"","override_value":"","rating":[{"rating_text":"","rating_number":"10"}],"price":[{"shop":"","price":"","link":"","icon":""}],"jnews_override_counter":{"override_view_counter":"0","view_counter_number":"0","override_share_counter":"0","share_counter_number":"0","override_like_counter":"0","like_counter_number":"0","override_dislike_counter":"0","dislike_counter_number":"0"},"jnews_post_split":{"enable_post_split":"0","post_split":[{"template":"1","tag":"h2","numbering":"asc","mode":"normal"}]},"footnotes":""},"categories":[20],"tags":[655],"class_list":["post-22737","post","type-post","status-publish","format-standard","has-post-thumbnail","hentry","category-municipales","tag-quilino"],"jetpack_featured_media_url":"https:\/\/atecordoba.org\/wp-content\/uploads\/2020\/11\/quilino.jpg","_links":{"self":[{"href":"https:\/\/atecordoba.org\/index.php?rest_route=\/wp\/v2\/posts\/22737","targetHints":{"allow":["GET"]}}],"collection":[{"href":"https:\/\/atecordoba.org\/index.php?rest_route=\/wp\/v2\/posts"}],"about":[{"href":"https:\/\/atecordoba.org\/index.php?rest_route=\/wp\/v2\/types\/post"}],"author":[{"embeddable":true,"href":"https:\/\/atecordoba.org\/index.php?rest_route=\/wp\/v2\/users\/7"}],"replies":[{"embeddable":true,"href":"https:\/\/atecordoba.org\/index.php?rest_route=%2Fwp%2Fv2%2Fcomments&post=22737"}],"version-history":[{"count":1,"href":"https:\/\/atecordoba.org\/index.php?rest_route=\/wp\/v2\/posts\/22737\/revisions"}],"predecessor-version":[{"id":22739,"href":"https:\/\/atecordoba.org\/index.php?rest_route=\/wp\/v2\/posts\/22737\/revisions\/22739"}],"wp:featuredmedia":[{"embeddable":true,"href":"https:\/\/atecordoba.org\/index.php?rest_route=\/wp\/v2\/media\/22738"}],"wp:attachment":[{"href":"https:\/\/atecordoba.org\/index.php?rest_route=%2Fwp%2Fv2%2Fmedia&parent=22737"}],"wp:term":[{"taxonomy":"category","embeddable":true,"href":"https:\/\/atecordoba.org\/index.php?rest_route=%2Fwp%2Fv2%2Fcategories&post=22737"},{"taxonomy":"post_tag","embeddable":true,"href":"https:\/\/atecordoba.org\/index.php?rest_route=%2Fwp%2Fv2%2Ftags&post=22737"}],"curies":[{"name":"wp","href":"https:\/\/api.w.org\/{rel}","templated":true}]}}