{"id":22708,"date":"2020-11-02T12:54:07","date_gmt":"2020-11-02T15:54:07","guid":{"rendered":"https:\/\/atecordoba.org\/?p=22708"},"modified":"2020-11-02T12:55:48","modified_gmt":"2020-11-02T15:55:48","slug":"salud-laboral-taller-sobre-covid-como-enfermedad-laboral","status":"publish","type":"post","link":"https:\/\/atecordoba.org\/?p=22708","title":{"rendered":"Salud laboral: taller sobre Covid como enfermedad laboral"},"content":{"rendered":"<p><img loading=\"lazy\" decoding=\"async\" class=\"wp-image-22710 alignleft\" src=\"https:\/\/atecordoba.org\/wp-content\/uploads\/2020\/11\/flyer-salud-laboral-art-1-261x300.jpg\" alt=\"\" width=\"396\" height=\"455\" srcset=\"https:\/\/atecordoba.org\/wp-content\/uploads\/2020\/11\/flyer-salud-laboral-art-1-261x300.jpg 261w, https:\/\/atecordoba.org\/wp-content\/uploads\/2020\/11\/flyer-salud-laboral-art-1-892x1024.jpg 892w, https:\/\/atecordoba.org\/wp-content\/uploads\/2020\/11\/flyer-salud-laboral-art-1-768x882.jpg 768w, https:\/\/atecordoba.org\/wp-content\/uploads\/2020\/11\/flyer-salud-laboral-art-1-750x861.jpg 750w, https:\/\/atecordoba.org\/wp-content\/uploads\/2020\/11\/flyer-salud-laboral-art-1.jpg 1098w\" sizes=\"auto, (max-width: 396px) 100vw, 396px\" \/>Organizado por el Departamento de Salud Laboral del Consejo Directivo Provincial de ATE C\u00f3rdoba, el mi\u00e9rcoles 4 de noviembre, a partir de las 17 horas, se dictar\u00e1 un taller sobre el procedimiento de denuncia y reclamo por enfermedad de Covid 19 para los trabajadores estatales que est\u00e1n cumpliendo tareas esenciales.<\/p>\n<p>El curso ser\u00e1 dictado por el responsable del Departamento, Mat\u00edas Giuliani, junto a compa\u00f1eros y compa\u00f1eras del Instituto de Salud Laboral y Seguridad de las y los Trabajadores Estatales (ISSTATE).\u00a0<small><\/small><\/p>\n<p>&#8220;La idea del taller es dar una formaci\u00f3n para despejar interrogantes sobre qu\u00e9 hacer en el caso de contagiarse en el trabajo o a d\u00f3nde dirigirse, qu\u00e9 rol juegan las ART en este sentido. Tambi\u00e9n vamos a desglosar el DNU 367\/2020 que ubica al Covid 19 como enfermedad profesional no listada. Se busca informar a compa\u00f1eras y compa\u00f1eros que est\u00e1n realizando tareas esenciales&#8221;, explic\u00f3 Giuliani.<\/p>\n<p>Se trata de una actividad virtual destinada a\u00a0delegados y delegadas de ATE de todos los sectores y organismos de todos los niveles del Estado de nuestra Provincia de C\u00f3rdoba.<\/p>\n<p>Los interesados deben ingresar a https:\/\/zoom.us\/j\/7785998154?pwd=c2xVMXJERUhPMnlrNWp3bEYrR29pUT09<\/p>\n<p>ID de la reuni\u00f3n: 7785998154<\/p>\n<p>C\u00f3digo de acceso: ATE2020<\/p>\n<p>&nbsp;<\/p>\n","protected":false},"excerpt":{"rendered":"<p>Organizado por el Departamento de Salud Laboral del Consejo Directivo Provincial de ATE C\u00f3rdoba, el mi\u00e9rcoles 4 de noviembre, a partir de las 17 horas, se dictar\u00e1 un taller sobre el procedimiento de denuncia y reclamo por enfermedad de Covid 19 para los trabajadores estatales que est\u00e1n cumpliendo tareas esenciales. El curso ser\u00e1 dictado por [&hellip;]<\/p>\n","protected":false},"author":7,"featured_media":22710,"comment_status":"open","ping_status":"open","sticky":true,"template":"","format":"standard","meta":{"_exactmetrics_skip_tracking":false,"_exactmetrics_sitenote_active":false,"_exactmetrics_sitenote_note":"","_exactmetrics_sitenote_category":0,"jnews-multi-image_gallery":[],"jnews_single_post":{"source_name":"","source_url":"","via_name":"","via_url":"","override_template":"0","override":[{"template":"1","single_blog_custom":"","parallax":"1","fullscreen":"0","layout":"right-sidebar","sidebar":"default-sidebar","second_sidebar":"default-sidebar","sticky_sidebar":"1","share_position":"top","share_float_style":"share-monocrhome","show_share_counter":"1","show_view_counter":"1","show_featured":"1","show_post_meta":"1","show_post_author":"1","show_post_author_image":"1","show_post_date":"1","post_date_format":"default","post_date_format_custom":"Y\/m\/d","show_post_category":"1","show_post_reading_time":"0","post_reading_time_wpm":"300","show_zoom_button":"0","zoom_button_out_step":"2","zoom_button_in_step":"3","show_post_tag":"1","show_prev_next_post":"1","show_popup_post":"1","number_popup_post":"1","show_author_box":"0","show_post_related":"0","show_inline_post_related":"0"}],"override_image_size":"0","image_override":[{"single_post_thumbnail_size":"crop-500","single_post_gallery_size":"crop-500"}],"trending_post":"0","trending_post_position":"meta","trending_post_label":"Trending","sponsored_post":"0","sponsored_post_label":"Sponsored by","sponsored_post_name":"","sponsored_post_url":"","sponsored_post_logo_enable":"0","sponsored_post_logo":"","sponsored_post_desc":""},"jnews_primary_category":{"id":""},"jnews_social_meta":{"fb_title":"","fb_description":"","fb_image":"","twitter_title":"","twitter_description":"","twitter_image":""},"jnews_review":[],"enable_review":"0","type":"percentage","name":"","summary":"","brand":"","sku":"","good":[{"good_text":""}],"bad":[{"bad_text":""}],"score_override":"","override_value":"","rating":[{"rating_text":"","rating_number":"10"}],"price":[{"shop":"","price":"","link":"","icon":""}],"jnews_override_counter":{"override_view_counter":"0","view_counter_number":"0","override_share_counter":"0","share_counter_number":"0","override_like_counter":"0","like_counter_number":"0","override_dislike_counter":"0","dislike_counter_number":"0"},"jnews_post_split":{"enable_post_split":"0","post_split":[{"template":"1","tag":"h2","numbering":"asc","mode":"normal"}]},"footnotes":""},"categories":[104,88],"tags":[651,650],"class_list":["post-22708","post","type-post","status-publish","format-standard","has-post-thumbnail","hentry","category-departamento-de-salud","category-formacion","tag-art","tag-covid-19-enfermedad-profesional"],"jetpack_featured_media_url":"https:\/\/atecordoba.org\/wp-content\/uploads\/2020\/11\/flyer-salud-laboral-art-1.jpg","_links":{"self":[{"href":"https:\/\/atecordoba.org\/index.php?rest_route=\/wp\/v2\/posts\/22708","targetHints":{"allow":["GET"]}}],"collection":[{"href":"https:\/\/atecordoba.org\/index.php?rest_route=\/wp\/v2\/posts"}],"about":[{"href":"https:\/\/atecordoba.org\/index.php?rest_route=\/wp\/v2\/types\/post"}],"author":[{"embeddable":true,"href":"https:\/\/atecordoba.org\/index.php?rest_route=\/wp\/v2\/users\/7"}],"replies":[{"embeddable":true,"href":"https:\/\/atecordoba.org\/index.php?rest_route=%2Fwp%2Fv2%2Fcomments&post=22708"}],"version-history":[{"count":1,"href":"https:\/\/atecordoba.org\/index.php?rest_route=\/wp\/v2\/posts\/22708\/revisions"}],"predecessor-version":[{"id":22711,"href":"https:\/\/atecordoba.org\/index.php?rest_route=\/wp\/v2\/posts\/22708\/revisions\/22711"}],"wp:featuredmedia":[{"embeddable":true,"href":"https:\/\/atecordoba.org\/index.php?rest_route=\/wp\/v2\/media\/22710"}],"wp:attachment":[{"href":"https:\/\/atecordoba.org\/index.php?rest_route=%2Fwp%2Fv2%2Fmedia&parent=22708"}],"wp:term":[{"taxonomy":"category","embeddable":true,"href":"https:\/\/atecordoba.org\/index.php?rest_route=%2Fwp%2Fv2%2Fcategories&post=22708"},{"taxonomy":"post_tag","embeddable":true,"href":"https:\/\/atecordoba.org\/index.php?rest_route=%2Fwp%2Fv2%2Ftags&post=22708"}],"curies":[{"name":"wp","href":"https:\/\/api.w.org\/{rel}","templated":true}]}}