{"id":22702,"date":"2020-11-02T11:49:40","date_gmt":"2020-11-02T14:49:40","guid":{"rendered":"https:\/\/atecordoba.org\/?p=22702"},"modified":"2020-11-02T11:49:40","modified_gmt":"2020-11-02T14:49:40","slug":"cajas-navidenas","status":"publish","type":"post","link":"https:\/\/atecordoba.org\/?p=22702","title":{"rendered":"Cajas navide\u00f1as"},"content":{"rendered":"<p><img loading=\"lazy\" decoding=\"async\" class=\" wp-image-22703 aligncenter\" src=\"https:\/\/atecordoba.org\/wp-content\/uploads\/2020\/11\/flyer-caja-navide\u00f1a-300x300.jpg\" alt=\"\" width=\"532\" height=\"532\" srcset=\"https:\/\/atecordoba.org\/wp-content\/uploads\/2020\/11\/flyer-caja-navide\u00f1a-300x300.jpg 300w, https:\/\/atecordoba.org\/wp-content\/uploads\/2020\/11\/flyer-caja-navide\u00f1a-1024x1024.jpg 1024w, https:\/\/atecordoba.org\/wp-content\/uploads\/2020\/11\/flyer-caja-navide\u00f1a-150x150.jpg 150w, https:\/\/atecordoba.org\/wp-content\/uploads\/2020\/11\/flyer-caja-navide\u00f1a-768x768.jpg 768w, https:\/\/atecordoba.org\/wp-content\/uploads\/2020\/11\/flyer-caja-navide\u00f1a-560x560.jpg 560w, https:\/\/atecordoba.org\/wp-content\/uploads\/2020\/11\/flyer-caja-navide\u00f1a-75x75.jpg 75w, https:\/\/atecordoba.org\/wp-content\/uploads\/2020\/11\/flyer-caja-navide\u00f1a-750x750.jpg 750w, https:\/\/atecordoba.org\/wp-content\/uploads\/2020\/11\/flyer-caja-navide\u00f1a.jpg 1080w\" sizes=\"auto, (max-width: 532px) 100vw, 532px\" \/>Para continuar con las diferentes acciones en la calle, en materia legal y acci\u00f3n sindical, y as\u00ed seguir garantizando el abanico de beneficios sociales que ATE pone a disposici\u00f3n, es que _cada afiliado y afiliada no cotizante (que no aporte al sindicato por medio del recibo de sueldo y que posea cuotas sindicales impagas) deber\u00e1 estar al d\u00eda con las cuotas de Noviembre y Diciembre, de $500 cada una, para poder contar con la caja navide\u00f1a.<\/p>\n","protected":false},"excerpt":{"rendered":"<p>Para continuar con las diferentes acciones en la calle, en materia legal y acci\u00f3n sindical, y as\u00ed seguir garantizando el abanico de beneficios sociales que ATE pone a disposici\u00f3n, es que _cada afiliado y afiliada no cotizante (que no aporte al sindicato por medio del recibo de sueldo y que posea cuotas sindicales impagas) deber\u00e1 [&hellip;]<\/p>\n","protected":false},"author":7,"featured_media":22703,"comment_status":"open","ping_status":"open","sticky":true,"template":"","format":"standard","meta":{"_exactmetrics_skip_tracking":false,"_exactmetrics_sitenote_active":false,"_exactmetrics_sitenote_note":"","_exactmetrics_sitenote_category":0,"jnews-multi-image_gallery":[],"jnews_single_post":{"source_name":"","source_url":"","via_name":"","via_url":"","override_template":"0","override":[{"template":"1","single_blog_custom":"","parallax":"1","fullscreen":"0","layout":"right-sidebar","sidebar":"default-sidebar","second_sidebar":"default-sidebar","sticky_sidebar":"1","share_position":"top","share_float_style":"share-monocrhome","show_share_counter":"1","show_view_counter":"1","show_featured":"1","show_post_meta":"1","show_post_author":"1","show_post_author_image":"1","show_post_date":"1","post_date_format":"default","post_date_format_custom":"Y\/m\/d","show_post_category":"1","show_post_reading_time":"0","post_reading_time_wpm":"300","show_zoom_button":"0","zoom_button_out_step":"2","zoom_button_in_step":"3","show_post_tag":"1","show_prev_next_post":"1","show_popup_post":"1","number_popup_post":"1","show_author_box":"0","show_post_related":"0","show_inline_post_related":"0"}],"override_image_size":"0","image_override":[{"single_post_thumbnail_size":"crop-500","single_post_gallery_size":"crop-500"}],"trending_post":"0","trending_post_position":"meta","trending_post_label":"Trending","sponsored_post":"0","sponsored_post_label":"Sponsored by","sponsored_post_name":"","sponsored_post_url":"","sponsored_post_logo_enable":"0","sponsored_post_logo":"","sponsored_post_desc":""},"jnews_primary_category":{"id":""},"jnews_social_meta":{"fb_title":"","fb_description":"","fb_image":"","twitter_title":"","twitter_description":"","twitter_image":""},"jnews_review":[],"enable_review":"0","type":"percentage","name":"","summary":"","brand":"","sku":"","good":[{"good_text":""}],"bad":[{"bad_text":""}],"score_override":"","override_value":"","rating":[{"rating_text":"","rating_number":"10"}],"price":[{"shop":"","price":"","link":"","icon":""}],"jnews_override_counter":{"override_view_counter":"0","view_counter_number":"0","override_share_counter":"0","share_counter_number":"0","override_like_counter":"0","like_counter_number":"0","override_dislike_counter":"0","dislike_counter_number":"0"},"jnews_post_split":{"enable_post_split":"0","post_split":[{"template":"1","tag":"h2","numbering":"asc","mode":"normal"}]},"footnotes":""},"categories":[75],"tags":[647],"class_list":["post-22702","post","type-post","status-publish","format-standard","has-post-thumbnail","hentry","category-accion-social","tag-caja-navidena"],"jetpack_featured_media_url":"https:\/\/atecordoba.org\/wp-content\/uploads\/2020\/11\/flyer-caja-navide\u00f1a.jpg","_links":{"self":[{"href":"https:\/\/atecordoba.org\/index.php?rest_route=\/wp\/v2\/posts\/22702","targetHints":{"allow":["GET"]}}],"collection":[{"href":"https:\/\/atecordoba.org\/index.php?rest_route=\/wp\/v2\/posts"}],"about":[{"href":"https:\/\/atecordoba.org\/index.php?rest_route=\/wp\/v2\/types\/post"}],"author":[{"embeddable":true,"href":"https:\/\/atecordoba.org\/index.php?rest_route=\/wp\/v2\/users\/7"}],"replies":[{"embeddable":true,"href":"https:\/\/atecordoba.org\/index.php?rest_route=%2Fwp%2Fv2%2Fcomments&post=22702"}],"version-history":[{"count":1,"href":"https:\/\/atecordoba.org\/index.php?rest_route=\/wp\/v2\/posts\/22702\/revisions"}],"predecessor-version":[{"id":22704,"href":"https:\/\/atecordoba.org\/index.php?rest_route=\/wp\/v2\/posts\/22702\/revisions\/22704"}],"wp:featuredmedia":[{"embeddable":true,"href":"https:\/\/atecordoba.org\/index.php?rest_route=\/wp\/v2\/media\/22703"}],"wp:attachment":[{"href":"https:\/\/atecordoba.org\/index.php?rest_route=%2Fwp%2Fv2%2Fmedia&parent=22702"}],"wp:term":[{"taxonomy":"category","embeddable":true,"href":"https:\/\/atecordoba.org\/index.php?rest_route=%2Fwp%2Fv2%2Fcategories&post=22702"},{"taxonomy":"post_tag","embeddable":true,"href":"https:\/\/atecordoba.org\/index.php?rest_route=%2Fwp%2Fv2%2Ftags&post=22702"}],"curies":[{"name":"wp","href":"https:\/\/api.w.org\/{rel}","templated":true}]}}