{"id":22699,"date":"2020-11-02T11:44:24","date_gmt":"2020-11-02T14:44:24","guid":{"rendered":"https:\/\/atecordoba.org\/?p=22699"},"modified":"2020-11-02T11:44:24","modified_gmt":"2020-11-02T14:44:24","slug":"plenario-provincial-de-delegados-y-delegadas-municipales-de-ate-cordoba","status":"publish","type":"post","link":"https:\/\/atecordoba.org\/?p=22699","title":{"rendered":"Plenario Provincial de Delegados y Delegadas Municipales de ATE C\u00f3rdoba"},"content":{"rendered":"<p><img loading=\"lazy\" decoding=\"async\" class=\" wp-image-22700 aligncenter\" src=\"https:\/\/atecordoba.org\/wp-content\/uploads\/2020\/11\/flyer-plenario-municipales-300x300.jpg\" alt=\"\" width=\"562\" height=\"562\" srcset=\"https:\/\/atecordoba.org\/wp-content\/uploads\/2020\/11\/flyer-plenario-municipales-300x300.jpg 300w, https:\/\/atecordoba.org\/wp-content\/uploads\/2020\/11\/flyer-plenario-municipales-150x150.jpg 150w, https:\/\/atecordoba.org\/wp-content\/uploads\/2020\/11\/flyer-plenario-municipales-768x768.jpg 768w, https:\/\/atecordoba.org\/wp-content\/uploads\/2020\/11\/flyer-plenario-municipales-560x560.jpg 560w, https:\/\/atecordoba.org\/wp-content\/uploads\/2020\/11\/flyer-plenario-municipales-75x75.jpg 75w, https:\/\/atecordoba.org\/wp-content\/uploads\/2020\/11\/flyer-plenario-municipales-750x750.jpg 750w, https:\/\/atecordoba.org\/wp-content\/uploads\/2020\/11\/flyer-plenario-municipales.jpg 999w\" sizes=\"auto, (max-width: 562px) 100vw, 562px\" \/>A un a\u00f1o de la asunci\u00f3n de la nueva conducci\u00f3n del Consejo Directivo Provincial, invitamos a todas las delegadas y delegados a realizar un balance del a\u00f1o, a analizar problem\u00e1ticas, gestiones realizadas y organizar ejes de reclamo para finalizar el a\u00f1o. \u00a1Todas y todos los y las delegados\/as, invitadas e invitados!<\/p>\n<p>Link para unirse a la reuni\u00f3n Zoom<\/p>\n<p><a href=\"https:\/\/us02web.zoom.us\/j\/83430155795?pwd=Q0RwZktLUEsxeks3Slc3S3J5T01DQT09\">https:\/\/us02web.zoom.us\/j\/83430155795?pwd=Q0RwZktLUEsxeks3Slc3S3J5T01DQT09<\/a><\/p>\n<ul>\n<li>ID de reuni\u00f3n: 834 3015 5795<\/li>\n<li>C\u00f3digo de acceso: 379529<\/li>\n<\/ul>\n","protected":false},"excerpt":{"rendered":"<p>A un a\u00f1o de la asunci\u00f3n de la nueva conducci\u00f3n del Consejo Directivo Provincial, invitamos a todas las delegadas y delegados a realizar un balance del a\u00f1o, a analizar problem\u00e1ticas, gestiones realizadas y organizar ejes de reclamo para finalizar el a\u00f1o. \u00a1Todas y todos los y las delegados\/as, invitadas e invitados! Link para unirse a [&hellip;]<\/p>\n","protected":false},"author":7,"featured_media":22700,"comment_status":"open","ping_status":"open","sticky":true,"template":"","format":"standard","meta":{"_exactmetrics_skip_tracking":false,"_exactmetrics_sitenote_active":false,"_exactmetrics_sitenote_note":"","_exactmetrics_sitenote_category":0,"jnews-multi-image_gallery":[],"jnews_single_post":{"source_name":"","source_url":"","via_name":"","via_url":"","override_template":"0","override":[{"template":"1","single_blog_custom":"","parallax":"1","fullscreen":"0","layout":"right-sidebar","sidebar":"default-sidebar","second_sidebar":"default-sidebar","sticky_sidebar":"1","share_position":"top","share_float_style":"share-monocrhome","show_share_counter":"1","show_view_counter":"1","show_featured":"1","show_post_meta":"1","show_post_author":"1","show_post_author_image":"1","show_post_date":"1","post_date_format":"default","post_date_format_custom":"Y\/m\/d","show_post_category":"1","show_post_reading_time":"0","post_reading_time_wpm":"300","show_zoom_button":"0","zoom_button_out_step":"2","zoom_button_in_step":"3","show_post_tag":"1","show_prev_next_post":"1","show_popup_post":"1","number_popup_post":"1","show_author_box":"0","show_post_related":"0","show_inline_post_related":"0"}],"override_image_size":"0","image_override":[{"single_post_thumbnail_size":"crop-500","single_post_gallery_size":"crop-500"}],"trending_post":"0","trending_post_position":"meta","trending_post_label":"Trending","sponsored_post":"0","sponsored_post_label":"Sponsored by","sponsored_post_name":"","sponsored_post_url":"","sponsored_post_logo_enable":"0","sponsored_post_logo":"","sponsored_post_desc":""},"jnews_primary_category":{"id":""},"jnews_social_meta":{"fb_title":"","fb_description":"","fb_image":"","twitter_title":"","twitter_description":"","twitter_image":""},"jnews_review":[],"enable_review":"0","type":"percentage","name":"","summary":"","brand":"","sku":"","good":[{"good_text":""}],"bad":[{"bad_text":""}],"score_override":"","override_value":"","rating":[{"rating_text":"","rating_number":"10"}],"price":[{"shop":"","price":"","link":"","icon":""}],"jnews_override_counter":{"override_view_counter":"0","view_counter_number":"0","override_share_counter":"0","share_counter_number":"0","override_like_counter":"0","like_counter_number":"0","override_dislike_counter":"0","dislike_counter_number":"0"},"jnews_post_split":{"enable_post_split":"0","post_split":[{"template":"1","tag":"h2","numbering":"asc","mode":"normal"}]},"footnotes":""},"categories":[20],"tags":[561],"class_list":["post-22699","post","type-post","status-publish","format-standard","has-post-thumbnail","hentry","category-municipales","tag-plenario-provincial"],"jetpack_featured_media_url":"https:\/\/atecordoba.org\/wp-content\/uploads\/2020\/11\/flyer-plenario-municipales.jpg","_links":{"self":[{"href":"https:\/\/atecordoba.org\/index.php?rest_route=\/wp\/v2\/posts\/22699","targetHints":{"allow":["GET"]}}],"collection":[{"href":"https:\/\/atecordoba.org\/index.php?rest_route=\/wp\/v2\/posts"}],"about":[{"href":"https:\/\/atecordoba.org\/index.php?rest_route=\/wp\/v2\/types\/post"}],"author":[{"embeddable":true,"href":"https:\/\/atecordoba.org\/index.php?rest_route=\/wp\/v2\/users\/7"}],"replies":[{"embeddable":true,"href":"https:\/\/atecordoba.org\/index.php?rest_route=%2Fwp%2Fv2%2Fcomments&post=22699"}],"version-history":[{"count":1,"href":"https:\/\/atecordoba.org\/index.php?rest_route=\/wp\/v2\/posts\/22699\/revisions"}],"predecessor-version":[{"id":22701,"href":"https:\/\/atecordoba.org\/index.php?rest_route=\/wp\/v2\/posts\/22699\/revisions\/22701"}],"wp:featuredmedia":[{"embeddable":true,"href":"https:\/\/atecordoba.org\/index.php?rest_route=\/wp\/v2\/media\/22700"}],"wp:attachment":[{"href":"https:\/\/atecordoba.org\/index.php?rest_route=%2Fwp%2Fv2%2Fmedia&parent=22699"}],"wp:term":[{"taxonomy":"category","embeddable":true,"href":"https:\/\/atecordoba.org\/index.php?rest_route=%2Fwp%2Fv2%2Fcategories&post=22699"},{"taxonomy":"post_tag","embeddable":true,"href":"https:\/\/atecordoba.org\/index.php?rest_route=%2Fwp%2Fv2%2Ftags&post=22699"}],"curies":[{"name":"wp","href":"https:\/\/api.w.org\/{rel}","templated":true}]}}