{"id":22667,"date":"2020-10-30T14:22:11","date_gmt":"2020-10-30T17:22:11","guid":{"rendered":"https:\/\/atecordoba.org\/?p=22667"},"modified":"2020-10-30T14:36:10","modified_gmt":"2020-10-30T17:36:10","slug":"solidaridad-con-suoem-y-repudio-a-la-represion-schiarettista","status":"publish","type":"post","link":"https:\/\/atecordoba.org\/?p=22667","title":{"rendered":"Solidaridad con Suoem y repudio a la represi\u00f3n schiarettista"},"content":{"rendered":"<figure id=\"attachment_22668\" aria-describedby=\"caption-attachment-22668\" style=\"width: 596px\" class=\"wp-caption aligncenter\"><img loading=\"lazy\" decoding=\"async\" class=\"wp-image-22668\" src=\"https:\/\/atecordoba.org\/wp-content\/uploads\/2020\/10\/WhatsApp-Image-2020-10-30-at-13.08.57-1-300x200.jpeg\" alt=\"\" width=\"596\" height=\"397\" srcset=\"https:\/\/atecordoba.org\/wp-content\/uploads\/2020\/10\/WhatsApp-Image-2020-10-30-at-13.08.57-1-300x200.jpeg 300w, https:\/\/atecordoba.org\/wp-content\/uploads\/2020\/10\/WhatsApp-Image-2020-10-30-at-13.08.57-1-1024x683.jpeg 1024w, https:\/\/atecordoba.org\/wp-content\/uploads\/2020\/10\/WhatsApp-Image-2020-10-30-at-13.08.57-1-768x512.jpeg 768w, https:\/\/atecordoba.org\/wp-content\/uploads\/2020\/10\/WhatsApp-Image-2020-10-30-at-13.08.57-1-750x500.jpeg 750w, https:\/\/atecordoba.org\/wp-content\/uploads\/2020\/10\/WhatsApp-Image-2020-10-30-at-13.08.57-1.jpeg 1072w\" sizes=\"auto, (max-width: 596px) 100vw, 596px\" \/><figcaption id=\"caption-attachment-22668\" class=\"wp-caption-text\">La polic\u00eda cordobesa reprimiendo al Suoem.<\/figcaption><\/figure>\n<figure id=\"attachment_22670\" aria-describedby=\"caption-attachment-22670\" style=\"width: 354px\" class=\"wp-caption alignright\"><img loading=\"lazy\" decoding=\"async\" class=\"wp-image-22670\" src=\"https:\/\/atecordoba.org\/wp-content\/uploads\/2020\/10\/123338676_10222436219605652_7054982068245865337_o-300x200.jpg\" alt=\"\" width=\"354\" height=\"236\" srcset=\"https:\/\/atecordoba.org\/wp-content\/uploads\/2020\/10\/123338676_10222436219605652_7054982068245865337_o-300x200.jpg 300w, https:\/\/atecordoba.org\/wp-content\/uploads\/2020\/10\/123338676_10222436219605652_7054982068245865337_o-1024x683.jpg 1024w, https:\/\/atecordoba.org\/wp-content\/uploads\/2020\/10\/123338676_10222436219605652_7054982068245865337_o-768x512.jpg 768w, https:\/\/atecordoba.org\/wp-content\/uploads\/2020\/10\/123338676_10222436219605652_7054982068245865337_o-750x500.jpg 750w, https:\/\/atecordoba.org\/wp-content\/uploads\/2020\/10\/123338676_10222436219605652_7054982068245865337_o.jpg 1072w\" sizes=\"auto, (max-width: 354px) 100vw, 354px\" \/><figcaption id=\"caption-attachment-22670\" class=\"wp-caption-text\">Movilizaci\u00f3n de las y los municipales.<\/figcaption><\/figure>\n<p>Frente a la masiva protesta de las y los trabajadores municipales de la ciudad de C\u00f3rdoba, en reclamo de una justa recomposici\u00f3n salarial y en defensa de sus derechos, el Consejo Directivo Provincial de ATE se solidariza con las y los compa\u00f1eros del SUOEM y repudia la represi\u00f3n ordenada por el Gobierno de C\u00f3rdoba, a manos de la Polic\u00eda provincial.<\/p>\n<p>Se trata de otra muestra de criminalizaci\u00f3n de la protesta que termina con detenidos y heridos a manos de una Polic\u00eda cuestionada por el pueblo de C\u00f3rdoba por sus m\u00e9todos criminales, que este a\u00f1o se llevaron la vida de varios j\u00f3venes bajo el m\u00e9todo del gatillo f\u00e1cil.<\/p>\n<figure id=\"attachment_22672\" aria-describedby=\"caption-attachment-22672\" style=\"width: 232px\" class=\"wp-caption alignleft\"><img loading=\"lazy\" decoding=\"async\" class=\"wp-image-22672 size-medium\" src=\"https:\/\/atecordoba.org\/wp-content\/uploads\/2020\/10\/cochera-232x300.png\" alt=\"\" width=\"232\" height=\"300\" srcset=\"https:\/\/atecordoba.org\/wp-content\/uploads\/2020\/10\/cochera-232x300.png 232w, https:\/\/atecordoba.org\/wp-content\/uploads\/2020\/10\/cochera.png 716w\" sizes=\"auto, (max-width: 232px) 100vw, 232px\" \/><figcaption id=\"caption-attachment-22672\" class=\"wp-caption-text\">Detenidos en la cochera del subsuelo del Palacio 6 de Julio.<\/figcaption><\/figure>\n<p>Ese es el instrumento que tiene el gobernador Juan Schiaretti para resolver un conflicto gremial generado exclusivamente por el intendente Mart\u00edn Llaryora, un ajustador serial que utiliz\u00f3 el periodo de la pandemia para aplicar su plan de reducir los salarios municipales. Mientras, es para todos evidente como malgasta los recursos del Estado municipal, quiz\u00e1s aquellos que se ahorra con sus pol\u00edticas neoliberales sobre el personal a su cargo, para invertirlos en fastuosas e imp\u00fadicas campa\u00f1as de publicidad que promocionan su gesti\u00f3n.<\/p>\n<p>Desde ATE exigimos la liberaci\u00f3n de los detenidos, el fin de la represi\u00f3n y la apertura del gobierno al di\u00e1logo, para encausar racionalmente la l\u00f3gica protesta de las y los trabajadores municipales, ante el despojo que est\u00e1n sufriendo en sus salarios.<\/p>\n<p>Por \u00faltimo, llama poderosamente la atenci\u00f3n que la polic\u00eda represora haya utilizado la Cochera del subsuelo del Palacio 6 de Julio como lugar donde mantener detenidos a los compa\u00f1eros manifestantes que fueron demorados durante la protesta. Aquel lugar es un espacio de la memoria, se\u00f1alizado oportunamente porque all\u00ed funcion\u00f3 un centro de detenci\u00f3n de trabajadores municipales durante la \u00faltima dictadura c\u00edvico-militar que asol\u00f3 nuestro pa\u00eds. Ese hecho es una grave afrenta a la lucha por los derechos humanos de C\u00f3rdoba y una muestra de hasta d\u00f3nde llega el compromiso del Gobierno para aplicar su feroz ajuste sobre las y los trabajadores.<\/p>\n<div id='gallery_1' class='gallery galleryid-22667 gallery-columns-3 gallery-size-large'><figure class='gallery-item'>\n                <div class='gallery-icon landscape'>\n                    <a href='https:\/\/atecordoba.org\/wp-content\/uploads\/2020\/10\/123335288_10222436227125840_3010849936754775928_o.jpg'><img loading=\"lazy\" decoding=\"async\" width=\"1024\" height=\"683\" src=\"\" class=\"attachment-large size-large lazyload\" alt=\"\" data-src=\"https:\/\/atecordoba.org\/wp-content\/uploads\/2020\/10\/123335288_10222436227125840_3010849936754775928_o-1024x683.jpg\" data-sizes=\"auto\" data-srcset=\"https:\/\/atecordoba.org\/wp-content\/uploads\/2020\/10\/123335288_10222436227125840_3010849936754775928_o-1024x683.jpg 1024w, https:\/\/atecordoba.org\/wp-content\/uploads\/2020\/10\/123335288_10222436227125840_3010849936754775928_o-300x200.jpg 300w, https:\/\/atecordoba.org\/wp-content\/uploads\/2020\/10\/123335288_10222436227125840_3010849936754775928_o-768x512.jpg 768w, https:\/\/atecordoba.org\/wp-content\/uploads\/2020\/10\/123335288_10222436227125840_3010849936754775928_o-750x500.jpg 750w, https:\/\/atecordoba.org\/wp-content\/uploads\/2020\/10\/123335288_10222436227125840_3010849936754775928_o.jpg 1072w\" data-expand=\"700\" \/><\/a>\n                <\/div><\/figure><figure class='gallery-item'>\n                <div class='gallery-icon landscape'>\n                    <a href='https:\/\/atecordoba.org\/wp-content\/uploads\/2020\/10\/123338676_10222436219605652_7054982068245865337_o-1.jpg'><img loading=\"lazy\" decoding=\"async\" width=\"1024\" height=\"683\" src=\"\" class=\"attachment-large size-large lazyload\" alt=\"\" data-src=\"https:\/\/atecordoba.org\/wp-content\/uploads\/2020\/10\/123338676_10222436219605652_7054982068245865337_o-1-1024x683.jpg\" data-sizes=\"auto\" data-srcset=\"https:\/\/atecordoba.org\/wp-content\/uploads\/2020\/10\/123338676_10222436219605652_7054982068245865337_o-1-1024x683.jpg 1024w, https:\/\/atecordoba.org\/wp-content\/uploads\/2020\/10\/123338676_10222436219605652_7054982068245865337_o-1-300x200.jpg 300w, https:\/\/atecordoba.org\/wp-content\/uploads\/2020\/10\/123338676_10222436219605652_7054982068245865337_o-1-768x512.jpg 768w, https:\/\/atecordoba.org\/wp-content\/uploads\/2020\/10\/123338676_10222436219605652_7054982068245865337_o-1-750x500.jpg 750w, https:\/\/atecordoba.org\/wp-content\/uploads\/2020\/10\/123338676_10222436219605652_7054982068245865337_o-1.jpg 1072w\" data-expand=\"700\" \/><\/a>\n                <\/div><\/figure><figure class='gallery-item'>\n                <div class='gallery-icon landscape'>\n                    <a href='https:\/\/atecordoba.org\/wp-content\/uploads\/2020\/10\/123352961_10222436223925760_4648283443802601760_o.jpg'><img loading=\"lazy\" decoding=\"async\" width=\"1024\" height=\"683\" src=\"\" class=\"attachment-large size-large lazyload\" alt=\"\" data-src=\"https:\/\/atecordoba.org\/wp-content\/uploads\/2020\/10\/123352961_10222436223925760_4648283443802601760_o-1024x683.jpg\" data-sizes=\"auto\" data-srcset=\"https:\/\/atecordoba.org\/wp-content\/uploads\/2020\/10\/123352961_10222436223925760_4648283443802601760_o-1024x683.jpg 1024w, https:\/\/atecordoba.org\/wp-content\/uploads\/2020\/10\/123352961_10222436223925760_4648283443802601760_o-300x200.jpg 300w, https:\/\/atecordoba.org\/wp-content\/uploads\/2020\/10\/123352961_10222436223925760_4648283443802601760_o-768x512.jpg 768w, https:\/\/atecordoba.org\/wp-content\/uploads\/2020\/10\/123352961_10222436223925760_4648283443802601760_o-750x500.jpg 750w, https:\/\/atecordoba.org\/wp-content\/uploads\/2020\/10\/123352961_10222436223925760_4648283443802601760_o.jpg 1072w\" data-expand=\"700\" \/><\/a>\n                <\/div><\/figure><br style=\"clear: both\" \/><figure class='gallery-item'>\n                <div class='gallery-icon portrait'>\n                    <a href='https:\/\/atecordoba.org\/wp-content\/uploads\/2020\/10\/cochera-1.png'><img loading=\"lazy\" decoding=\"async\" width=\"716\" height=\"927\" src=\"\" class=\"attachment-large size-large lazyload\" alt=\"\" data-src=\"https:\/\/atecordoba.org\/wp-content\/uploads\/2020\/10\/cochera-1.png\" data-sizes=\"auto\" data-srcset=\"https:\/\/atecordoba.org\/wp-content\/uploads\/2020\/10\/cochera-1.png 716w, https:\/\/atecordoba.org\/wp-content\/uploads\/2020\/10\/cochera-1-232x300.png 232w\" data-expand=\"700\" \/><\/a>\n                <\/div><\/figure><figure class='gallery-item'>\n                <div class='gallery-icon portrait'>\n                    <a href='https:\/\/atecordoba.org\/wp-content\/uploads\/2020\/10\/WhatsApp-Image-2020-10-30-at-13.08.56.jpeg'><img loading=\"lazy\" decoding=\"async\" width=\"576\" height=\"1024\" src=\"\" class=\"attachment-large size-large lazyload\" alt=\"\" data-src=\"https:\/\/atecordoba.org\/wp-content\/uploads\/2020\/10\/WhatsApp-Image-2020-10-30-at-13.08.56-576x1024.jpeg\" data-sizes=\"auto\" data-srcset=\"https:\/\/atecordoba.org\/wp-content\/uploads\/2020\/10\/WhatsApp-Image-2020-10-30-at-13.08.56-576x1024.jpeg 576w, https:\/\/atecordoba.org\/wp-content\/uploads\/2020\/10\/WhatsApp-Image-2020-10-30-at-13.08.56-169x300.jpeg 169w, https:\/\/atecordoba.org\/wp-content\/uploads\/2020\/10\/WhatsApp-Image-2020-10-30-at-13.08.56.jpeg 720w\" data-expand=\"700\" \/><\/a>\n                <\/div><\/figure><figure class='gallery-item'>\n                <div class='gallery-icon landscape'>\n                    <a href='https:\/\/atecordoba.org\/wp-content\/uploads\/2020\/10\/WhatsApp-Image-2020-10-30-at-13.08.57-2.jpeg'><img loading=\"lazy\" decoding=\"async\" width=\"1024\" height=\"683\" src=\"\" class=\"attachment-large size-large lazyload\" alt=\"\" data-src=\"https:\/\/atecordoba.org\/wp-content\/uploads\/2020\/10\/WhatsApp-Image-2020-10-30-at-13.08.57-2-1024x683.jpeg\" data-sizes=\"auto\" data-srcset=\"https:\/\/atecordoba.org\/wp-content\/uploads\/2020\/10\/WhatsApp-Image-2020-10-30-at-13.08.57-2-1024x683.jpeg 1024w, https:\/\/atecordoba.org\/wp-content\/uploads\/2020\/10\/WhatsApp-Image-2020-10-30-at-13.08.57-2-300x200.jpeg 300w, https:\/\/atecordoba.org\/wp-content\/uploads\/2020\/10\/WhatsApp-Image-2020-10-30-at-13.08.57-2-768x512.jpeg 768w, https:\/\/atecordoba.org\/wp-content\/uploads\/2020\/10\/WhatsApp-Image-2020-10-30-at-13.08.57-2-750x500.jpeg 750w, https:\/\/atecordoba.org\/wp-content\/uploads\/2020\/10\/WhatsApp-Image-2020-10-30-at-13.08.57-2.jpeg 1072w\" data-expand=\"700\" \/><\/a>\n                <\/div><\/figure><br style=\"clear: both\" \/><figure class='gallery-item'>\n                <div class='gallery-icon portrait'>\n                    <a href='https:\/\/atecordoba.org\/wp-content\/uploads\/2020\/10\/WhatsApp-Image-2020-10-30-at-13.08.57-3-1.jpeg'><img loading=\"lazy\" decoding=\"async\" width=\"768\" height=\"1024\" src=\"\" class=\"attachment-large size-large lazyload\" alt=\"\" data-src=\"https:\/\/atecordoba.org\/wp-content\/uploads\/2020\/10\/WhatsApp-Image-2020-10-30-at-13.08.57-3-1-768x1024.jpeg\" data-sizes=\"auto\" data-srcset=\"https:\/\/atecordoba.org\/wp-content\/uploads\/2020\/10\/WhatsApp-Image-2020-10-30-at-13.08.57-3-1-768x1024.jpeg 768w, https:\/\/atecordoba.org\/wp-content\/uploads\/2020\/10\/WhatsApp-Image-2020-10-30-at-13.08.57-3-1-225x300.jpeg 225w, https:\/\/atecordoba.org\/wp-content\/uploads\/2020\/10\/WhatsApp-Image-2020-10-30-at-13.08.57-3-1-750x1000.jpeg 750w, https:\/\/atecordoba.org\/wp-content\/uploads\/2020\/10\/WhatsApp-Image-2020-10-30-at-13.08.57-3-1.jpeg 774w\" data-expand=\"700\" \/><\/a>\n                <\/div><\/figure><figure class='gallery-item'>\n                <div class='gallery-icon landscape'>\n                    <a href='https:\/\/atecordoba.org\/wp-content\/uploads\/2020\/10\/WhatsApp-Image-2020-10-30-at-13.08.58.jpeg'><img loading=\"lazy\" decoding=\"async\" width=\"1024\" height=\"768\" src=\"\" class=\"attachment-large size-large lazyload\" alt=\"\" data-src=\"https:\/\/atecordoba.org\/wp-content\/uploads\/2020\/10\/WhatsApp-Image-2020-10-30-at-13.08.58-1024x768.jpeg\" data-sizes=\"auto\" data-srcset=\"https:\/\/atecordoba.org\/wp-content\/uploads\/2020\/10\/WhatsApp-Image-2020-10-30-at-13.08.58-1024x768.jpeg 1024w, https:\/\/atecordoba.org\/wp-content\/uploads\/2020\/10\/WhatsApp-Image-2020-10-30-at-13.08.58-300x225.jpeg 300w, https:\/\/atecordoba.org\/wp-content\/uploads\/2020\/10\/WhatsApp-Image-2020-10-30-at-13.08.58-768x576.jpeg 768w, https:\/\/atecordoba.org\/wp-content\/uploads\/2020\/10\/WhatsApp-Image-2020-10-30-at-13.08.58-750x563.jpeg 750w, https:\/\/atecordoba.org\/wp-content\/uploads\/2020\/10\/WhatsApp-Image-2020-10-30-at-13.08.58-1140x855.jpeg 1140w, https:\/\/atecordoba.org\/wp-content\/uploads\/2020\/10\/WhatsApp-Image-2020-10-30-at-13.08.58.jpeg 1280w\" data-expand=\"700\" \/><\/a>\n                <\/div><\/figure><figure class='gallery-item'>\n                <div class='gallery-icon landscape'>\n                    <a href='https:\/\/atecordoba.org\/wp-content\/uploads\/2020\/10\/123261897_10222436225405797_7043950229965102177_o.jpg'><img loading=\"lazy\" decoding=\"async\" width=\"1024\" height=\"683\" src=\"\" class=\"attachment-large size-large lazyload\" alt=\"\" data-src=\"https:\/\/atecordoba.org\/wp-content\/uploads\/2020\/10\/123261897_10222436225405797_7043950229965102177_o-1024x683.jpg\" data-sizes=\"auto\" data-srcset=\"https:\/\/atecordoba.org\/wp-content\/uploads\/2020\/10\/123261897_10222436225405797_7043950229965102177_o-1024x683.jpg 1024w, https:\/\/atecordoba.org\/wp-content\/uploads\/2020\/10\/123261897_10222436225405797_7043950229965102177_o-300x200.jpg 300w, https:\/\/atecordoba.org\/wp-content\/uploads\/2020\/10\/123261897_10222436225405797_7043950229965102177_o-768x512.jpg 768w, https:\/\/atecordoba.org\/wp-content\/uploads\/2020\/10\/123261897_10222436225405797_7043950229965102177_o-750x500.jpg 750w, https:\/\/atecordoba.org\/wp-content\/uploads\/2020\/10\/123261897_10222436225405797_7043950229965102177_o.jpg 1072w\" data-expand=\"700\" \/><\/a>\n                <\/div><\/figure><br style=\"clear: both\" \/>\n            <\/div>\n\n","protected":false},"excerpt":{"rendered":"<p>Frente a la masiva protesta de las y los trabajadores municipales de la ciudad de C\u00f3rdoba, en reclamo de una justa recomposici\u00f3n salarial y en defensa de sus derechos, el Consejo Directivo Provincial de ATE se solidariza con las y los compa\u00f1eros del SUOEM y repudia la represi\u00f3n ordenada por el Gobierno de C\u00f3rdoba, a [&hellip;]<\/p>\n","protected":false},"author":7,"featured_media":22668,"comment_status":"open","ping_status":"open","sticky":true,"template":"","format":"standard","meta":{"_exactmetrics_skip_tracking":false,"_exactmetrics_sitenote_active":false,"_exactmetrics_sitenote_note":"","_exactmetrics_sitenote_category":0,"jnews-multi-image_gallery":[],"jnews_single_post":{"source_name":"","source_url":"","via_name":"","via_url":"","override_template":"0","override":[{"template":"1","single_blog_custom":"","parallax":"1","fullscreen":"0","layout":"right-sidebar","sidebar":"default-sidebar","second_sidebar":"default-sidebar","sticky_sidebar":"1","share_position":"top","share_float_style":"share-monocrhome","show_share_counter":"1","show_view_counter":"1","show_featured":"1","show_post_meta":"1","show_post_author":"1","show_post_author_image":"1","show_post_date":"1","post_date_format":"default","post_date_format_custom":"Y\/m\/d","show_post_category":"1","show_post_reading_time":"0","post_reading_time_wpm":"300","show_zoom_button":"0","zoom_button_out_step":"2","zoom_button_in_step":"3","show_post_tag":"1","show_prev_next_post":"1","show_popup_post":"1","number_popup_post":"1","show_author_box":"0","show_post_related":"0","show_inline_post_related":"0"}],"override_image_size":"0","image_override":[{"single_post_thumbnail_size":"crop-500","single_post_gallery_size":"crop-500"}],"trending_post":"0","trending_post_position":"meta","trending_post_label":"Trending","sponsored_post":"0","sponsored_post_label":"Sponsored by","sponsored_post_name":"","sponsored_post_url":"","sponsored_post_logo_enable":"0","sponsored_post_logo":"","sponsored_post_desc":""},"jnews_primary_category":{"id":""},"jnews_social_meta":{"fb_title":"","fb_description":"","fb_image":"","twitter_title":"","twitter_description":"","twitter_image":""},"jnews_review":[],"enable_review":"0","type":"percentage","name":"","summary":"","brand":"","sku":"","good":[{"good_text":""}],"bad":[{"bad_text":""}],"score_override":"","override_value":"","rating":[{"rating_text":"","rating_number":"10"}],"price":[{"shop":"","price":"","link":"","icon":""}],"jnews_override_counter":{"override_view_counter":"0","view_counter_number":"0","override_share_counter":"0","share_counter_number":"0","override_like_counter":"0","like_counter_number":"0","override_dislike_counter":"0","dislike_counter_number":"0"},"jnews_post_split":{"enable_post_split":"0","post_split":[{"template":"1","tag":"h2","numbering":"asc","mode":"normal"}]},"footnotes":""},"categories":[10,341,122],"tags":[417,420,378],"class_list":["post-22667","post","type-post","status-publish","format-standard","has-post-thumbnail","hentry","category-accion-politica","category-cdp","category-ddhh","tag-ajuste","tag-gobierno-de-cordoba","tag-represion-policial"],"jetpack_featured_media_url":"https:\/\/atecordoba.org\/wp-content\/uploads\/2020\/10\/WhatsApp-Image-2020-10-30-at-13.08.57-1.jpeg","_links":{"self":[{"href":"https:\/\/atecordoba.org\/index.php?rest_route=\/wp\/v2\/posts\/22667","targetHints":{"allow":["GET"]}}],"collection":[{"href":"https:\/\/atecordoba.org\/index.php?rest_route=\/wp\/v2\/posts"}],"about":[{"href":"https:\/\/atecordoba.org\/index.php?rest_route=\/wp\/v2\/types\/post"}],"author":[{"embeddable":true,"href":"https:\/\/atecordoba.org\/index.php?rest_route=\/wp\/v2\/users\/7"}],"replies":[{"embeddable":true,"href":"https:\/\/atecordoba.org\/index.php?rest_route=%2Fwp%2Fv2%2Fcomments&post=22667"}],"version-history":[{"count":3,"href":"https:\/\/atecordoba.org\/index.php?rest_route=\/wp\/v2\/posts\/22667\/revisions"}],"predecessor-version":[{"id":22684,"href":"https:\/\/atecordoba.org\/index.php?rest_route=\/wp\/v2\/posts\/22667\/revisions\/22684"}],"wp:featuredmedia":[{"embeddable":true,"href":"https:\/\/atecordoba.org\/index.php?rest_route=\/wp\/v2\/media\/22668"}],"wp:attachment":[{"href":"https:\/\/atecordoba.org\/index.php?rest_route=%2Fwp%2Fv2%2Fmedia&parent=22667"}],"wp:term":[{"taxonomy":"category","embeddable":true,"href":"https:\/\/atecordoba.org\/index.php?rest_route=%2Fwp%2Fv2%2Fcategories&post=22667"},{"taxonomy":"post_tag","embeddable":true,"href":"https:\/\/atecordoba.org\/index.php?rest_route=%2Fwp%2Fv2%2Ftags&post=22667"}],"curies":[{"name":"wp","href":"https:\/\/api.w.org\/{rel}","templated":true}]}}