{"id":22646,"date":"2020-10-30T11:05:41","date_gmt":"2020-10-30T14:05:41","guid":{"rendered":"https:\/\/atecordoba.org\/?p=22646"},"modified":"2020-10-30T11:28:29","modified_gmt":"2020-10-30T14:28:29","slug":"personal-civil-de-las-ffaa-la-fuerza-aerea-adelanto-a-ate-el-pago-de-los-tramos-adeudados","status":"publish","type":"post","link":"https:\/\/atecordoba.org\/?p=22646","title":{"rendered":"Personal Civil de las FFAA: La Fuerza A\u00e9rea adelant\u00f3 a ATE el pago de los tramos adeudados"},"content":{"rendered":"<figure id=\"attachment_22651\" aria-describedby=\"caption-attachment-22651\" style=\"width: 524px\" class=\"wp-caption aligncenter\"><img loading=\"lazy\" decoding=\"async\" class=\"wp-image-22651\" src=\"https:\/\/atecordoba.org\/wp-content\/uploads\/2020\/10\/area-material-rio-4-2-300x300.jpeg\" alt=\"\" width=\"524\" height=\"524\" srcset=\"https:\/\/atecordoba.org\/wp-content\/uploads\/2020\/10\/area-material-rio-4-2-300x300.jpeg 300w, https:\/\/atecordoba.org\/wp-content\/uploads\/2020\/10\/area-material-rio-4-2-150x150.jpeg 150w, https:\/\/atecordoba.org\/wp-content\/uploads\/2020\/10\/area-material-rio-4-2-560x560.jpeg 560w, https:\/\/atecordoba.org\/wp-content\/uploads\/2020\/10\/area-material-rio-4-2-75x75.jpeg 75w, https:\/\/atecordoba.org\/wp-content\/uploads\/2020\/10\/area-material-rio-4-2.jpeg 640w\" sizes=\"auto, (max-width: 524px) 100vw, 524px\" \/><figcaption id=\"caption-attachment-22651\" class=\"wp-caption-text\">Cuerpo de delegados del \u00c1rea Material R\u00edo Cuarto.<\/figcaption><\/figure>\n<p>Tras una reuni\u00f3n con el comandante en Jefe de la Fuerza A\u00e9rea, brigadier Xavier Isaac, el cuerpo de delegados del \u00c1rea Material R\u00edo Cuarto inform\u00f3 que la fuerza confirm\u00f3 pago de los tramos correspondientes por los reencasillamientos producto de la aplicaci\u00f3n de nuevo Convenio Colectivo de Trabajo sectorial (CCT).<\/p>\n<p>En la oportunidad, estuvieron presentes los delegados Soledad Hernando, de Iosfa Rio Cuarto, Manuel Roveres, del Area Material Rio Cuarto, Mart\u00edn Sol\u00eds delegado y paritario copicpecifase, junto a Pablo Pavetto secretario Adjunto de ATE Rio Cuarto, y Gabriel Escudero, secretario Administrativo.<\/p>\n<p>Por su parte, Isaac estuvo acompa\u00f1ado por su secretario, el comodoro Rodolfo Echegaray, y el brigadier Sergio Larsen.<\/p>\n<p>La medida es resultado de una serie de gestiones y tratativas llevadas a cabo por ATE y constituye la concreci\u00f3n de un derecho injustamente postergado durante todo el gobierno macrista, que congel\u00f3 la aplicaci\u00f3n de las modificaciones en el pago de los beneficios del reencasillamiento general que impone el CCT.<\/p>\n<p>Vale se\u00f1alar que el Ministerio de Defensa aprob\u00f3 recientemente el pago del 50% del tramo adeudado, pero posteriormente a que se acrediten los cursos que implican los nuevos escalafones, determinados por la antig\u00fcedad de las y los trabajadores. La fecha l\u00edmite para acreditar los cursos es el 30 de junio de 2021.<\/p>\n<p>La Fuerza A\u00e9rea adelanta el pago, que impacta en el b\u00e1sico salarial, en tanto las y los trabajadores deber\u00e1n cumplir con los cursos que establecen el CCT.<\/p>\n","protected":false},"excerpt":{"rendered":"<p>Tras una reuni\u00f3n con el comandante en Jefe de la Fuerza A\u00e9rea, brigadier Xavier Isaac, el cuerpo de delegados del \u00c1rea Material R\u00edo Cuarto inform\u00f3 que la fuerza confirm\u00f3 pago de los tramos correspondientes por los reencasillamientos producto de la aplicaci\u00f3n de nuevo Convenio Colectivo de Trabajo sectorial (CCT). En la oportunidad, estuvieron presentes los [&hellip;]<\/p>\n","protected":false},"author":7,"featured_media":22651,"comment_status":"open","ping_status":"open","sticky":true,"template":"","format":"standard","meta":{"_exactmetrics_skip_tracking":false,"_exactmetrics_sitenote_active":false,"_exactmetrics_sitenote_note":"","_exactmetrics_sitenote_category":0,"jnews-multi-image_gallery":[],"jnews_single_post":{"source_name":"","source_url":"","via_name":"","via_url":"","override_template":"0","override":[{"template":"1","single_blog_custom":"","parallax":"1","fullscreen":"0","layout":"right-sidebar","sidebar":"default-sidebar","second_sidebar":"default-sidebar","sticky_sidebar":"1","share_position":"top","share_float_style":"share-monocrhome","show_share_counter":"1","show_view_counter":"1","show_featured":"1","show_post_meta":"1","show_post_author":"1","show_post_author_image":"1","show_post_date":"1","post_date_format":"default","post_date_format_custom":"Y\/m\/d","show_post_category":"1","show_post_reading_time":"0","post_reading_time_wpm":"300","show_zoom_button":"0","zoom_button_out_step":"2","zoom_button_in_step":"3","show_post_tag":"1","show_prev_next_post":"1","show_popup_post":"1","number_popup_post":"1","show_author_box":"0","show_post_related":"0","show_inline_post_related":"0"}],"override_image_size":"0","image_override":[{"single_post_thumbnail_size":"crop-500","single_post_gallery_size":"crop-500"}],"trending_post":"0","trending_post_position":"meta","trending_post_label":"Trending","sponsored_post":"0","sponsored_post_label":"Sponsored by","sponsored_post_name":"","sponsored_post_url":"","sponsored_post_logo_enable":"0","sponsored_post_logo":"","sponsored_post_desc":""},"jnews_primary_category":{"id":""},"jnews_social_meta":{"fb_title":"","fb_description":"","fb_image":"","twitter_title":"","twitter_description":"","twitter_image":""},"jnews_review":[],"enable_review":"0","type":"percentage","name":"","summary":"","brand":"","sku":"","good":[{"good_text":""}],"bad":[{"bad_text":""}],"score_override":"","override_value":"","rating":[{"rating_text":"","rating_number":"10"}],"price":[{"shop":"","price":"","link":"","icon":""}],"jnews_override_counter":{"override_view_counter":"0","view_counter_number":"0","override_share_counter":"0","share_counter_number":"0","override_like_counter":"0","like_counter_number":"0","override_dislike_counter":"0","dislike_counter_number":"0"},"jnews_post_split":{"enable_post_split":"0","post_split":[{"template":"1","tag":"h2","numbering":"asc","mode":"normal"}]},"footnotes":""},"categories":[18,12],"tags":[393,645,392,646],"class_list":["post-22646","post","type-post","status-publish","format-standard","has-post-thumbnail","hentry","category-nacionales","category-rio-cuarto","tag-area-material-rio-cuarto","tag-convenio-colectivo-de-trabajo","tag-personal-civil-ff-aa","tag-reencasillamiento"],"jetpack_featured_media_url":"https:\/\/atecordoba.org\/wp-content\/uploads\/2020\/10\/area-material-rio-4-2.jpeg","_links":{"self":[{"href":"https:\/\/atecordoba.org\/index.php?rest_route=\/wp\/v2\/posts\/22646","targetHints":{"allow":["GET"]}}],"collection":[{"href":"https:\/\/atecordoba.org\/index.php?rest_route=\/wp\/v2\/posts"}],"about":[{"href":"https:\/\/atecordoba.org\/index.php?rest_route=\/wp\/v2\/types\/post"}],"author":[{"embeddable":true,"href":"https:\/\/atecordoba.org\/index.php?rest_route=\/wp\/v2\/users\/7"}],"replies":[{"embeddable":true,"href":"https:\/\/atecordoba.org\/index.php?rest_route=%2Fwp%2Fv2%2Fcomments&post=22646"}],"version-history":[{"count":4,"href":"https:\/\/atecordoba.org\/index.php?rest_route=\/wp\/v2\/posts\/22646\/revisions"}],"predecessor-version":[{"id":22652,"href":"https:\/\/atecordoba.org\/index.php?rest_route=\/wp\/v2\/posts\/22646\/revisions\/22652"}],"wp:featuredmedia":[{"embeddable":true,"href":"https:\/\/atecordoba.org\/index.php?rest_route=\/wp\/v2\/media\/22651"}],"wp:attachment":[{"href":"https:\/\/atecordoba.org\/index.php?rest_route=%2Fwp%2Fv2%2Fmedia&parent=22646"}],"wp:term":[{"taxonomy":"category","embeddable":true,"href":"https:\/\/atecordoba.org\/index.php?rest_route=%2Fwp%2Fv2%2Fcategories&post=22646"},{"taxonomy":"post_tag","embeddable":true,"href":"https:\/\/atecordoba.org\/index.php?rest_route=%2Fwp%2Fv2%2Ftags&post=22646"}],"curies":[{"name":"wp","href":"https:\/\/api.w.org\/{rel}","templated":true}]}}