{"id":22643,"date":"2020-10-29T16:10:18","date_gmt":"2020-10-29T19:10:18","guid":{"rendered":"https:\/\/atecordoba.org\/?p=22643"},"modified":"2020-10-29T16:15:18","modified_gmt":"2020-10-29T19:15:18","slug":"giuliani-denuncio-penalmente-a-la-legisladora-del-falcon-verde-en-la-justicia-federal","status":"publish","type":"post","link":"https:\/\/atecordoba.org\/?p=22643","title":{"rendered":"Giuliani denunci\u00f3 penalmente a la &#8216;legisladora del falcon verde&#8217; en la Justicia Federal"},"content":{"rendered":"<p><img loading=\"lazy\" decoding=\"async\" class=\" wp-image-21004 aligncenter\" src=\"https:\/\/atecordoba.org\/wp-content\/uploads\/2020\/07\/federico-3-300x200.jpeg\" alt=\"\" width=\"572\" height=\"381\" srcset=\"https:\/\/atecordoba.org\/wp-content\/uploads\/2020\/07\/federico-3-300x200.jpeg 300w, https:\/\/atecordoba.org\/wp-content\/uploads\/2020\/07\/federico-3-1024x682.jpeg 1024w, https:\/\/atecordoba.org\/wp-content\/uploads\/2020\/07\/federico-3-768x512.jpeg 768w, https:\/\/atecordoba.org\/wp-content\/uploads\/2020\/07\/federico-3-750x500.jpeg 750w, https:\/\/atecordoba.org\/wp-content\/uploads\/2020\/07\/federico-3-1140x760.jpeg 1140w, https:\/\/atecordoba.org\/wp-content\/uploads\/2020\/07\/federico-3.jpeg 1280w\" sizes=\"auto, (max-width: 572px) 100vw, 572px\" \/><\/p>\n<p>Frente a la enormidad de los dichos de la legisladora radical Patricia De Ferrari, quien expres\u00f3 en su cuenta de Twitter su anhelo de que &#8220;aparezcan los falcon verdes a &#8216;impartir&#8217; justicia&#8221;, el secretario General de ATE C\u00f3rdoba, Federico Giuliani realiz\u00f3 el martes pasado una denuncia en la Justicia Federal por la posible comisi\u00f3n de delitos\u00a0 como los que eventualmente podr\u00edan ser los de &#8220;incitaci\u00f3n a la violencia&#8221; y &#8220;apolog\u00eda del terrorismo de Estado&#8221;.<\/p>\n<p>Vale recordar que De Ferrari se expreso en esos t\u00e9rminos en su cuenta de twitter y que posteriormente, y de forma tan pat\u00e9tica como su propia expresi\u00f3n, borr\u00f3 el twitt y aleg\u00f3 que se hab\u00eda mal interpretado su intenci\u00f3n.<\/p>\n<p>Seg\u00fan dej\u00f3 asentado Giuliani en su denuncia, los dichos de la implican &#8220;un llamado expl\u00edcito a &#8216;impartir justicia&#8217; a <img loading=\"lazy\" decoding=\"async\" class=\" wp-image-22525 alignright\" src=\"https:\/\/atecordoba.org\/wp-content\/uploads\/2020\/10\/falcon-300x187.png\" alt=\"\" width=\"327\" height=\"204\" srcset=\"https:\/\/atecordoba.org\/wp-content\/uploads\/2020\/10\/falcon-300x187.png 300w, https:\/\/atecordoba.org\/wp-content\/uploads\/2020\/10\/falcon.png 732w\" sizes=\"auto, (max-width: 327px) 100vw, 327px\" \/>particulares afines con esos m\u00e9todos violentos prohibidos por el Tratado de Roma y Nuestra Constituci\u00f3n; es decir la incitaci\u00f3n a reemplazar el poder judicial constitucional por otros, que ejecuten los m\u00e9todos del falc\u00f3n verdes&#8221;.<\/p>\n<p>Por otro lado, el abogado de ATE, Eugenio Biafore, consider\u00f3 que corresponde a la Justicia Federal investigar la denuncia atento a que la apolog\u00eda a m\u00e9todos propios de la \u00faltima dictadura c\u00edvico-militar hace referencia directa a la interrupci\u00f3n del orden constitucional , y que por lo tanto es ese fuero el que debe intervenir.<\/p>\n<p><strong>Suspensi\u00f3n<\/strong><\/p>\n<p>Por otro lado, ayer la Legislatura resolvi\u00f3 suspender por seis meses a De Ferrari como consecuencia de su accionar.<\/p>\n<p>En tal sentido, Giuliani consider\u00f3 que la suspensi\u00f3n &#8220;es vergonzosa&#8221;.<\/p>\n<p>&#8220;Entendemos, apunt\u00f3 el dirigente, que deber\u00edan expulsarla del cuerpo ya que los hechos son lo suficientemente graves como para hacerlo. La mera suspensi\u00f3n expresa como el cordobesismo se cubre entre s\u00ed en un pacto espurio que incluye al gobierno provincial y a Juntos por el Cambio. De seguir as\u00ed en seis meses se olvidaron del tema&#8221;.<\/p>\n","protected":false},"excerpt":{"rendered":"<p>Frente a la enormidad de los dichos de la legisladora radical Patricia De Ferrari, quien expres\u00f3 en su cuenta de Twitter su anhelo de que &#8220;aparezcan los falcon verdes a &#8216;impartir&#8217; justicia&#8221;, el secretario General de ATE C\u00f3rdoba, Federico Giuliani realiz\u00f3 el martes pasado una denuncia en la Justicia Federal por la posible comisi\u00f3n de [&hellip;]<\/p>\n","protected":false},"author":7,"featured_media":20308,"comment_status":"open","ping_status":"open","sticky":true,"template":"","format":"standard","meta":{"_exactmetrics_skip_tracking":false,"_exactmetrics_sitenote_active":false,"_exactmetrics_sitenote_note":"","_exactmetrics_sitenote_category":0,"jnews-multi-image_gallery":[],"jnews_single_post":{"source_name":"","source_url":"","via_name":"","via_url":"","override_template":"0","override":[{"template":"1","single_blog_custom":"","parallax":"1","fullscreen":"0","layout":"right-sidebar","sidebar":"default-sidebar","second_sidebar":"default-sidebar","sticky_sidebar":"1","share_position":"top","share_float_style":"share-monocrhome","show_share_counter":"1","show_view_counter":"1","show_featured":"1","show_post_meta":"1","show_post_author":"1","show_post_author_image":"1","show_post_date":"1","post_date_format":"default","post_date_format_custom":"Y\/m\/d","show_post_category":"1","show_post_reading_time":"0","post_reading_time_wpm":"300","show_zoom_button":"0","zoom_button_out_step":"2","zoom_button_in_step":"3","show_post_tag":"1","show_prev_next_post":"1","show_popup_post":"1","number_popup_post":"1","show_author_box":"0","show_post_related":"0","show_inline_post_related":"0"}],"override_image_size":"0","image_override":[{"single_post_thumbnail_size":"crop-500","single_post_gallery_size":"crop-500"}],"trending_post":"0","trending_post_position":"meta","trending_post_label":"Trending","sponsored_post":"0","sponsored_post_label":"Sponsored by","sponsored_post_name":"","sponsored_post_url":"","sponsored_post_logo_enable":"0","sponsored_post_logo":"","sponsored_post_desc":""},"jnews_primary_category":{"id":""},"jnews_social_meta":{"fb_title":"","fb_description":"","fb_image":"","twitter_title":"","twitter_description":"","twitter_image":""},"jnews_review":[],"enable_review":"0","type":"percentage","name":"","summary":"","brand":"","sku":"","good":[{"good_text":""}],"bad":[{"bad_text":""}],"score_override":"","override_value":"","rating":[{"rating_text":"","rating_number":"10"}],"price":[{"shop":"","price":"","link":"","icon":""}],"jnews_override_counter":{"override_view_counter":"0","view_counter_number":"0","override_share_counter":"0","share_counter_number":"0","override_like_counter":"0","like_counter_number":"0","override_dislike_counter":"0","dislike_counter_number":"0"},"jnews_post_split":{"enable_post_split":"0","post_split":[{"template":"1","tag":"h2","numbering":"asc","mode":"normal"}]},"footnotes":""},"categories":[10,341,122],"tags":[],"class_list":["post-22643","post","type-post","status-publish","format-standard","has-post-thumbnail","hentry","category-accion-politica","category-cdp","category-ddhh"],"jetpack_featured_media_url":"https:\/\/atecordoba.org\/wp-content\/uploads\/2020\/06\/DSC_0897-1024x683.jpg","_links":{"self":[{"href":"https:\/\/atecordoba.org\/index.php?rest_route=\/wp\/v2\/posts\/22643","targetHints":{"allow":["GET"]}}],"collection":[{"href":"https:\/\/atecordoba.org\/index.php?rest_route=\/wp\/v2\/posts"}],"about":[{"href":"https:\/\/atecordoba.org\/index.php?rest_route=\/wp\/v2\/types\/post"}],"author":[{"embeddable":true,"href":"https:\/\/atecordoba.org\/index.php?rest_route=\/wp\/v2\/users\/7"}],"replies":[{"embeddable":true,"href":"https:\/\/atecordoba.org\/index.php?rest_route=%2Fwp%2Fv2%2Fcomments&post=22643"}],"version-history":[{"count":2,"href":"https:\/\/atecordoba.org\/index.php?rest_route=\/wp\/v2\/posts\/22643\/revisions"}],"predecessor-version":[{"id":22645,"href":"https:\/\/atecordoba.org\/index.php?rest_route=\/wp\/v2\/posts\/22643\/revisions\/22645"}],"wp:featuredmedia":[{"embeddable":true,"href":"https:\/\/atecordoba.org\/index.php?rest_route=\/wp\/v2\/media\/20308"}],"wp:attachment":[{"href":"https:\/\/atecordoba.org\/index.php?rest_route=%2Fwp%2Fv2%2Fmedia&parent=22643"}],"wp:term":[{"taxonomy":"category","embeddable":true,"href":"https:\/\/atecordoba.org\/index.php?rest_route=%2Fwp%2Fv2%2Fcategories&post=22643"},{"taxonomy":"post_tag","embeddable":true,"href":"https:\/\/atecordoba.org\/index.php?rest_route=%2Fwp%2Fv2%2Ftags&post=22643"}],"curies":[{"name":"wp","href":"https:\/\/api.w.org\/{rel}","templated":true}]}}