{"id":22612,"date":"2020-10-29T11:08:53","date_gmt":"2020-10-29T14:08:53","guid":{"rendered":"https:\/\/atecordoba.org\/?p=22612"},"modified":"2020-10-29T11:08:53","modified_gmt":"2020-10-29T14:08:53","slug":"ate-repudia-la-fuerte-represion-policial-y-el-desalojo-de-la-toma-en-guernica","status":"publish","type":"post","link":"https:\/\/atecordoba.org\/?p=22612","title":{"rendered":"ATE repudia la fuerte represi\u00f3n policial y el desalojo de la toma en Guernica"},"content":{"rendered":"<p><img loading=\"lazy\" decoding=\"async\" class=\" wp-image-22613 aligncenter\" src=\"https:\/\/atecordoba.org\/wp-content\/uploads\/2020\/10\/represion-guernica-300x169.jpg\" alt=\"\" width=\"602\" height=\"339\" srcset=\"https:\/\/atecordoba.org\/wp-content\/uploads\/2020\/10\/represion-guernica-300x169.jpg 300w, https:\/\/atecordoba.org\/wp-content\/uploads\/2020\/10\/represion-guernica-768x432.jpg 768w, https:\/\/atecordoba.org\/wp-content\/uploads\/2020\/10\/represion-guernica-750x422.jpg 750w, https:\/\/atecordoba.org\/wp-content\/uploads\/2020\/10\/represion-guernica.jpg 800w\" sizes=\"auto, (max-width: 602px) 100vw, 602px\" \/>A primera hora de la ma\u00f1ana 4000 efectivos policiales fuertemente armados se hicieron presentes en el lugar quienes derribaron y cortaron alambres, prendieron fuego las casillas y dispararon balas de goma.<\/p>\n<p>Se trata de familias sin techo que viven y resisten en un predio de unas 100 hect\u00e1reas, en medio de la pandemia, el fr\u00edo y la crisis, gente que no tuvo otra opci\u00f3n ante la alternativa de vivir en la calle.<\/p>\n<p>Desde ATE sostenemos que el Estado debe garantizar el derecho de esas familias a una vivienda digna y priorizar el derecho a la vivienda de miles de argentinos, sobre todo trat\u00e1ndose de una poblaci\u00f3n donde hay alto porcentaje de menores.<\/p>\n<p>Tampoco olvidamos el accionar irresponsable de organizaciones que llevaron la situaci\u00f3n al estado actual.<\/p>\n<p>Al mismo tiempo que repudiamos la violencia ejercida por las fuerzas de seguridad, exigimos la liberaci\u00f3n inmediata de los detenidos.<\/p>\n<p>&nbsp;<\/p>\n","protected":false},"excerpt":{"rendered":"<p>A primera hora de la ma\u00f1ana 4000 efectivos policiales fuertemente armados se hicieron presentes en el lugar quienes derribaron y cortaron alambres, prendieron fuego las casillas y dispararon balas de goma. Se trata de familias sin techo que viven y resisten en un predio de unas 100 hect\u00e1reas, en medio de la pandemia, el fr\u00edo [&hellip;]<\/p>\n","protected":false},"author":7,"featured_media":22613,"comment_status":"open","ping_status":"open","sticky":true,"template":"","format":"standard","meta":{"_exactmetrics_skip_tracking":false,"_exactmetrics_sitenote_active":false,"_exactmetrics_sitenote_note":"","_exactmetrics_sitenote_category":0,"jnews-multi-image_gallery":[],"jnews_single_post":{"source_name":"","source_url":"","via_name":"","via_url":"","override_template":"0","override":[{"template":"1","single_blog_custom":"","parallax":"1","fullscreen":"0","layout":"right-sidebar","sidebar":"default-sidebar","second_sidebar":"default-sidebar","sticky_sidebar":"1","share_position":"top","share_float_style":"share-monocrhome","show_share_counter":"1","show_view_counter":"1","show_featured":"1","show_post_meta":"1","show_post_author":"1","show_post_author_image":"1","show_post_date":"1","post_date_format":"default","post_date_format_custom":"Y\/m\/d","show_post_category":"1","show_post_reading_time":"0","post_reading_time_wpm":"300","show_zoom_button":"0","zoom_button_out_step":"2","zoom_button_in_step":"3","show_post_tag":"1","show_prev_next_post":"1","show_popup_post":"1","number_popup_post":"1","show_author_box":"0","show_post_related":"0","show_inline_post_related":"0"}],"override_image_size":"0","image_override":[{"single_post_thumbnail_size":"crop-500","single_post_gallery_size":"crop-500"}],"trending_post":"0","trending_post_position":"meta","trending_post_label":"Trending","sponsored_post":"0","sponsored_post_label":"Sponsored by","sponsored_post_name":"","sponsored_post_url":"","sponsored_post_logo_enable":"0","sponsored_post_logo":"","sponsored_post_desc":""},"jnews_primary_category":{"id":""},"jnews_social_meta":{"fb_title":"","fb_description":"","fb_image":"","twitter_title":"","twitter_description":"","twitter_image":""},"jnews_review":[],"enable_review":"0","type":"percentage","name":"","summary":"","brand":"","sku":"","good":[{"good_text":""}],"bad":[{"bad_text":""}],"score_override":"","override_value":"","rating":[{"rating_text":"","rating_number":"10"}],"price":[{"shop":"","price":"","link":"","icon":""}],"jnews_override_counter":{"override_view_counter":"0","view_counter_number":"0","override_share_counter":"0","share_counter_number":"0","override_like_counter":"0","like_counter_number":"0","override_dislike_counter":"0","dislike_counter_number":"0"},"jnews_post_split":{"enable_post_split":"0","post_split":[{"template":"1","tag":"h2","numbering":"asc","mode":"normal"}]},"footnotes":""},"categories":[122],"tags":[642,643],"class_list":["post-22612","post","type-post","status-publish","format-standard","has-post-thumbnail","hentry","category-ddhh","tag-desalojo","tag-guernica"],"jetpack_featured_media_url":"https:\/\/atecordoba.org\/wp-content\/uploads\/2020\/10\/represion-guernica.jpg","_links":{"self":[{"href":"https:\/\/atecordoba.org\/index.php?rest_route=\/wp\/v2\/posts\/22612","targetHints":{"allow":["GET"]}}],"collection":[{"href":"https:\/\/atecordoba.org\/index.php?rest_route=\/wp\/v2\/posts"}],"about":[{"href":"https:\/\/atecordoba.org\/index.php?rest_route=\/wp\/v2\/types\/post"}],"author":[{"embeddable":true,"href":"https:\/\/atecordoba.org\/index.php?rest_route=\/wp\/v2\/users\/7"}],"replies":[{"embeddable":true,"href":"https:\/\/atecordoba.org\/index.php?rest_route=%2Fwp%2Fv2%2Fcomments&post=22612"}],"version-history":[{"count":1,"href":"https:\/\/atecordoba.org\/index.php?rest_route=\/wp\/v2\/posts\/22612\/revisions"}],"predecessor-version":[{"id":22614,"href":"https:\/\/atecordoba.org\/index.php?rest_route=\/wp\/v2\/posts\/22612\/revisions\/22614"}],"wp:featuredmedia":[{"embeddable":true,"href":"https:\/\/atecordoba.org\/index.php?rest_route=\/wp\/v2\/media\/22613"}],"wp:attachment":[{"href":"https:\/\/atecordoba.org\/index.php?rest_route=%2Fwp%2Fv2%2Fmedia&parent=22612"}],"wp:term":[{"taxonomy":"category","embeddable":true,"href":"https:\/\/atecordoba.org\/index.php?rest_route=%2Fwp%2Fv2%2Fcategories&post=22612"},{"taxonomy":"post_tag","embeddable":true,"href":"https:\/\/atecordoba.org\/index.php?rest_route=%2Fwp%2Fv2%2Ftags&post=22612"}],"curies":[{"name":"wp","href":"https:\/\/api.w.org\/{rel}","templated":true}]}}