{"id":22607,"date":"2020-10-29T10:27:50","date_gmt":"2020-10-29T13:27:50","guid":{"rendered":"https:\/\/atecordoba.org\/?p=22607"},"modified":"2020-10-29T10:27:50","modified_gmt":"2020-10-29T13:27:50","slug":"asamblea-en-la-fabrica-militar-de-rio-3o-resuelve-el-quite-de-colaboracion","status":"publish","type":"post","link":"https:\/\/atecordoba.org\/?p=22607","title":{"rendered":"Asamblea en la F\u00e1brica Militar de R\u00edo 3\u00ba resuelve el quite de colaboraci\u00f3n"},"content":{"rendered":"<p><img loading=\"lazy\" decoding=\"async\" class=\" wp-image-22609 aligncenter\" src=\"https:\/\/atecordoba.org\/wp-content\/uploads\/2020\/10\/FB_IMG_1603964474908-300x225.jpg\" alt=\"\" width=\"600\" height=\"450\" srcset=\"https:\/\/atecordoba.org\/wp-content\/uploads\/2020\/10\/FB_IMG_1603964474908-300x225.jpg 300w, https:\/\/atecordoba.org\/wp-content\/uploads\/2020\/10\/FB_IMG_1603964474908.jpg 552w\" sizes=\"auto, (max-width: 600px) 100vw, 600px\" \/>En una asamblea informativa y resolutiva realizada por ATE en la F\u00e1brica Militar de Rio Tercero, convocada luego de diversas reuniones y plenarias de los sectores de\u00a0PM y PQ, delegados y delegadas de cada sector resolvieron disponer del \u2018quite de colaboraci\u00f3n\u2019 a partir de ma\u00f1ana, 30 de octubre.<\/p>\n<p>La medida obedece a la falta de respuestas concretas por parte de la Direcci\u00f3n local y del Directorio General de la Sociedad del Estado que conduce el organismo. En consecuencia se decidi\u00f3 llevar los reclamos de lo administrativo a lo gremial ya que la mesa de trabajo con el Directorio est\u00e1 paralizada sin causa alguna \u00a0y hay necesidades urgentes que nuestros sectores de trabajo requieren atender de manera imperiosa, por seguridad y por reivindicaciones del sector.<img loading=\"lazy\" decoding=\"async\" class=\" wp-image-22608 alignright\" src=\"https:\/\/atecordoba.org\/wp-content\/uploads\/2020\/10\/FB_IMG_1603964459604-300x225.jpg\" alt=\"\" width=\"464\" height=\"348\" srcset=\"https:\/\/atecordoba.org\/wp-content\/uploads\/2020\/10\/FB_IMG_1603964459604-300x225.jpg 300w, https:\/\/atecordoba.org\/wp-content\/uploads\/2020\/10\/FB_IMG_1603964459604.jpg 552w\" sizes=\"auto, (max-width: 464px) 100vw, 464px\" \/><\/p>\n<p>Los reclamos son:<\/p>\n<ol>\n<li>Recategorizaciones de todos los compa\u00f1eros y compa\u00f1eras.<\/li>\n<li>Perfilamiento de puestos de trabajo.<\/li>\n<li>Reincorporaci\u00f3n de las y los trabajadores despedidos en la gesti\u00f3n macrista.<\/li>\n<li>Diagrama de 7&#215;3 con funci\u00f3n de &#8220;disponible&#8221; para los sectores que realizan turnos rotativos.<\/li>\n<li>El pago de la renta riesgo para todos los trabajadores y trabajadoras que en el proceso de pandemia han continuado prestando servicios de manera continua y sostenida.<\/li>\n<\/ol>\n<p>Al inicio de la asamblea el secretario Gremial de la seccional R\u00edo Tercero, David Salto, inform\u00f3 la situaci\u00f3n general, y luego dio la palabra a las y los compa\u00f1eros presentes y por \u00faltimo finaliz\u00f3 el debate el secretario General, Dami\u00e1n Albornoz. &#8220;No hay reactivaci\u00f3n sin trabajadores, tampoco empresas sin los mismos&#8221;, dijo Albornoz.<\/p>\n<p>De esta forma, se comenzar\u00e1 a aplicar el quite de colaboraci\u00f3n a partir de ma\u00f1ana 30 de Octubre, a menos que hoy haya respuestas positivas en la reuni\u00f3n programada con el Directorio.<\/p>\n<p>&nbsp;<\/p>\n","protected":false},"excerpt":{"rendered":"<p>En una asamblea informativa y resolutiva realizada por ATE en la F\u00e1brica Militar de Rio Tercero, convocada luego de diversas reuniones y plenarias de los sectores de\u00a0PM y PQ, delegados y delegadas de cada sector resolvieron disponer del \u2018quite de colaboraci\u00f3n\u2019 a partir de ma\u00f1ana, 30 de octubre. La medida obedece a la falta de [&hellip;]<\/p>\n","protected":false},"author":7,"featured_media":22609,"comment_status":"open","ping_status":"open","sticky":true,"template":"","format":"standard","meta":{"_exactmetrics_skip_tracking":false,"_exactmetrics_sitenote_active":false,"_exactmetrics_sitenote_note":"","_exactmetrics_sitenote_category":0,"jnews-multi-image_gallery":[],"jnews_single_post":{"source_name":"","source_url":"","via_name":"","via_url":"","override_template":"0","override":[{"template":"1","single_blog_custom":"","parallax":"1","fullscreen":"0","layout":"right-sidebar","sidebar":"default-sidebar","second_sidebar":"default-sidebar","sticky_sidebar":"1","share_position":"top","share_float_style":"share-monocrhome","show_share_counter":"1","show_view_counter":"1","show_featured":"1","show_post_meta":"1","show_post_author":"1","show_post_author_image":"1","show_post_date":"1","post_date_format":"default","post_date_format_custom":"Y\/m\/d","show_post_category":"1","show_post_reading_time":"0","post_reading_time_wpm":"300","show_zoom_button":"0","zoom_button_out_step":"2","zoom_button_in_step":"3","show_post_tag":"1","show_prev_next_post":"1","show_popup_post":"1","number_popup_post":"1","show_author_box":"0","show_post_related":"0","show_inline_post_related":"0"}],"override_image_size":"0","image_override":[{"single_post_thumbnail_size":"crop-500","single_post_gallery_size":"crop-500"}],"trending_post":"0","trending_post_position":"meta","trending_post_label":"Trending","sponsored_post":"0","sponsored_post_label":"Sponsored by","sponsored_post_name":"","sponsored_post_url":"","sponsored_post_logo_enable":"0","sponsored_post_logo":"","sponsored_post_desc":""},"jnews_primary_category":{"id":""},"jnews_social_meta":{"fb_title":"","fb_description":"","fb_image":"","twitter_title":"","twitter_description":"","twitter_image":""},"jnews_review":[],"enable_review":"0","type":"percentage","name":"","summary":"","brand":"","sku":"","good":[{"good_text":""}],"bad":[{"bad_text":""}],"score_override":"","override_value":"","rating":[{"rating_text":"","rating_number":"10"}],"price":[{"shop":"","price":"","link":"","icon":""}],"jnews_override_counter":{"override_view_counter":"0","view_counter_number":"0","override_share_counter":"0","share_counter_number":"0","override_like_counter":"0","like_counter_number":"0","override_dislike_counter":"0","dislike_counter_number":"0"},"jnews_post_split":{"enable_post_split":"0","post_split":[{"template":"1","tag":"h2","numbering":"asc","mode":"normal"}]},"footnotes":""},"categories":[18,13],"tags":[434,641],"class_list":["post-22607","post","type-post","status-publish","format-standard","has-post-thumbnail","hentry","category-nacionales","category-rio-tercero","tag-fabricaciones-militares","tag-quite-de-colaboracion"],"jetpack_featured_media_url":"https:\/\/atecordoba.org\/wp-content\/uploads\/2020\/10\/FB_IMG_1603964474908.jpg","_links":{"self":[{"href":"https:\/\/atecordoba.org\/index.php?rest_route=\/wp\/v2\/posts\/22607","targetHints":{"allow":["GET"]}}],"collection":[{"href":"https:\/\/atecordoba.org\/index.php?rest_route=\/wp\/v2\/posts"}],"about":[{"href":"https:\/\/atecordoba.org\/index.php?rest_route=\/wp\/v2\/types\/post"}],"author":[{"embeddable":true,"href":"https:\/\/atecordoba.org\/index.php?rest_route=\/wp\/v2\/users\/7"}],"replies":[{"embeddable":true,"href":"https:\/\/atecordoba.org\/index.php?rest_route=%2Fwp%2Fv2%2Fcomments&post=22607"}],"version-history":[{"count":1,"href":"https:\/\/atecordoba.org\/index.php?rest_route=\/wp\/v2\/posts\/22607\/revisions"}],"predecessor-version":[{"id":22610,"href":"https:\/\/atecordoba.org\/index.php?rest_route=\/wp\/v2\/posts\/22607\/revisions\/22610"}],"wp:featuredmedia":[{"embeddable":true,"href":"https:\/\/atecordoba.org\/index.php?rest_route=\/wp\/v2\/media\/22609"}],"wp:attachment":[{"href":"https:\/\/atecordoba.org\/index.php?rest_route=%2Fwp%2Fv2%2Fmedia&parent=22607"}],"wp:term":[{"taxonomy":"category","embeddable":true,"href":"https:\/\/atecordoba.org\/index.php?rest_route=%2Fwp%2Fv2%2Fcategories&post=22607"},{"taxonomy":"post_tag","embeddable":true,"href":"https:\/\/atecordoba.org\/index.php?rest_route=%2Fwp%2Fv2%2Ftags&post=22607"}],"curies":[{"name":"wp","href":"https:\/\/api.w.org\/{rel}","templated":true}]}}