{"id":22604,"date":"2020-10-29T09:38:27","date_gmt":"2020-10-29T12:38:27","guid":{"rendered":"https:\/\/atecordoba.org\/?p=22604"},"modified":"2020-10-29T09:38:27","modified_gmt":"2020-10-29T12:38:27","slug":"la-multisectorial-de-la-salud-rechazo-el-vergonzoso-acuerdo-salarial-del-gobierno-y-el-sep","status":"publish","type":"post","link":"https:\/\/atecordoba.org\/?p=22604","title":{"rendered":"La Multisectorial de la Salud rechaz\u00f3 el vergonzoso acuerdo salarial del gobierno y el SEP"},"content":{"rendered":"<p><img loading=\"lazy\" decoding=\"async\" class=\" wp-image-21906 aligncenter\" src=\"https:\/\/atecordoba.org\/wp-content\/uploads\/2020\/09\/WhatsApp-Image-2020-09-21-at-11.31.52-300x138.jpeg\" alt=\"\" width=\"605\" height=\"278\" srcset=\"https:\/\/atecordoba.org\/wp-content\/uploads\/2020\/09\/WhatsApp-Image-2020-09-21-at-11.31.52-300x138.jpeg 300w, https:\/\/atecordoba.org\/wp-content\/uploads\/2020\/09\/WhatsApp-Image-2020-09-21-at-11.31.52-1024x473.jpeg 1024w, https:\/\/atecordoba.org\/wp-content\/uploads\/2020\/09\/WhatsApp-Image-2020-09-21-at-11.31.52-768x354.jpeg 768w, https:\/\/atecordoba.org\/wp-content\/uploads\/2020\/09\/WhatsApp-Image-2020-09-21-at-11.31.52-750x346.jpeg 750w, https:\/\/atecordoba.org\/wp-content\/uploads\/2020\/09\/WhatsApp-Image-2020-09-21-at-11.31.52.jpeg 1040w\" sizes=\"auto, (max-width: 605px) 100vw, 605px\" \/>&#8220;Al conocerse la noticia del acuerdo entre el gobierno y el SEP para cerrar un aumento salarial del 9% hasta enero, desde UTS, ATE, M\u00e9dicos Autoconvocados C\u00f3rdoba, el Foro de Especialidades Medicas junto con las numerosas agrupaciones y colegios que conformamos la Multisectorial de Salud expresamos nuestro en\u00e9rgico rechazo a este arreglo. Con la alta inflaci\u00f3n y el endurecimiento de la crisis econ\u00f3mica, agravada por la pandemia y la cuarentena es cuando m\u00e1s necesitamos una recomposici\u00f3n de salarios. Este vergonzoso acuerdo se hace a espaldas de las y los trabajadores. El colmo es que se marque como una condici\u00f3n especial \u201cfavorable\u201d para el personal de salud que el aumento se pague en una sola vez, en vez de en cuotas como a quienes se desempe\u00f1an en la administraci\u00f3n central&#8221;.<\/p>\n<p>&#8220;Este acuerdo es una muestra m\u00e1s de que la conducci\u00f3n del SEP no representa el inter\u00e9s de las y los trabajadores de la salud, ya que ignora o hace o\u00eddos sordos a las genuinas necesidades del personal que venimos solicitando aumento salarial y un b\u00e1sico inicial de $50.000. Y a la vez reafirma la necesidad de una paritaria espec\u00edfica del sector de salud que contemple las problem\u00e1ticas espec\u00edficas&#8221;.<\/p>\n<p>&#8220;Asimismo frente a esta situaci\u00f3n ratificamos la convocatoria a un paro del sector salud para el 10 de noviembre y en la previa una jornada de protesta el pr\u00f3ximo 4.\u00a0 Convocamos para hoy a las 12 horas a una conferencia de prensa en la sede de ATE, Entre R\u00edos 450&#8221;.<\/p>\n<p>&nbsp;<\/p>\n","protected":false},"excerpt":{"rendered":"<p>&#8220;Al conocerse la noticia del acuerdo entre el gobierno y el SEP para cerrar un aumento salarial del 9% hasta enero, desde UTS, ATE, M\u00e9dicos Autoconvocados C\u00f3rdoba, el Foro de Especialidades Medicas junto con las numerosas agrupaciones y colegios que conformamos la Multisectorial de Salud expresamos nuestro en\u00e9rgico rechazo a este arreglo. Con la alta [&hellip;]<\/p>\n","protected":false},"author":7,"featured_media":21906,"comment_status":"open","ping_status":"open","sticky":false,"template":"","format":"standard","meta":{"_exactmetrics_skip_tracking":false,"_exactmetrics_sitenote_active":false,"_exactmetrics_sitenote_note":"","_exactmetrics_sitenote_category":0,"jnews-multi-image_gallery":[],"jnews_single_post":{"source_name":"","source_url":"","via_name":"","via_url":"","override_template":"0","override":[{"template":"1","single_blog_custom":"","parallax":"1","fullscreen":"0","layout":"right-sidebar","sidebar":"default-sidebar","second_sidebar":"default-sidebar","sticky_sidebar":"1","share_position":"top","share_float_style":"share-monocrhome","show_share_counter":"1","show_view_counter":"1","show_featured":"1","show_post_meta":"1","show_post_author":"1","show_post_author_image":"1","show_post_date":"1","post_date_format":"default","post_date_format_custom":"Y\/m\/d","show_post_category":"1","show_post_reading_time":"0","post_reading_time_wpm":"300","show_zoom_button":"0","zoom_button_out_step":"2","zoom_button_in_step":"3","show_post_tag":"1","show_prev_next_post":"1","show_popup_post":"1","number_popup_post":"1","show_author_box":"0","show_post_related":"0","show_inline_post_related":"0"}],"override_image_size":"0","image_override":[{"single_post_thumbnail_size":"crop-500","single_post_gallery_size":"crop-500"}],"trending_post":"0","trending_post_position":"meta","trending_post_label":"Trending","sponsored_post":"0","sponsored_post_label":"Sponsored by","sponsored_post_name":"","sponsored_post_url":"","sponsored_post_logo_enable":"0","sponsored_post_logo":"","sponsored_post_desc":""},"jnews_primary_category":{"id":""},"jnews_social_meta":{"fb_title":"","fb_description":"","fb_image":"","twitter_title":"","twitter_description":"","twitter_image":""},"jnews_review":[],"enable_review":"0","type":"percentage","name":"","summary":"","brand":"","sku":"","good":[{"good_text":""}],"bad":[{"bad_text":""}],"score_override":"","override_value":"","rating":[{"rating_text":"","rating_number":"10"}],"price":[{"shop":"","price":"","link":"","icon":""}],"jnews_override_counter":{"override_view_counter":"0","view_counter_number":"0","override_share_counter":"0","share_counter_number":"0","override_like_counter":"0","like_counter_number":"0","override_dislike_counter":"0","dislike_counter_number":"0"},"jnews_post_split":{"enable_post_split":"0","post_split":[{"template":"1","tag":"h2","numbering":"asc","mode":"normal"}]},"footnotes":""},"categories":[104,8],"tags":[640],"class_list":["post-22604","post","type-post","status-publish","format-standard","has-post-thumbnail","hentry","category-departamento-de-salud","category-provinciales","tag-rechazo-a-la-pauta-salarial"],"jetpack_featured_media_url":"https:\/\/atecordoba.org\/wp-content\/uploads\/2020\/09\/WhatsApp-Image-2020-09-21-at-11.31.52.jpeg","_links":{"self":[{"href":"https:\/\/atecordoba.org\/index.php?rest_route=\/wp\/v2\/posts\/22604","targetHints":{"allow":["GET"]}}],"collection":[{"href":"https:\/\/atecordoba.org\/index.php?rest_route=\/wp\/v2\/posts"}],"about":[{"href":"https:\/\/atecordoba.org\/index.php?rest_route=\/wp\/v2\/types\/post"}],"author":[{"embeddable":true,"href":"https:\/\/atecordoba.org\/index.php?rest_route=\/wp\/v2\/users\/7"}],"replies":[{"embeddable":true,"href":"https:\/\/atecordoba.org\/index.php?rest_route=%2Fwp%2Fv2%2Fcomments&post=22604"}],"version-history":[{"count":1,"href":"https:\/\/atecordoba.org\/index.php?rest_route=\/wp\/v2\/posts\/22604\/revisions"}],"predecessor-version":[{"id":22605,"href":"https:\/\/atecordoba.org\/index.php?rest_route=\/wp\/v2\/posts\/22604\/revisions\/22605"}],"wp:featuredmedia":[{"embeddable":true,"href":"https:\/\/atecordoba.org\/index.php?rest_route=\/wp\/v2\/media\/21906"}],"wp:attachment":[{"href":"https:\/\/atecordoba.org\/index.php?rest_route=%2Fwp%2Fv2%2Fmedia&parent=22604"}],"wp:term":[{"taxonomy":"category","embeddable":true,"href":"https:\/\/atecordoba.org\/index.php?rest_route=%2Fwp%2Fv2%2Fcategories&post=22604"},{"taxonomy":"post_tag","embeddable":true,"href":"https:\/\/atecordoba.org\/index.php?rest_route=%2Fwp%2Fv2%2Ftags&post=22604"}],"curies":[{"name":"wp","href":"https:\/\/api.w.org\/{rel}","templated":true}]}}