{"id":22580,"date":"2020-10-28T13:40:52","date_gmt":"2020-10-28T16:40:52","guid":{"rendered":"https:\/\/atecordoba.org\/?p=22580"},"modified":"2020-10-28T13:40:52","modified_gmt":"2020-10-28T16:40:52","slug":"capacitacion-sumate-a-la-educacion-a-distancia","status":"publish","type":"post","link":"https:\/\/atecordoba.org\/?p=22580","title":{"rendered":"Capacitaci\u00f3n: sumate a la educaci\u00f3n a distancia"},"content":{"rendered":"<p>En el marco del convenio suscripto entre el Consejo Directivo Provincial el Grupo de Entidades de Trabajo Asociado (GESTA), ATE anuncia la disposici\u00f3n de los distintos formatos educativos para afiliados y afiliadas.<\/p>\n<p>Vale recordar que el marco general del acuerdo permitir\u00e1 desarrollar, entre otros, un bachillerato para afiliadas\/os que no hayan tenido la posibilidad de terminar el colegio y, adem\u00e1s de ello, una completa oferta educativa, cultural y art\u00edstica. Sobre las propuestas de carreras (Tecnicatura En Hoteler\u00eda Y Turismo, Tecnicatura En Log\u00edstica, entre otras), bachilleratos y cursos (piano, pintura, auxiliar de farmacia, etc) del grupo GESTA, las afiliadas y afiliados a ATE obtendr\u00e1n hasta un 10% de descuento. Adem\u00e1s, ATE podr\u00e1 promover el dictado de nuevos cursos e incorporarlos a la grilla de GESTA participando de su ejecuci\u00f3n y administraci\u00f3n.<\/p>\n<p>invitamos a las y los interesados a requerir informaci\u00f3n y anotarse para comenzar los cursos con importantes descuentos.<\/p>\n<p><img loading=\"lazy\" decoding=\"async\" class=\" wp-image-22584 aligncenter\" src=\"https:\/\/atecordoba.org\/wp-content\/uploads\/2020\/10\/WhatsApp-Image-2020-10-28-at-13.01.09-300x300.jpeg\" alt=\"\" width=\"491\" height=\"491\" srcset=\"https:\/\/atecordoba.org\/wp-content\/uploads\/2020\/10\/WhatsApp-Image-2020-10-28-at-13.01.09-300x300.jpeg 300w, https:\/\/atecordoba.org\/wp-content\/uploads\/2020\/10\/WhatsApp-Image-2020-10-28-at-13.01.09-1024x1024.jpeg 1024w, https:\/\/atecordoba.org\/wp-content\/uploads\/2020\/10\/WhatsApp-Image-2020-10-28-at-13.01.09-150x150.jpeg 150w, https:\/\/atecordoba.org\/wp-content\/uploads\/2020\/10\/WhatsApp-Image-2020-10-28-at-13.01.09-768x768.jpeg 768w, https:\/\/atecordoba.org\/wp-content\/uploads\/2020\/10\/WhatsApp-Image-2020-10-28-at-13.01.09-560x560.jpeg 560w, https:\/\/atecordoba.org\/wp-content\/uploads\/2020\/10\/WhatsApp-Image-2020-10-28-at-13.01.09-75x75.jpeg 75w, https:\/\/atecordoba.org\/wp-content\/uploads\/2020\/10\/WhatsApp-Image-2020-10-28-at-13.01.09-750x750.jpeg 750w, https:\/\/atecordoba.org\/wp-content\/uploads\/2020\/10\/WhatsApp-Image-2020-10-28-at-13.01.09.jpeg 1080w\" sizes=\"auto, (max-width: 491px) 100vw, 491px\" \/><\/p>\n<p><img loading=\"lazy\" decoding=\"async\" class=\" wp-image-22581 aligncenter\" src=\"https:\/\/atecordoba.org\/wp-content\/uploads\/2020\/10\/WhatsApp-Image-2020-10-28-at-13.01.08-1-300x300.jpeg\" alt=\"\" width=\"494\" height=\"494\" srcset=\"https:\/\/atecordoba.org\/wp-content\/uploads\/2020\/10\/WhatsApp-Image-2020-10-28-at-13.01.08-1-300x300.jpeg 300w, https:\/\/atecordoba.org\/wp-content\/uploads\/2020\/10\/WhatsApp-Image-2020-10-28-at-13.01.08-1-1024x1024.jpeg 1024w, https:\/\/atecordoba.org\/wp-content\/uploads\/2020\/10\/WhatsApp-Image-2020-10-28-at-13.01.08-1-150x150.jpeg 150w, https:\/\/atecordoba.org\/wp-content\/uploads\/2020\/10\/WhatsApp-Image-2020-10-28-at-13.01.08-1-768x767.jpeg 768w, https:\/\/atecordoba.org\/wp-content\/uploads\/2020\/10\/WhatsApp-Image-2020-10-28-at-13.01.08-1-560x560.jpeg 560w, https:\/\/atecordoba.org\/wp-content\/uploads\/2020\/10\/WhatsApp-Image-2020-10-28-at-13.01.08-1-75x75.jpeg 75w, https:\/\/atecordoba.org\/wp-content\/uploads\/2020\/10\/WhatsApp-Image-2020-10-28-at-13.01.08-1-750x749.jpeg 750w, https:\/\/atecordoba.org\/wp-content\/uploads\/2020\/10\/WhatsApp-Image-2020-10-28-at-13.01.08-1.jpeg 1081w\" sizes=\"auto, (max-width: 494px) 100vw, 494px\" \/> <img loading=\"lazy\" decoding=\"async\" class=\" wp-image-22582 aligncenter\" src=\"https:\/\/atecordoba.org\/wp-content\/uploads\/2020\/10\/WhatsApp-Image-2020-10-28-at-13.01.08-300x300.jpeg\" alt=\"\" width=\"498\" height=\"498\" srcset=\"https:\/\/atecordoba.org\/wp-content\/uploads\/2020\/10\/WhatsApp-Image-2020-10-28-at-13.01.08-300x300.jpeg 300w, https:\/\/atecordoba.org\/wp-content\/uploads\/2020\/10\/WhatsApp-Image-2020-10-28-at-13.01.08-1024x1024.jpeg 1024w, https:\/\/atecordoba.org\/wp-content\/uploads\/2020\/10\/WhatsApp-Image-2020-10-28-at-13.01.08-150x150.jpeg 150w, https:\/\/atecordoba.org\/wp-content\/uploads\/2020\/10\/WhatsApp-Image-2020-10-28-at-13.01.08-768x767.jpeg 768w, https:\/\/atecordoba.org\/wp-content\/uploads\/2020\/10\/WhatsApp-Image-2020-10-28-at-13.01.08-560x560.jpeg 560w, https:\/\/atecordoba.org\/wp-content\/uploads\/2020\/10\/WhatsApp-Image-2020-10-28-at-13.01.08-75x75.jpeg 75w, https:\/\/atecordoba.org\/wp-content\/uploads\/2020\/10\/WhatsApp-Image-2020-10-28-at-13.01.08-750x749.jpeg 750w, https:\/\/atecordoba.org\/wp-content\/uploads\/2020\/10\/WhatsApp-Image-2020-10-28-at-13.01.08.jpeg 1081w\" sizes=\"auto, (max-width: 498px) 100vw, 498px\" \/> <img loading=\"lazy\" decoding=\"async\" class=\" wp-image-22583 aligncenter\" src=\"https:\/\/atecordoba.org\/wp-content\/uploads\/2020\/10\/WhatsApp-Image-2020-10-28-at-13.01.09-1-300x300.jpeg\" alt=\"\" width=\"495\" height=\"495\" srcset=\"https:\/\/atecordoba.org\/wp-content\/uploads\/2020\/10\/WhatsApp-Image-2020-10-28-at-13.01.09-1-300x300.jpeg 300w, https:\/\/atecordoba.org\/wp-content\/uploads\/2020\/10\/WhatsApp-Image-2020-10-28-at-13.01.09-1-1024x1024.jpeg 1024w, https:\/\/atecordoba.org\/wp-content\/uploads\/2020\/10\/WhatsApp-Image-2020-10-28-at-13.01.09-1-150x150.jpeg 150w, https:\/\/atecordoba.org\/wp-content\/uploads\/2020\/10\/WhatsApp-Image-2020-10-28-at-13.01.09-1-768x767.jpeg 768w, https:\/\/atecordoba.org\/wp-content\/uploads\/2020\/10\/WhatsApp-Image-2020-10-28-at-13.01.09-1-560x560.jpeg 560w, https:\/\/atecordoba.org\/wp-content\/uploads\/2020\/10\/WhatsApp-Image-2020-10-28-at-13.01.09-1-75x75.jpeg 75w, https:\/\/atecordoba.org\/wp-content\/uploads\/2020\/10\/WhatsApp-Image-2020-10-28-at-13.01.09-1-750x749.jpeg 750w, https:\/\/atecordoba.org\/wp-content\/uploads\/2020\/10\/WhatsApp-Image-2020-10-28-at-13.01.09-1.jpeg 1081w\" sizes=\"auto, (max-width: 495px) 100vw, 495px\" \/><\/p>\n","protected":false},"excerpt":{"rendered":"<p>En el marco del convenio suscripto entre el Consejo Directivo Provincial el Grupo de Entidades de Trabajo Asociado (GESTA), ATE anuncia la disposici\u00f3n de los distintos formatos educativos para afiliados y afiliadas. Vale recordar que el marco general del acuerdo permitir\u00e1 desarrollar, entre otros, un bachillerato para afiliadas\/os que no hayan tenido la posibilidad de [&hellip;]<\/p>\n","protected":false},"author":7,"featured_media":22585,"comment_status":"open","ping_status":"open","sticky":true,"template":"","format":"standard","meta":{"_exactmetrics_skip_tracking":false,"_exactmetrics_sitenote_active":false,"_exactmetrics_sitenote_note":"","_exactmetrics_sitenote_category":0,"jnews-multi-image_gallery":[],"jnews_single_post":{"source_name":"","source_url":"","via_name":"","via_url":"","override_template":"0","override":[{"template":"1","single_blog_custom":"","parallax":"1","fullscreen":"0","layout":"right-sidebar","sidebar":"default-sidebar","second_sidebar":"default-sidebar","sticky_sidebar":"1","share_position":"top","share_float_style":"share-monocrhome","show_share_counter":"1","show_view_counter":"1","show_featured":"1","show_post_meta":"1","show_post_author":"1","show_post_author_image":"1","show_post_date":"1","post_date_format":"default","post_date_format_custom":"Y\/m\/d","show_post_category":"1","show_post_reading_time":"0","post_reading_time_wpm":"300","show_zoom_button":"0","zoom_button_out_step":"2","zoom_button_in_step":"3","show_post_tag":"1","show_prev_next_post":"1","show_popup_post":"1","number_popup_post":"1","show_author_box":"0","show_post_related":"0","show_inline_post_related":"0"}],"override_image_size":"0","image_override":[{"single_post_thumbnail_size":"crop-500","single_post_gallery_size":"crop-500"}],"trending_post":"0","trending_post_position":"meta","trending_post_label":"Trending","sponsored_post":"0","sponsored_post_label":"Sponsored by","sponsored_post_name":"","sponsored_post_url":"","sponsored_post_logo_enable":"0","sponsored_post_logo":"","sponsored_post_desc":""},"jnews_primary_category":{"id":""},"jnews_social_meta":{"fb_title":"","fb_description":"","fb_image":"","twitter_title":"","twitter_description":"","twitter_image":""},"jnews_review":[],"enable_review":"0","type":"percentage","name":"","summary":"","brand":"","sku":"","good":[{"good_text":""}],"bad":[{"bad_text":""}],"score_override":"","override_value":"","rating":[{"rating_text":"","rating_number":"10"}],"price":[{"shop":"","price":"","link":"","icon":""}],"jnews_override_counter":{"override_view_counter":"0","view_counter_number":"0","override_share_counter":"0","share_counter_number":"0","override_like_counter":"0","like_counter_number":"0","override_dislike_counter":"0","dislike_counter_number":"0"},"jnews_post_split":{"enable_post_split":"0","post_split":[{"template":"1","tag":"h2","numbering":"asc","mode":"normal"}]},"footnotes":""},"categories":[341,88],"tags":[638,637],"class_list":["post-22580","post","type-post","status-publish","format-standard","has-post-thumbnail","hentry","category-cdp","category-formacion","tag-bachillerato-acelerado","tag-gesta"],"jetpack_featured_media_url":"https:\/\/atecordoba.org\/wp-content\/uploads\/2020\/10\/WhatsApp-Image-2020-10-28-at-13.01.08-2.jpeg","_links":{"self":[{"href":"https:\/\/atecordoba.org\/index.php?rest_route=\/wp\/v2\/posts\/22580","targetHints":{"allow":["GET"]}}],"collection":[{"href":"https:\/\/atecordoba.org\/index.php?rest_route=\/wp\/v2\/posts"}],"about":[{"href":"https:\/\/atecordoba.org\/index.php?rest_route=\/wp\/v2\/types\/post"}],"author":[{"embeddable":true,"href":"https:\/\/atecordoba.org\/index.php?rest_route=\/wp\/v2\/users\/7"}],"replies":[{"embeddable":true,"href":"https:\/\/atecordoba.org\/index.php?rest_route=%2Fwp%2Fv2%2Fcomments&post=22580"}],"version-history":[{"count":1,"href":"https:\/\/atecordoba.org\/index.php?rest_route=\/wp\/v2\/posts\/22580\/revisions"}],"predecessor-version":[{"id":22586,"href":"https:\/\/atecordoba.org\/index.php?rest_route=\/wp\/v2\/posts\/22580\/revisions\/22586"}],"wp:featuredmedia":[{"embeddable":true,"href":"https:\/\/atecordoba.org\/index.php?rest_route=\/wp\/v2\/media\/22585"}],"wp:attachment":[{"href":"https:\/\/atecordoba.org\/index.php?rest_route=%2Fwp%2Fv2%2Fmedia&parent=22580"}],"wp:term":[{"taxonomy":"category","embeddable":true,"href":"https:\/\/atecordoba.org\/index.php?rest_route=%2Fwp%2Fv2%2Fcategories&post=22580"},{"taxonomy":"post_tag","embeddable":true,"href":"https:\/\/atecordoba.org\/index.php?rest_route=%2Fwp%2Fv2%2Ftags&post=22580"}],"curies":[{"name":"wp","href":"https:\/\/api.w.org\/{rel}","templated":true}]}}