{"id":22566,"date":"2020-10-28T11:05:14","date_gmt":"2020-10-28T14:05:14","guid":{"rendered":"https:\/\/atecordoba.org\/?p=22566"},"modified":"2020-10-28T11:05:14","modified_gmt":"2020-10-28T14:05:14","slug":"el-planteo-legislativo-de-ate-unifico-a-todos-los-bloques-opositores-detras-del-reclamo-por-mas-personal-en-el-sistema-de-salud","status":"publish","type":"post","link":"https:\/\/atecordoba.org\/?p=22566","title":{"rendered":"El planteo legislativo de ATE unific\u00f3 a todos los bloques opositores detr\u00e1s del reclamo por m\u00e1s personal en el sistema de salud"},"content":{"rendered":"<figure id=\"attachment_22578\" aria-describedby=\"caption-attachment-22578\" style=\"width: 592px\" class=\"wp-caption aligncenter\"><img loading=\"lazy\" decoding=\"async\" class=\"wp-image-22578\" src=\"https:\/\/atecordoba.org\/wp-content\/uploads\/2020\/10\/recinto-legislatura-300x200.jpg\" alt=\"\" width=\"592\" height=\"394\" srcset=\"https:\/\/atecordoba.org\/wp-content\/uploads\/2020\/10\/recinto-legislatura-300x200.jpg 300w, https:\/\/atecordoba.org\/wp-content\/uploads\/2020\/10\/recinto-legislatura-768x512.jpg 768w, https:\/\/atecordoba.org\/wp-content\/uploads\/2020\/10\/recinto-legislatura-750x500.jpg 750w, https:\/\/atecordoba.org\/wp-content\/uploads\/2020\/10\/recinto-legislatura.jpg 993w\" sizes=\"auto, (max-width: 592px) 100vw, 592px\" \/><figcaption id=\"caption-attachment-22578\" class=\"wp-caption-text\">Recinto de la Legislatura.<\/figcaption><\/figure>\n<p>48 horas despu\u00e9s que ATE presentara <a href=\"https:\/\/atecordoba.org\/?p=22524\">una iniciativa en la Legislatura <\/a>para interpelar al gobierno provincial ante el colapso del sistema de salud p\u00fablico, los seis bloques opositores acompa\u00f1aron la propuesta y firmaron el pedido de informes.<\/p>\n<p>As\u00ed, los bloques del FIT y el MST Nueva Izquierda se sumaron a la UCR, Juntos por el Cambio, Encuentro Vecinal y ARI para que<a href=\"https:\/\/atecordoba.org\/?p=22551\"> las autoridades sanitarias provinciales informen<\/a> fehacientemente la cantidad de personal de los equipos de salud en disposici\u00f3n para atender la pandemia desde marzo a esta parte.<\/p>\n<p>ATE llev\u00f3 el reclamo a la Legislatura despu\u00e9s de una larga lista de acciones gremial realizadas los \u00faltimos meses planteando la falta de personal, el desgaste de las y los trabajadores ante la demanda de atenci\u00f3n, los bajos salarios que deber\u00edan generar verg\u00fcenza en el despacho del gobernador Schiaretti y las condiciones de precarizaci\u00f3n laboral que sufre buena parte de los equipos de salud.<\/p>\n<p>En tal sentido, el secretario General, Federico Giuliani, evalu\u00f3 la iniciativa de ATE \u00a0como muy acertada, a la luz de la repuesta obtenida hasta el momento en la Legislatura. \u201cTiene que ver con haber recorrido las bases y escuchado a los delegados\u201d.<\/p>\n<p>Giuliani dijo que el proyecto de interpelaci\u00f3n \u201cda cuenta de la dram\u00e1tica situaci\u00f3n que hay en el sector. El gobierno debe dar respuesta al pedido de m\u00e1s personal porque la demanda creci\u00f3 en la pandemia, la situaci\u00f3n social y econ\u00f3mica agrav\u00f3 la crisis del pueblo de C\u00f3rdoba. Muchos usuarios que ten\u00edan obra social se pasaron al sistema p\u00fablico\u201d.<img loading=\"lazy\" decoding=\"async\" class=\" wp-image-22319 aligncenter\" src=\"https:\/\/atecordoba.org\/wp-content\/uploads\/2020\/10\/WhatsApp-Image-2020-10-14-at-11.26.04-300x169.jpeg\" alt=\"\" width=\"601\" height=\"339\" srcset=\"https:\/\/atecordoba.org\/wp-content\/uploads\/2020\/10\/WhatsApp-Image-2020-10-14-at-11.26.04-300x169.jpeg 300w, https:\/\/atecordoba.org\/wp-content\/uploads\/2020\/10\/WhatsApp-Image-2020-10-14-at-11.26.04.jpeg 552w\" sizes=\"auto, (max-width: 601px) 100vw, 601px\" \/><\/p>\n<p>A su vez, el dirigente detall\u00f3 que el sistema \u201cest\u00e1 colapsado debido a que gran parte de su personal en situaci\u00f3n de grupo de riesgo con licencia. Desde 2017 no se cubren ni los cupos ni vacantes, lo que est\u00e1 ingresando en la actualidad \u00a0es personal temporal, sea en invierno o verano, y con contratos precarizados\u201d.<\/p>\n<p>\u201cAnte ese marco \u2013prosigui\u00f3 Giuliani-\u00a0 la primera l\u00ednea de salud viene muy desgastada. Desde marzo que no descansa, con el grave impacto f\u00edsico y emocional que importa. Ya pusimos 13 muertos en lo que va de la pandemia, m\u00e1s todos los contagiados. Por eso urge que el Gobierno provincial comience a incorporar m\u00e1s personal capacitado. Pero a esas incorporaciones hay que pagarlas con buenos sueldos, d\u00e1ndole adem\u00e1s estabilidad laboral, provey\u00e9ndolos de Equipos de Protecci\u00f3n Personal y elementos de bioseguridad y prevenci\u00f3n\u201d.<\/p>\n<p><strong>Presupuesto 2021<\/strong><\/p>\n<p>Por otra parte, el secretario General del Consejo Directivo Provincial evalu\u00f3 positivamente que se haya unificado la oposici\u00f3n para interpelar al Gobierno, que es el responsable de garantizar la atenci\u00f3n sanitaria a la poblaci\u00f3n, \u201cm\u00e1xime cuando se est\u00e1 preparando para tratar el presupuesto 2021. Es un momento clave para pedir m\u00e1s partidas para incorporar m\u00e1s personal\u201d.<\/p>\n<p>\u201cNosotros decidimos llevar la discusi\u00f3n a la Legislatura y por primera vez desde los seis bloques de la oposici\u00f3n se unen ante la propuesta de ATE de interpelar al gobernador Schiaretti, a trav\u00e9s de su ministro de Salud, para que explique qu\u00e9 personal hab\u00eda en marzo y cuanto hay hoy, y qu\u00e9 medidas se tomaron en el \u00ednterin para cubrir la falta de personal\u201d, dijo Giuliani.<\/p>\n<p>En esa l\u00ednea, afirm\u00f3 que se pueden incorporar camas y aparatolog\u00eda al sistema sanitario \u201cpero si no hay trabajadoras especializados que atiendan esos pacientes, lamentablemente no se va a poder llevar a cabo una pol\u00edtica exitosa en tiempos de colapso sanitario. Debemos decir que los hospitales p\u00fablicos est\u00e1n desmantelados, desbordados. Desde ATE decimos que la primera medida es sumar recursos humanos\u201d.<\/p>\n<p>Vale se\u00f1alar que el mi\u00e9rcoles de la semana que viene una comitiva de ATE, integrada por dirigentes y trabajadores del sector, van a concurrir a la Legislatura para que los legisladores escuchen de primera mano la dram\u00e1tica situaci\u00f3n que viven los compa\u00f1eros y las compa\u00f1eras.<\/p>\n<p>\u201cLa pelea tiene varios planos. Debemos recordar la cantidad de acciones que ATE llev\u00f3 a cabo: caravanas con otros gremios, corte de la avenida V\u00e9lez Sarsfield, frente al Ministerio, acto en el puente de la avenida Sabatini en Polo Sanitario y presentaciones administrativas varias. Nunca obtuvimos las medidas reclamadas y nos parece importante sumar a la Legislatura, que tambi\u00e9n tiene responsabilidad en esta situaci\u00f3n, por acci\u00f3n u omisi\u00f3n, en este colapso del sistema de salud\u201d.<\/p>\n<p>Seguidamente, facilitamos un mosaico del registro de acciones llevadas a cabo por los equipos de salud.<\/p>\n<div id='gallery_1' class='gallery galleryid-22566 gallery-columns-3 gallery-size-large'><figure class='gallery-item'>\n                <div class='gallery-icon landscape'>\n                    <a href='https:\/\/atecordoba.org\/wp-content\/uploads\/2020\/10\/Captura-de-pantalla-2020-10-28-101324.png'><img loading=\"lazy\" decoding=\"async\" width=\"1024\" height=\"237\" src=\"\" class=\"attachment-large size-large lazyload\" alt=\"\" data-src=\"https:\/\/atecordoba.org\/wp-content\/uploads\/2020\/10\/Captura-de-pantalla-2020-10-28-101324-1024x237.png\" data-sizes=\"auto\" data-srcset=\"https:\/\/atecordoba.org\/wp-content\/uploads\/2020\/10\/Captura-de-pantalla-2020-10-28-101324-1024x237.png 1024w, https:\/\/atecordoba.org\/wp-content\/uploads\/2020\/10\/Captura-de-pantalla-2020-10-28-101324-300x69.png 300w, https:\/\/atecordoba.org\/wp-content\/uploads\/2020\/10\/Captura-de-pantalla-2020-10-28-101324-768x178.png 768w, https:\/\/atecordoba.org\/wp-content\/uploads\/2020\/10\/Captura-de-pantalla-2020-10-28-101324-750x174.png 750w, https:\/\/atecordoba.org\/wp-content\/uploads\/2020\/10\/Captura-de-pantalla-2020-10-28-101324-1140x264.png 1140w, https:\/\/atecordoba.org\/wp-content\/uploads\/2020\/10\/Captura-de-pantalla-2020-10-28-101324.png 1196w\" data-expand=\"700\" \/><\/a>\n                <\/div><\/figure><figure class='gallery-item'>\n                <div class='gallery-icon landscape'>\n                    <a href='https:\/\/atecordoba.org\/wp-content\/uploads\/2020\/10\/Captura-de-pantalla-2020-10-28-101510.png'><img loading=\"lazy\" decoding=\"async\" width=\"1024\" height=\"429\" src=\"\" class=\"attachment-large size-large lazyload\" alt=\"\" data-src=\"https:\/\/atecordoba.org\/wp-content\/uploads\/2020\/10\/Captura-de-pantalla-2020-10-28-101510-1024x429.png\" data-sizes=\"auto\" data-srcset=\"https:\/\/atecordoba.org\/wp-content\/uploads\/2020\/10\/Captura-de-pantalla-2020-10-28-101510-1024x429.png 1024w, https:\/\/atecordoba.org\/wp-content\/uploads\/2020\/10\/Captura-de-pantalla-2020-10-28-101510-300x126.png 300w, https:\/\/atecordoba.org\/wp-content\/uploads\/2020\/10\/Captura-de-pantalla-2020-10-28-101510-768x322.png 768w, https:\/\/atecordoba.org\/wp-content\/uploads\/2020\/10\/Captura-de-pantalla-2020-10-28-101510-750x314.png 750w, https:\/\/atecordoba.org\/wp-content\/uploads\/2020\/10\/Captura-de-pantalla-2020-10-28-101510-1140x477.png 1140w, https:\/\/atecordoba.org\/wp-content\/uploads\/2020\/10\/Captura-de-pantalla-2020-10-28-101510.png 1292w\" data-expand=\"700\" \/><\/a>\n                <\/div><\/figure><figure class='gallery-item'>\n                <div class='gallery-icon landscape'>\n                    <a href='https:\/\/atecordoba.org\/wp-content\/uploads\/2020\/10\/Captura-de-pantalla-2020-10-28-101615.png'><img loading=\"lazy\" decoding=\"async\" width=\"1024\" height=\"490\" src=\"\" class=\"attachment-large size-large lazyload\" alt=\"\" data-src=\"https:\/\/atecordoba.org\/wp-content\/uploads\/2020\/10\/Captura-de-pantalla-2020-10-28-101615-1024x490.png\" data-sizes=\"auto\" data-srcset=\"https:\/\/atecordoba.org\/wp-content\/uploads\/2020\/10\/Captura-de-pantalla-2020-10-28-101615-1024x490.png 1024w, https:\/\/atecordoba.org\/wp-content\/uploads\/2020\/10\/Captura-de-pantalla-2020-10-28-101615-300x144.png 300w, https:\/\/atecordoba.org\/wp-content\/uploads\/2020\/10\/Captura-de-pantalla-2020-10-28-101615-768x368.png 768w, https:\/\/atecordoba.org\/wp-content\/uploads\/2020\/10\/Captura-de-pantalla-2020-10-28-101615-750x359.png 750w, https:\/\/atecordoba.org\/wp-content\/uploads\/2020\/10\/Captura-de-pantalla-2020-10-28-101615-1140x546.png 1140w, https:\/\/atecordoba.org\/wp-content\/uploads\/2020\/10\/Captura-de-pantalla-2020-10-28-101615.png 1172w\" data-expand=\"700\" \/><\/a>\n                <\/div><\/figure><br style=\"clear: both\" \/><figure class='gallery-item'>\n                <div class='gallery-icon landscape'>\n                    <a href='https:\/\/atecordoba.org\/wp-content\/uploads\/2020\/10\/Captura-de-pantalla-2020-10-28-101736.png'><img loading=\"lazy\" decoding=\"async\" width=\"1024\" height=\"486\" src=\"\" class=\"attachment-large size-large lazyload\" alt=\"\" data-src=\"https:\/\/atecordoba.org\/wp-content\/uploads\/2020\/10\/Captura-de-pantalla-2020-10-28-101736-1024x486.png\" data-sizes=\"auto\" data-srcset=\"https:\/\/atecordoba.org\/wp-content\/uploads\/2020\/10\/Captura-de-pantalla-2020-10-28-101736-1024x486.png 1024w, https:\/\/atecordoba.org\/wp-content\/uploads\/2020\/10\/Captura-de-pantalla-2020-10-28-101736-300x142.png 300w, https:\/\/atecordoba.org\/wp-content\/uploads\/2020\/10\/Captura-de-pantalla-2020-10-28-101736-768x365.png 768w, https:\/\/atecordoba.org\/wp-content\/uploads\/2020\/10\/Captura-de-pantalla-2020-10-28-101736-750x356.png 750w, https:\/\/atecordoba.org\/wp-content\/uploads\/2020\/10\/Captura-de-pantalla-2020-10-28-101736-1140x541.png 1140w, https:\/\/atecordoba.org\/wp-content\/uploads\/2020\/10\/Captura-de-pantalla-2020-10-28-101736.png 1175w\" data-expand=\"700\" \/><\/a>\n                <\/div><\/figure><figure class='gallery-item'>\n                <div class='gallery-icon landscape'>\n                    <a href='https:\/\/atecordoba.org\/wp-content\/uploads\/2020\/10\/Captura-de-pantalla-2020-10-28-101842.png'><img loading=\"lazy\" decoding=\"async\" width=\"1024\" height=\"316\" src=\"\" class=\"attachment-large size-large lazyload\" alt=\"\" data-src=\"https:\/\/atecordoba.org\/wp-content\/uploads\/2020\/10\/Captura-de-pantalla-2020-10-28-101842-1024x316.png\" data-sizes=\"auto\" data-srcset=\"https:\/\/atecordoba.org\/wp-content\/uploads\/2020\/10\/Captura-de-pantalla-2020-10-28-101842-1024x316.png 1024w, https:\/\/atecordoba.org\/wp-content\/uploads\/2020\/10\/Captura-de-pantalla-2020-10-28-101842-300x93.png 300w, https:\/\/atecordoba.org\/wp-content\/uploads\/2020\/10\/Captura-de-pantalla-2020-10-28-101842-768x237.png 768w, https:\/\/atecordoba.org\/wp-content\/uploads\/2020\/10\/Captura-de-pantalla-2020-10-28-101842-750x232.png 750w, https:\/\/atecordoba.org\/wp-content\/uploads\/2020\/10\/Captura-de-pantalla-2020-10-28-101842-1140x352.png 1140w, https:\/\/atecordoba.org\/wp-content\/uploads\/2020\/10\/Captura-de-pantalla-2020-10-28-101842.png 1204w\" data-expand=\"700\" \/><\/a>\n                <\/div><\/figure><figure class='gallery-item'>\n                <div class='gallery-icon landscape'>\n                    <a href='https:\/\/atecordoba.org\/wp-content\/uploads\/2020\/10\/Captura-de-pantalla-2020-10-28-102016.png'><img loading=\"lazy\" decoding=\"async\" width=\"1024\" height=\"435\" src=\"\" class=\"attachment-large size-large lazyload\" alt=\"\" data-src=\"https:\/\/atecordoba.org\/wp-content\/uploads\/2020\/10\/Captura-de-pantalla-2020-10-28-102016-1024x435.png\" data-sizes=\"auto\" data-srcset=\"https:\/\/atecordoba.org\/wp-content\/uploads\/2020\/10\/Captura-de-pantalla-2020-10-28-102016-1024x435.png 1024w, https:\/\/atecordoba.org\/wp-content\/uploads\/2020\/10\/Captura-de-pantalla-2020-10-28-102016-300x128.png 300w, https:\/\/atecordoba.org\/wp-content\/uploads\/2020\/10\/Captura-de-pantalla-2020-10-28-102016-768x327.png 768w, https:\/\/atecordoba.org\/wp-content\/uploads\/2020\/10\/Captura-de-pantalla-2020-10-28-102016-750x319.png 750w, https:\/\/atecordoba.org\/wp-content\/uploads\/2020\/10\/Captura-de-pantalla-2020-10-28-102016-1140x485.png 1140w, https:\/\/atecordoba.org\/wp-content\/uploads\/2020\/10\/Captura-de-pantalla-2020-10-28-102016.png 1237w\" data-expand=\"700\" \/><\/a>\n                <\/div><\/figure><br style=\"clear: both\" \/><figure class='gallery-item'>\n                <div class='gallery-icon landscape'>\n                    <a href='https:\/\/atecordoba.org\/wp-content\/uploads\/2020\/10\/Captura-de-pantalla-2020-10-28-102045.png'><img loading=\"lazy\" decoding=\"async\" width=\"1024\" height=\"463\" src=\"\" class=\"attachment-large size-large lazyload\" alt=\"\" data-src=\"https:\/\/atecordoba.org\/wp-content\/uploads\/2020\/10\/Captura-de-pantalla-2020-10-28-102045-1024x463.png\" data-sizes=\"auto\" data-srcset=\"https:\/\/atecordoba.org\/wp-content\/uploads\/2020\/10\/Captura-de-pantalla-2020-10-28-102045-1024x463.png 1024w, https:\/\/atecordoba.org\/wp-content\/uploads\/2020\/10\/Captura-de-pantalla-2020-10-28-102045-300x136.png 300w, https:\/\/atecordoba.org\/wp-content\/uploads\/2020\/10\/Captura-de-pantalla-2020-10-28-102045-768x347.png 768w, https:\/\/atecordoba.org\/wp-content\/uploads\/2020\/10\/Captura-de-pantalla-2020-10-28-102045-750x339.png 750w, https:\/\/atecordoba.org\/wp-content\/uploads\/2020\/10\/Captura-de-pantalla-2020-10-28-102045-1140x516.png 1140w, https:\/\/atecordoba.org\/wp-content\/uploads\/2020\/10\/Captura-de-pantalla-2020-10-28-102045.png 1214w\" data-expand=\"700\" \/><\/a>\n                <\/div><\/figure><figure class='gallery-item'>\n                <div class='gallery-icon landscape'>\n                    <a href='https:\/\/atecordoba.org\/wp-content\/uploads\/2020\/10\/Captura-de-pantalla-2020-10-28-102125.png'><img loading=\"lazy\" decoding=\"async\" width=\"1024\" height=\"463\" src=\"\" class=\"attachment-large size-large lazyload\" alt=\"\" data-src=\"https:\/\/atecordoba.org\/wp-content\/uploads\/2020\/10\/Captura-de-pantalla-2020-10-28-102125-1024x463.png\" data-sizes=\"auto\" data-srcset=\"https:\/\/atecordoba.org\/wp-content\/uploads\/2020\/10\/Captura-de-pantalla-2020-10-28-102125-1024x463.png 1024w, https:\/\/atecordoba.org\/wp-content\/uploads\/2020\/10\/Captura-de-pantalla-2020-10-28-102125-300x136.png 300w, https:\/\/atecordoba.org\/wp-content\/uploads\/2020\/10\/Captura-de-pantalla-2020-10-28-102125-768x347.png 768w, https:\/\/atecordoba.org\/wp-content\/uploads\/2020\/10\/Captura-de-pantalla-2020-10-28-102125-750x339.png 750w, https:\/\/atecordoba.org\/wp-content\/uploads\/2020\/10\/Captura-de-pantalla-2020-10-28-102125-1140x515.png 1140w, https:\/\/atecordoba.org\/wp-content\/uploads\/2020\/10\/Captura-de-pantalla-2020-10-28-102125.png 1197w\" data-expand=\"700\" \/><\/a>\n                <\/div><\/figure><figure class='gallery-item'>\n                <div class='gallery-icon landscape'>\n                    <a href='https:\/\/atecordoba.org\/wp-content\/uploads\/2020\/10\/Captura-de-pantalla-2020-10-28-102217.png'><img loading=\"lazy\" decoding=\"async\" width=\"1024\" height=\"491\" src=\"\" class=\"attachment-large size-large lazyload\" alt=\"\" data-src=\"https:\/\/atecordoba.org\/wp-content\/uploads\/2020\/10\/Captura-de-pantalla-2020-10-28-102217-1024x491.png\" data-sizes=\"auto\" data-srcset=\"https:\/\/atecordoba.org\/wp-content\/uploads\/2020\/10\/Captura-de-pantalla-2020-10-28-102217-1024x491.png 1024w, https:\/\/atecordoba.org\/wp-content\/uploads\/2020\/10\/Captura-de-pantalla-2020-10-28-102217-300x144.png 300w, https:\/\/atecordoba.org\/wp-content\/uploads\/2020\/10\/Captura-de-pantalla-2020-10-28-102217-768x368.png 768w, https:\/\/atecordoba.org\/wp-content\/uploads\/2020\/10\/Captura-de-pantalla-2020-10-28-102217-750x359.png 750w, https:\/\/atecordoba.org\/wp-content\/uploads\/2020\/10\/Captura-de-pantalla-2020-10-28-102217-1140x546.png 1140w, https:\/\/atecordoba.org\/wp-content\/uploads\/2020\/10\/Captura-de-pantalla-2020-10-28-102217.png 1177w\" data-expand=\"700\" \/><\/a>\n                <\/div><\/figure><br style=\"clear: both\" \/><figure class='gallery-item'>\n                <div class='gallery-icon landscape'>\n                    <a href='https:\/\/atecordoba.org\/wp-content\/uploads\/2020\/10\/Captura-de-pantalla-2020-10-28-102250.png'><img loading=\"lazy\" decoding=\"async\" width=\"1024\" height=\"465\" src=\"\" class=\"attachment-large size-large lazyload\" alt=\"\" data-src=\"https:\/\/atecordoba.org\/wp-content\/uploads\/2020\/10\/Captura-de-pantalla-2020-10-28-102250-1024x465.png\" data-sizes=\"auto\" data-srcset=\"https:\/\/atecordoba.org\/wp-content\/uploads\/2020\/10\/Captura-de-pantalla-2020-10-28-102250-1024x465.png 1024w, https:\/\/atecordoba.org\/wp-content\/uploads\/2020\/10\/Captura-de-pantalla-2020-10-28-102250-300x136.png 300w, https:\/\/atecordoba.org\/wp-content\/uploads\/2020\/10\/Captura-de-pantalla-2020-10-28-102250-768x349.png 768w, https:\/\/atecordoba.org\/wp-content\/uploads\/2020\/10\/Captura-de-pantalla-2020-10-28-102250-750x341.png 750w, https:\/\/atecordoba.org\/wp-content\/uploads\/2020\/10\/Captura-de-pantalla-2020-10-28-102250-1140x518.png 1140w, https:\/\/atecordoba.org\/wp-content\/uploads\/2020\/10\/Captura-de-pantalla-2020-10-28-102250.png 1217w\" data-expand=\"700\" \/><\/a>\n                <\/div><\/figure><figure class='gallery-item'>\n                <div class='gallery-icon landscape'>\n                    <a href='https:\/\/atecordoba.org\/wp-content\/uploads\/2020\/10\/Captura-de-pantalla-2020-10-28-102339.png'><img loading=\"lazy\" decoding=\"async\" width=\"1024\" height=\"483\" src=\"\" class=\"attachment-large size-large lazyload\" alt=\"\" data-src=\"https:\/\/atecordoba.org\/wp-content\/uploads\/2020\/10\/Captura-de-pantalla-2020-10-28-102339-1024x483.png\" data-sizes=\"auto\" data-srcset=\"https:\/\/atecordoba.org\/wp-content\/uploads\/2020\/10\/Captura-de-pantalla-2020-10-28-102339-1024x483.png 1024w, https:\/\/atecordoba.org\/wp-content\/uploads\/2020\/10\/Captura-de-pantalla-2020-10-28-102339-300x141.png 300w, https:\/\/atecordoba.org\/wp-content\/uploads\/2020\/10\/Captura-de-pantalla-2020-10-28-102339-768x362.png 768w, https:\/\/atecordoba.org\/wp-content\/uploads\/2020\/10\/Captura-de-pantalla-2020-10-28-102339-750x353.png 750w, https:\/\/atecordoba.org\/wp-content\/uploads\/2020\/10\/Captura-de-pantalla-2020-10-28-102339-1140x537.png 1140w, https:\/\/atecordoba.org\/wp-content\/uploads\/2020\/10\/Captura-de-pantalla-2020-10-28-102339.png 1182w\" data-expand=\"700\" \/><\/a>\n                <\/div><\/figure>\n                <br style='clear: both' \/>\n            <\/div>\n\n","protected":false},"excerpt":{"rendered":"<p>48 horas despu\u00e9s que ATE presentara una iniciativa en la Legislatura para interpelar al gobierno provincial ante el colapso del sistema de salud p\u00fablico, los seis bloques opositores acompa\u00f1aron la propuesta y firmaron el pedido de informes. As\u00ed, los bloques del FIT y el MST Nueva Izquierda se sumaron a la UCR, Juntos por el [&hellip;]<\/p>\n","protected":false},"author":7,"featured_media":22578,"comment_status":"open","ping_status":"open","sticky":true,"template":"","format":"standard","meta":{"_exactmetrics_skip_tracking":false,"_exactmetrics_sitenote_active":false,"_exactmetrics_sitenote_note":"","_exactmetrics_sitenote_category":0,"jnews-multi-image_gallery":[],"jnews_single_post":{"source_name":"","source_url":"","via_name":"","via_url":"","override_template":"0","override":[{"template":"1","single_blog_custom":"","parallax":"1","fullscreen":"0","layout":"right-sidebar","sidebar":"default-sidebar","second_sidebar":"default-sidebar","sticky_sidebar":"1","share_position":"top","share_float_style":"share-monocrhome","show_share_counter":"1","show_view_counter":"1","show_featured":"1","show_post_meta":"1","show_post_author":"1","show_post_author_image":"1","show_post_date":"1","post_date_format":"default","post_date_format_custom":"Y\/m\/d","show_post_category":"1","show_post_reading_time":"0","post_reading_time_wpm":"300","show_zoom_button":"0","zoom_button_out_step":"2","zoom_button_in_step":"3","show_post_tag":"1","show_prev_next_post":"1","show_popup_post":"1","number_popup_post":"1","show_author_box":"0","show_post_related":"0","show_inline_post_related":"0"}],"override_image_size":"0","image_override":[{"single_post_thumbnail_size":"crop-500","single_post_gallery_size":"crop-500"}],"trending_post":"0","trending_post_position":"meta","trending_post_label":"Trending","sponsored_post":"0","sponsored_post_label":"Sponsored by","sponsored_post_name":"","sponsored_post_url":"","sponsored_post_logo_enable":"0","sponsored_post_logo":"","sponsored_post_desc":""},"jnews_primary_category":{"id":""},"jnews_social_meta":{"fb_title":"","fb_description":"","fb_image":"","twitter_title":"","twitter_description":"","twitter_image":""},"jnews_review":[],"enable_review":"0","type":"percentage","name":"","summary":"","brand":"","sku":"","good":[{"good_text":""}],"bad":[{"bad_text":""}],"score_override":"","override_value":"","rating":[{"rating_text":"","rating_number":"10"}],"price":[{"shop":"","price":"","link":"","icon":""}],"jnews_override_counter":{"override_view_counter":"0","view_counter_number":"0","override_share_counter":"0","share_counter_number":"0","override_like_counter":"0","like_counter_number":"0","override_dislike_counter":"0","dislike_counter_number":"0"},"jnews_post_split":{"enable_post_split":"0","post_split":[{"template":"1","tag":"h2","numbering":"asc","mode":"normal"}]},"footnotes":""},"categories":[341,104,8],"tags":[634,606,636],"class_list":["post-22566","post","type-post","status-publish","format-standard","has-post-thumbnail","hentry","category-cdp","category-departamento-de-salud","category-provinciales","tag-bloques-de-la-oposicion","tag-legislatura","tag-pedido-de-interpelacion"],"jetpack_featured_media_url":"https:\/\/atecordoba.org\/wp-content\/uploads\/2020\/10\/recinto-legislatura.jpg","_links":{"self":[{"href":"https:\/\/atecordoba.org\/index.php?rest_route=\/wp\/v2\/posts\/22566","targetHints":{"allow":["GET"]}}],"collection":[{"href":"https:\/\/atecordoba.org\/index.php?rest_route=\/wp\/v2\/posts"}],"about":[{"href":"https:\/\/atecordoba.org\/index.php?rest_route=\/wp\/v2\/types\/post"}],"author":[{"embeddable":true,"href":"https:\/\/atecordoba.org\/index.php?rest_route=\/wp\/v2\/users\/7"}],"replies":[{"embeddable":true,"href":"https:\/\/atecordoba.org\/index.php?rest_route=%2Fwp%2Fv2%2Fcomments&post=22566"}],"version-history":[{"count":1,"href":"https:\/\/atecordoba.org\/index.php?rest_route=\/wp\/v2\/posts\/22566\/revisions"}],"predecessor-version":[{"id":22579,"href":"https:\/\/atecordoba.org\/index.php?rest_route=\/wp\/v2\/posts\/22566\/revisions\/22579"}],"wp:featuredmedia":[{"embeddable":true,"href":"https:\/\/atecordoba.org\/index.php?rest_route=\/wp\/v2\/media\/22578"}],"wp:attachment":[{"href":"https:\/\/atecordoba.org\/index.php?rest_route=%2Fwp%2Fv2%2Fmedia&parent=22566"}],"wp:term":[{"taxonomy":"category","embeddable":true,"href":"https:\/\/atecordoba.org\/index.php?rest_route=%2Fwp%2Fv2%2Fcategories&post=22566"},{"taxonomy":"post_tag","embeddable":true,"href":"https:\/\/atecordoba.org\/index.php?rest_route=%2Fwp%2Fv2%2Ftags&post=22566"}],"curies":[{"name":"wp","href":"https:\/\/api.w.org\/{rel}","templated":true}]}}