{"id":22558,"date":"2020-10-27T13:14:28","date_gmt":"2020-10-27T16:14:28","guid":{"rendered":"https:\/\/atecordoba.org\/?p=22558"},"modified":"2020-10-27T14:07:21","modified_gmt":"2020-10-27T17:07:21","slug":"importante-crecimiento-de-ate-en-el-corredor-de-municipios-de-sierras-chicas","status":"publish","type":"post","link":"https:\/\/atecordoba.org\/?p=22558","title":{"rendered":"Importante crecimiento de ATE en el corredor de municipios de Sierras Chicas"},"content":{"rendered":"<figure id=\"attachment_22559\" aria-describedby=\"caption-attachment-22559\" style=\"width: 600px\" class=\"wp-caption aligncenter\"><img loading=\"lazy\" decoding=\"async\" class=\"wp-image-22559\" src=\"https:\/\/atecordoba.org\/wp-content\/uploads\/2020\/10\/WhatsApp-Image-2020-10-26-at-14.20.52-1-300x225.jpeg\" alt=\"\" width=\"600\" height=\"450\" srcset=\"https:\/\/atecordoba.org\/wp-content\/uploads\/2020\/10\/WhatsApp-Image-2020-10-26-at-14.20.52-1-300x225.jpeg 300w, https:\/\/atecordoba.org\/wp-content\/uploads\/2020\/10\/WhatsApp-Image-2020-10-26-at-14.20.52-1-768x576.jpeg 768w, https:\/\/atecordoba.org\/wp-content\/uploads\/2020\/10\/WhatsApp-Image-2020-10-26-at-14.20.52-1-750x563.jpeg 750w, https:\/\/atecordoba.org\/wp-content\/uploads\/2020\/10\/WhatsApp-Image-2020-10-26-at-14.20.52-1.jpeg 1000w\" sizes=\"auto, (max-width: 600px) 100vw, 600px\" \/><figcaption id=\"caption-attachment-22559\" class=\"wp-caption-text\">Acci\u00f3n Social en Sald\u00e1n. La secretaria de Interior, Edith Innamorato, junto a delegadas y afiliadas.<\/figcaption><\/figure>\n<p>La semana pasada la Secretaria de Interior del Consejo Directivo Provincial llev\u00f3 cabo un recorrido por diversas municipalidades del corredor de las Sierras Chicas, Departamento Col\u00f3n, para hacer entrega de presentes para las y los afiliados por el D\u00eda de la Madre, as\u00ed como de barbijos para el personal de atenci\u00f3n al p\u00fablico y servicios esenciales.<\/p>\n<figure id=\"attachment_22560\" aria-describedby=\"caption-attachment-22560\" style=\"width: 225px\" class=\"wp-caption alignright\"><img loading=\"lazy\" decoding=\"async\" class=\"wp-image-22560 size-medium\" src=\"https:\/\/atecordoba.org\/wp-content\/uploads\/2020\/10\/WhatsApp-Image-2020-10-26-at-14.20.51-225x300.jpeg\" alt=\"\" width=\"225\" height=\"300\" srcset=\"https:\/\/atecordoba.org\/wp-content\/uploads\/2020\/10\/WhatsApp-Image-2020-10-26-at-14.20.51-225x300.jpeg 225w, https:\/\/atecordoba.org\/wp-content\/uploads\/2020\/10\/WhatsApp-Image-2020-10-26-at-14.20.51.jpeg 750w\" sizes=\"auto, (max-width: 225px) 100vw, 225px\" \/><figcaption id=\"caption-attachment-22560\" class=\"wp-caption-text\">En Unquillo.<\/figcaption><\/figure>\n<p>Los municipales del corredor Sierras Chicas, que incluye los municipios de Sald\u00e1n, Mendiolaza, Unquillo, Rio Ceballos y Salsipuedes, tiene puntos en com\u00fan como bajos salarios, estatutos de la d\u00e9cada del \u201980 y mucha precarizaci\u00f3n laboral, con m\u00e1s del 50% de las y los trabajadores en situaci\u00f3n de informalidad laboral. \u201cDesde ATE acompa\u00f1amos la lucha que llevan adelante nuestras afiliadas y afiliados en cada uno de estas localidades, como en el resto de la provincia\u201d, dijo la secretaria de Interior, Edith Innamorato.<\/p>\n<p>Este crecimiento de afiliaciones en los municipios del corredor Sierras Chicas es continuo desde que esta conducci\u00f3n asumi\u00f3 en noviembre. Las y los municipales necesitaban un gremio que tiene historia de lucha, acci\u00f3n social en todos los \u00e1mbitos y la autonom\u00eda de los patrones. Logramos c\u00f3digos de descuento y reconocimiento de la patronal en los municipios de Sald\u00e1n y Salsipuedes recientemente, adem\u00e1s de las que ya ten\u00edamos en Mendiolaza y Unquillo. En breve confluiremos en R\u00edo Ceballos y Agua de Oro, donde venimos teniendo reuniones con las y los trabajadores, escuchando sus problem\u00e1ticas y acercando acci\u00f3n social y acompa\u00f1amiento gremial de ATE.<\/p>\n<p>En t\u00e9rminos de la acci\u00f3n gremial, agreg\u00f3 Innamorato, se realiz\u00f3 \u201cun zoom con futuros afiliados de R\u00edo Ceballos puesto que compa\u00f1eras y compa\u00f1eros tomaron contacto con ATE para ser representados por nuestro sindicato. A posteriori, se confirm\u00f3 una reuni\u00f3n con el ejecutivo municipal de Salsipuedes para abordar unos descuentos que le est\u00e1n realizando a los compa\u00f1eros en sus recibos de sueldo\u201d.<\/p>\n<figure id=\"attachment_22561\" aria-describedby=\"caption-attachment-22561\" style=\"width: 398px\" class=\"wp-caption alignleft\"><img loading=\"lazy\" decoding=\"async\" class=\"wp-image-22561\" src=\"https:\/\/atecordoba.org\/wp-content\/uploads\/2020\/10\/WhatsApp-Image-2020-10-26-at-14.18.20-300x169.jpeg\" alt=\"\" width=\"398\" height=\"224\" srcset=\"https:\/\/atecordoba.org\/wp-content\/uploads\/2020\/10\/WhatsApp-Image-2020-10-26-at-14.18.20-300x169.jpeg 300w, https:\/\/atecordoba.org\/wp-content\/uploads\/2020\/10\/WhatsApp-Image-2020-10-26-at-14.18.20-768x434.jpeg 768w, https:\/\/atecordoba.org\/wp-content\/uploads\/2020\/10\/WhatsApp-Image-2020-10-26-at-14.18.20-750x423.jpeg 750w, https:\/\/atecordoba.org\/wp-content\/uploads\/2020\/10\/WhatsApp-Image-2020-10-26-at-14.18.20.jpeg 999w\" sizes=\"auto, (max-width: 398px) 100vw, 398px\" \/><figcaption id=\"caption-attachment-22561\" class=\"wp-caption-text\">Junto a compa\u00f1eros de Salsipuedes.<\/figcaption><\/figure>\n<p>\u201cDesde la Secretaria del interior estamos bregando por la constituci\u00f3n de mesas de trabajo con las autoridades de los distintos municipios, solicitamos audiencias con los ejecutivos para establecer como base de los reclamos gremiales, la actualizaci\u00f3n de los estatutos para derivar en futuros convenios colectivos de trabajo en las municipalidades de la provincia de C\u00f3rdoba\u201d, sostuvo la dirigente.<\/p>\n<p><strong>Capacitaciones y futuras reuniones<\/strong><\/p>\n<figure id=\"attachment_22562\" aria-describedby=\"caption-attachment-22562\" style=\"width: 300px\" class=\"wp-caption alignright\"><img loading=\"lazy\" decoding=\"async\" class=\"wp-image-22562 size-medium\" src=\"https:\/\/atecordoba.org\/wp-content\/uploads\/2020\/10\/WhatsApp-Image-2020-10-26-at-14.20.52-300x225.jpeg\" alt=\"\" width=\"300\" height=\"225\" srcset=\"https:\/\/atecordoba.org\/wp-content\/uploads\/2020\/10\/WhatsApp-Image-2020-10-26-at-14.20.52-300x225.jpeg 300w, https:\/\/atecordoba.org\/wp-content\/uploads\/2020\/10\/WhatsApp-Image-2020-10-26-at-14.20.52-768x576.jpeg 768w, https:\/\/atecordoba.org\/wp-content\/uploads\/2020\/10\/WhatsApp-Image-2020-10-26-at-14.20.52-750x563.jpeg 750w, https:\/\/atecordoba.org\/wp-content\/uploads\/2020\/10\/WhatsApp-Image-2020-10-26-at-14.20.52.jpeg 1000w\" sizes=\"auto, (max-width: 300px) 100vw, 300px\" \/><figcaption id=\"caption-attachment-22562\" class=\"wp-caption-text\">En Mendiolaza.<\/figcaption><\/figure>\n<p>Al mismo tiempo, la Secretaria de Interior sigue trabajando en coordinaci\u00f3n con la Secretaria de Formaci\u00f3n, con el Departamento CyMAT (Condiciones y Medio Ambiente de Trabajo) y la Secretar\u00eda de Acci\u00f3n Social, para acompa\u00f1ar a las y los compa\u00f1eros en cualquier instancia. \u201cActualmente muchos afiliados y afiliadas est\u00e1n realizando el taller de CyMAT para abonar a la capacitaci\u00f3n sobre las leyes y reglamentaciones en condiciones laborales\u201d, explic\u00f3 Innamorato.<\/p>\n<p>Otro eje de capacitaci\u00f3n es sobre Derechos Humanos y G\u00e9nero, para la actuaci\u00f3n que los delegados deben brindar a las y los compa\u00f1eros.<\/p>\n<p>Por \u00faltimo, la secretaria de Interior dijo que \u201cen la Municipalidad de Sald\u00e1n se alcanz\u00f3 un acuerdo para crear una mesa de trabajo que aborde la modificaci\u00f3n del Estatuto. En ese sentido, est\u00e1 prevista una pr\u00f3xima reuni\u00f3n con intendente de Mendiolaza y de Salsipuedes\u201d.<\/p>\n<p>En esa l\u00ednea, se realizan tratativas con los ejecutivos de Unquillo y Rio Ceballos.<\/p>\n","protected":false},"excerpt":{"rendered":"<p>La semana pasada la Secretaria de Interior del Consejo Directivo Provincial llev\u00f3 cabo un recorrido por diversas municipalidades del corredor de las Sierras Chicas, Departamento Col\u00f3n, para hacer entrega de presentes para las y los afiliados por el D\u00eda de la Madre, as\u00ed como de barbijos para el personal de atenci\u00f3n al p\u00fablico y servicios [&hellip;]<\/p>\n","protected":false},"author":7,"featured_media":22559,"comment_status":"open","ping_status":"open","sticky":true,"template":"","format":"standard","meta":{"_exactmetrics_skip_tracking":false,"_exactmetrics_sitenote_active":false,"_exactmetrics_sitenote_note":"","_exactmetrics_sitenote_category":0,"jnews-multi-image_gallery":[],"jnews_single_post":{"source_name":"","source_url":"","via_name":"","via_url":"","override_template":"0","override":[{"template":"1","single_blog_custom":"","parallax":"1","fullscreen":"0","layout":"right-sidebar","sidebar":"default-sidebar","second_sidebar":"default-sidebar","sticky_sidebar":"1","share_position":"top","share_float_style":"share-monocrhome","show_share_counter":"1","show_view_counter":"1","show_featured":"1","show_post_meta":"1","show_post_author":"1","show_post_author_image":"1","show_post_date":"1","post_date_format":"default","post_date_format_custom":"Y\/m\/d","show_post_category":"1","show_post_reading_time":"0","post_reading_time_wpm":"300","show_zoom_button":"0","zoom_button_out_step":"2","zoom_button_in_step":"3","show_post_tag":"1","show_prev_next_post":"1","show_popup_post":"1","number_popup_post":"1","show_author_box":"0","show_post_related":"0","show_inline_post_related":"0"}],"override_image_size":"0","image_override":[{"single_post_thumbnail_size":"crop-500","single_post_gallery_size":"crop-500"}],"trending_post":"0","trending_post_position":"meta","trending_post_label":"Trending","sponsored_post":"0","sponsored_post_label":"Sponsored by","sponsored_post_name":"","sponsored_post_url":"","sponsored_post_logo_enable":"0","sponsored_post_logo":"","sponsored_post_desc":""},"jnews_primary_category":{"id":""},"jnews_social_meta":{"fb_title":"","fb_description":"","fb_image":"","twitter_title":"","twitter_description":"","twitter_image":""},"jnews_review":[],"enable_review":"0","type":"percentage","name":"","summary":"","brand":"","sku":"","good":[{"good_text":""}],"bad":[{"bad_text":""}],"score_override":"","override_value":"","rating":[{"rating_text":"","rating_number":"10"}],"price":[{"shop":"","price":"","link":"","icon":""}],"jnews_override_counter":{"override_view_counter":"0","view_counter_number":"0","override_share_counter":"0","share_counter_number":"0","override_like_counter":"0","like_counter_number":"0","override_dislike_counter":"0","dislike_counter_number":"0"},"jnews_post_split":{"enable_post_split":"0","post_split":[{"template":"1","tag":"h2","numbering":"asc","mode":"normal"}]},"footnotes":""},"categories":[341,20],"tags":[],"class_list":["post-22558","post","type-post","status-publish","format-standard","has-post-thumbnail","hentry","category-cdp","category-municipales"],"jetpack_featured_media_url":"https:\/\/atecordoba.org\/wp-content\/uploads\/2020\/10\/WhatsApp-Image-2020-10-26-at-14.20.52-1.jpeg","_links":{"self":[{"href":"https:\/\/atecordoba.org\/index.php?rest_route=\/wp\/v2\/posts\/22558","targetHints":{"allow":["GET"]}}],"collection":[{"href":"https:\/\/atecordoba.org\/index.php?rest_route=\/wp\/v2\/posts"}],"about":[{"href":"https:\/\/atecordoba.org\/index.php?rest_route=\/wp\/v2\/types\/post"}],"author":[{"embeddable":true,"href":"https:\/\/atecordoba.org\/index.php?rest_route=\/wp\/v2\/users\/7"}],"replies":[{"embeddable":true,"href":"https:\/\/atecordoba.org\/index.php?rest_route=%2Fwp%2Fv2%2Fcomments&post=22558"}],"version-history":[{"count":2,"href":"https:\/\/atecordoba.org\/index.php?rest_route=\/wp\/v2\/posts\/22558\/revisions"}],"predecessor-version":[{"id":22564,"href":"https:\/\/atecordoba.org\/index.php?rest_route=\/wp\/v2\/posts\/22558\/revisions\/22564"}],"wp:featuredmedia":[{"embeddable":true,"href":"https:\/\/atecordoba.org\/index.php?rest_route=\/wp\/v2\/media\/22559"}],"wp:attachment":[{"href":"https:\/\/atecordoba.org\/index.php?rest_route=%2Fwp%2Fv2%2Fmedia&parent=22558"}],"wp:term":[{"taxonomy":"category","embeddable":true,"href":"https:\/\/atecordoba.org\/index.php?rest_route=%2Fwp%2Fv2%2Fcategories&post=22558"},{"taxonomy":"post_tag","embeddable":true,"href":"https:\/\/atecordoba.org\/index.php?rest_route=%2Fwp%2Fv2%2Ftags&post=22558"}],"curies":[{"name":"wp","href":"https:\/\/api.w.org\/{rel}","templated":true}]}}