{"id":22555,"date":"2020-10-27T12:26:46","date_gmt":"2020-10-27T15:26:46","guid":{"rendered":"https:\/\/atecordoba.org\/?p=22555"},"modified":"2020-10-27T12:26:59","modified_gmt":"2020-10-27T15:26:59","slug":"basta-de-gatillo-facil-ni-un-pibe-menos","status":"publish","type":"post","link":"https:\/\/atecordoba.org\/?p=22555","title":{"rendered":"Basta de gatillo f\u00e1cil, ni un pibe menos"},"content":{"rendered":"<figure id=\"attachment_22556\" aria-describedby=\"caption-attachment-22556\" style=\"width: 600px\" class=\"wp-caption aligncenter\"><img loading=\"lazy\" decoding=\"async\" class=\"wp-image-22556\" src=\"https:\/\/atecordoba.org\/wp-content\/uploads\/2020\/10\/joaquin-paredes-paso-viejo2-300x169.jpg\" alt=\"\" width=\"600\" height=\"338\" srcset=\"https:\/\/atecordoba.org\/wp-content\/uploads\/2020\/10\/joaquin-paredes-paso-viejo2-300x169.jpg 300w, https:\/\/atecordoba.org\/wp-content\/uploads\/2020\/10\/joaquin-paredes-paso-viejo2-1024x576.jpg 1024w, https:\/\/atecordoba.org\/wp-content\/uploads\/2020\/10\/joaquin-paredes-paso-viejo2-768x432.jpg 768w, https:\/\/atecordoba.org\/wp-content\/uploads\/2020\/10\/joaquin-paredes-paso-viejo2-750x422.jpg 750w, https:\/\/atecordoba.org\/wp-content\/uploads\/2020\/10\/joaquin-paredes-paso-viejo2.jpg 1058w\" sizes=\"auto, (max-width: 600px) 100vw, 600px\" \/><figcaption id=\"caption-attachment-22556\" class=\"wp-caption-text\">Joaqu\u00edn Paredes, gentileza La Tinta.<\/figcaption><\/figure>\n<p>Desde la Mesa Provincial de Trabajo por los Derechos Humanos C\u00f3rdoba, repudiamos el accionar violento de la polic\u00eda de la provincia de C\u00f3rdoba que termin\u00f3 asesinando a Joaqu\u00edn Paredes de 15 a\u00f1os, en la localidad de Paso Viejo en el noroeste provincial.<\/p>\n<p>En la madrugada de este domingo 25 de octubre, un grupo de j\u00f3venes del pueblo se encontraban\u00a0 en la plaza de Paso Viejo, cuando fueron atacados violentamente por un grupo de polic\u00edas que sin mediar palabra, empez\u00f3 a disparar llev\u00e1ndose la vida de Joaqu\u00edn e hiriendo a dos j\u00f3venes m\u00e1s.<\/p>\n<p>Estas no son acciones aisladas, vivimos todos los d\u00edas en nuestros pueblos y ciudades el hostigamiento y persecuci\u00f3n permanente de la polic\u00eda de C\u00f3rdoba contra los j\u00f3venes de los sectores populares.<\/p>\n<p>Por eso mismo, creemos necesario dar la discusi\u00f3n urgente de un modelo de seguridad p\u00fablica basada en valores democr\u00e1ticos, inclusivos y solidarios.<\/p>\n<p>No queremos ni un pibe m\u00e1s asesinado por el gatillo f\u00e1cil de la polic\u00eda y no queremos vivir m\u00e1s abuso de la autoridad policial hacia los humildes de nuestro pueblo perseguidos por el solo hecho de ser pobres.<\/p>\n<p>Exigimos reacci\u00f3n inmediata del gobierno de la provincia de C\u00f3rdoba\u00a0 y solicitamos a las secretar\u00edas de Derechos Humanos de la provincia y de Naci\u00f3n que intervenga en las garant\u00edas de justicia y reparaci\u00f3n a las v\u00edctimas y a todo un pueblo destrozado.<\/p>\n<p>Abrazamos y acompa\u00f1amos a la familia de Joaqu\u00edn en estos dif\u00edciles momentos.<\/p>\n<p>&nbsp;<\/p>\n","protected":false},"excerpt":{"rendered":"<p>Desde la Mesa Provincial de Trabajo por los Derechos Humanos C\u00f3rdoba, repudiamos el accionar violento de la polic\u00eda de la provincia de C\u00f3rdoba que termin\u00f3 asesinando a Joaqu\u00edn Paredes de 15 a\u00f1os, en la localidad de Paso Viejo en el noroeste provincial. En la madrugada de este domingo 25 de octubre, un grupo de j\u00f3venes [&hellip;]<\/p>\n","protected":false},"author":7,"featured_media":22556,"comment_status":"open","ping_status":"open","sticky":true,"template":"","format":"standard","meta":{"_exactmetrics_skip_tracking":false,"_exactmetrics_sitenote_active":false,"_exactmetrics_sitenote_note":"","_exactmetrics_sitenote_category":0,"jnews-multi-image_gallery":[],"jnews_single_post":{"source_name":"","source_url":"","via_name":"","via_url":"","override_template":"0","override":[{"template":"1","single_blog_custom":"","parallax":"1","fullscreen":"0","layout":"right-sidebar","sidebar":"default-sidebar","second_sidebar":"default-sidebar","sticky_sidebar":"1","share_position":"top","share_float_style":"share-monocrhome","show_share_counter":"1","show_view_counter":"1","show_featured":"1","show_post_meta":"1","show_post_author":"1","show_post_author_image":"1","show_post_date":"1","post_date_format":"default","post_date_format_custom":"Y\/m\/d","show_post_category":"1","show_post_reading_time":"0","post_reading_time_wpm":"300","show_zoom_button":"0","zoom_button_out_step":"2","zoom_button_in_step":"3","show_post_tag":"1","show_prev_next_post":"1","show_popup_post":"1","number_popup_post":"1","show_author_box":"0","show_post_related":"0","show_inline_post_related":"0"}],"override_image_size":"0","image_override":[{"single_post_thumbnail_size":"crop-500","single_post_gallery_size":"crop-500"}],"trending_post":"0","trending_post_position":"meta","trending_post_label":"Trending","sponsored_post":"0","sponsored_post_label":"Sponsored by","sponsored_post_name":"","sponsored_post_url":"","sponsored_post_logo_enable":"0","sponsored_post_logo":"","sponsored_post_desc":""},"jnews_primary_category":{"id":""},"jnews_social_meta":{"fb_title":"","fb_description":"","fb_image":"","twitter_title":"","twitter_description":"","twitter_image":""},"jnews_review":[],"enable_review":"0","type":"percentage","name":"","summary":"","brand":"","sku":"","good":[{"good_text":""}],"bad":[{"bad_text":""}],"score_override":"","override_value":"","rating":[{"rating_text":"","rating_number":"10"}],"price":[{"shop":"","price":"","link":"","icon":""}],"jnews_override_counter":{"override_view_counter":"0","view_counter_number":"0","override_share_counter":"0","share_counter_number":"0","override_like_counter":"0","like_counter_number":"0","override_dislike_counter":"0","dislike_counter_number":"0"},"jnews_post_split":{"enable_post_split":"0","post_split":[{"template":"1","tag":"h2","numbering":"asc","mode":"normal"}]},"footnotes":""},"categories":[10,122],"tags":[635],"class_list":["post-22555","post","type-post","status-publish","format-standard","has-post-thumbnail","hentry","category-accion-politica","category-ddhh","tag-gatillo-facil"],"jetpack_featured_media_url":"https:\/\/atecordoba.org\/wp-content\/uploads\/2020\/10\/joaquin-paredes-paso-viejo2.jpg","_links":{"self":[{"href":"https:\/\/atecordoba.org\/index.php?rest_route=\/wp\/v2\/posts\/22555","targetHints":{"allow":["GET"]}}],"collection":[{"href":"https:\/\/atecordoba.org\/index.php?rest_route=\/wp\/v2\/posts"}],"about":[{"href":"https:\/\/atecordoba.org\/index.php?rest_route=\/wp\/v2\/types\/post"}],"author":[{"embeddable":true,"href":"https:\/\/atecordoba.org\/index.php?rest_route=\/wp\/v2\/users\/7"}],"replies":[{"embeddable":true,"href":"https:\/\/atecordoba.org\/index.php?rest_route=%2Fwp%2Fv2%2Fcomments&post=22555"}],"version-history":[{"count":1,"href":"https:\/\/atecordoba.org\/index.php?rest_route=\/wp\/v2\/posts\/22555\/revisions"}],"predecessor-version":[{"id":22557,"href":"https:\/\/atecordoba.org\/index.php?rest_route=\/wp\/v2\/posts\/22555\/revisions\/22557"}],"wp:featuredmedia":[{"embeddable":true,"href":"https:\/\/atecordoba.org\/index.php?rest_route=\/wp\/v2\/media\/22556"}],"wp:attachment":[{"href":"https:\/\/atecordoba.org\/index.php?rest_route=%2Fwp%2Fv2%2Fmedia&parent=22555"}],"wp:term":[{"taxonomy":"category","embeddable":true,"href":"https:\/\/atecordoba.org\/index.php?rest_route=%2Fwp%2Fv2%2Fcategories&post=22555"},{"taxonomy":"post_tag","embeddable":true,"href":"https:\/\/atecordoba.org\/index.php?rest_route=%2Fwp%2Fv2%2Ftags&post=22555"}],"curies":[{"name":"wp","href":"https:\/\/api.w.org\/{rel}","templated":true}]}}