{"id":22551,"date":"2020-10-27T11:36:58","date_gmt":"2020-10-27T14:36:58","guid":{"rendered":"https:\/\/atecordoba.org\/?p=22551"},"modified":"2020-10-27T11:36:58","modified_gmt":"2020-10-27T14:36:58","slug":"cuatro-bloques-legislativos-toman-el-reclamo-de-ate-por-mas-personal-para-los-equipos-de-salud","status":"publish","type":"post","link":"https:\/\/atecordoba.org\/?p=22551","title":{"rendered":"Cuatro bloques legislativos toman el reclamo de ATE por m\u00e1s personal para los equipos de salud"},"content":{"rendered":"<p><img loading=\"lazy\" decoding=\"async\" class=\"wp-image-22553 aligncenter\" src=\"https:\/\/atecordoba.org\/wp-content\/uploads\/2020\/10\/legisltura-300x111.jpg\" alt=\"\" width=\"600\" height=\"222\" srcset=\"https:\/\/atecordoba.org\/wp-content\/uploads\/2020\/10\/legisltura-300x111.jpg 300w, https:\/\/atecordoba.org\/wp-content\/uploads\/2020\/10\/legisltura.jpg 369w\" sizes=\"auto, (max-width: 600px) 100vw, 600px\" \/>A partir de la iniciativa de ATE, reclamando que la Legislatura se involucre en los pedidos constantes desde hace meses para el nombramiento de m\u00e1s personal en el \u00e1mbito de los equipos de salud en el marco de la pandemia, cuatro bloques legislativos se comprometieron a elevar un pedido de informes al Gobierno de C\u00f3rdoba.<\/p>\n<p>En respuesta al planteo de ATE, los bloques de la UCR, ARI, Juntos por el Cambio y Encuentro Vecinal plantear\u00e1n a la gesti\u00f3n de Schiaretti que informe cu\u00e1ntas trabajadoras y trabajadores se encuentran cumpliendo funciones para atender la pandemia en el sistema de salud de C\u00f3rdoba, cu\u00e1nto de ese personal se encuentra de baja por licencia y cu\u00e1ntos son las y los compa\u00f1eros grupo de riesgo, y por lo tanto no concurren a trabajar. Se espera que en el transcurso de la tarde se sumen otros bloques a la iniciativa, requiriendo al Gobierno Provincial que d\u00e9 informaci\u00f3n concreta y fehaciente sobre la cantidad de personal que se encuentra disponible actualmente en la provincia.<\/p>\n<p>Vale recordar que a partir del mandato del plenario de delegados provinciales de los hospitales que se llev\u00f3 a cabo la<a href=\"https:\/\/atecordoba.org\/?p=22434\"> semana pasada<\/a>, ATE realiz\u00f3 ayer <a href=\"https:\/\/atecordoba.org\/?p=22524\">una presentaci\u00f3n en la Legislatura<\/a> basada en \u201cla hist\u00f3rica falta de personal en todos los Hospitales de la Provincia, agravada a partir del a\u00f1o 2017 atento que no fueron cubiertas las vacantes ni ingres\u00f3 nuevo personal\u201d.<\/p>\n<p>Por su parte, el pedido de informes plantear\u00e1 tambi\u00e9n saber si el personal que se haya sumado al plantel provincial de salud durante la pandemia est\u00e1 enmarcado en el Ley Ley 7625 de equipos de salud humana.<\/p>\n<p>A su vez, los legisladores interpelan al Ejecutivo porque &#8220;los equipos de salud de la provincia se encuentran colapsados, y al l\u00edmite de su capacidad f\u00edsica y profesional&#8221;, &#8220;los efectos de la pandemia han sido grav\u00edsimos en toda la sociedad, pero a\u00fan m\u00e1s en los equipos de salud, que est\u00e1n en la primera l\u00ednea de batalla arriesgando sus vidas en la lucha contra el Covid-19&#8221; y &#8220;hay que defender a nuestros trabajadores de la salud, a quienes debemos gratitud&#8221;.<\/p>\n<p>El pedido de informes completo.<\/p>\n<a href=\"https:\/\/atecordoba.org\/wp-content\/uploads\/2020\/10\/LA-LEGISLATURA-DE-LA-PROVINCIA-DE-CORDOBA-1.pdf\" class=\"pdfemb-viewer\" style=\"\" data-width=\"max\" data-height=\"max\" data-toolbar=\"bottom\" data-toolbar-fixed=\"off\">LA LEGISLATURA DE LA PROVINCIA DE CORDOBA (1)<\/a>\n<p>&nbsp;<\/p>\n","protected":false},"excerpt":{"rendered":"<p>A partir de la iniciativa de ATE, reclamando que la Legislatura se involucre en los pedidos constantes desde hace meses para el nombramiento de m\u00e1s personal en el \u00e1mbito de los equipos de salud en el marco de la pandemia, cuatro bloques legislativos se comprometieron a elevar un pedido de informes al Gobierno de C\u00f3rdoba. [&hellip;]<\/p>\n","protected":false},"author":7,"featured_media":22553,"comment_status":"open","ping_status":"open","sticky":true,"template":"","format":"standard","meta":{"_exactmetrics_skip_tracking":false,"_exactmetrics_sitenote_active":false,"_exactmetrics_sitenote_note":"","_exactmetrics_sitenote_category":0,"jnews-multi-image_gallery":[],"jnews_single_post":{"source_name":"","source_url":"","via_name":"","via_url":"","override_template":"0","override":[{"template":"1","single_blog_custom":"","parallax":"1","fullscreen":"0","layout":"right-sidebar","sidebar":"default-sidebar","second_sidebar":"default-sidebar","sticky_sidebar":"1","share_position":"top","share_float_style":"share-monocrhome","show_share_counter":"1","show_view_counter":"1","show_featured":"1","show_post_meta":"1","show_post_author":"1","show_post_author_image":"1","show_post_date":"1","post_date_format":"default","post_date_format_custom":"Y\/m\/d","show_post_category":"1","show_post_reading_time":"0","post_reading_time_wpm":"300","show_zoom_button":"0","zoom_button_out_step":"2","zoom_button_in_step":"3","show_post_tag":"1","show_prev_next_post":"1","show_popup_post":"1","number_popup_post":"1","show_author_box":"0","show_post_related":"0","show_inline_post_related":"0"}],"override_image_size":"0","image_override":[{"single_post_thumbnail_size":"crop-500","single_post_gallery_size":"crop-500"}],"trending_post":"0","trending_post_position":"meta","trending_post_label":"Trending","sponsored_post":"0","sponsored_post_label":"Sponsored by","sponsored_post_name":"","sponsored_post_url":"","sponsored_post_logo_enable":"0","sponsored_post_logo":"","sponsored_post_desc":""},"jnews_primary_category":{"id":""},"jnews_social_meta":{"fb_title":"","fb_description":"","fb_image":"","twitter_title":"","twitter_description":"","twitter_image":""},"jnews_review":[],"enable_review":"0","type":"percentage","name":"","summary":"","brand":"","sku":"","good":[{"good_text":""}],"bad":[{"bad_text":""}],"score_override":"","override_value":"","rating":[{"rating_text":"","rating_number":"10"}],"price":[{"shop":"","price":"","link":"","icon":""}],"jnews_override_counter":{"override_view_counter":"0","view_counter_number":"0","override_share_counter":"0","share_counter_number":"0","override_like_counter":"0","like_counter_number":"0","override_dislike_counter":"0","dislike_counter_number":"0"},"jnews_post_split":{"enable_post_split":"0","post_split":[{"template":"1","tag":"h2","numbering":"asc","mode":"normal"}]},"footnotes":""},"categories":[341,104,8],"tags":[634,633],"class_list":["post-22551","post","type-post","status-publish","format-standard","has-post-thumbnail","hentry","category-cdp","category-departamento-de-salud","category-provinciales","tag-bloques-de-la-oposicion","tag-pedido-de-informes"],"jetpack_featured_media_url":"https:\/\/atecordoba.org\/wp-content\/uploads\/2020\/10\/legisltura.jpg","_links":{"self":[{"href":"https:\/\/atecordoba.org\/index.php?rest_route=\/wp\/v2\/posts\/22551","targetHints":{"allow":["GET"]}}],"collection":[{"href":"https:\/\/atecordoba.org\/index.php?rest_route=\/wp\/v2\/posts"}],"about":[{"href":"https:\/\/atecordoba.org\/index.php?rest_route=\/wp\/v2\/types\/post"}],"author":[{"embeddable":true,"href":"https:\/\/atecordoba.org\/index.php?rest_route=\/wp\/v2\/users\/7"}],"replies":[{"embeddable":true,"href":"https:\/\/atecordoba.org\/index.php?rest_route=%2Fwp%2Fv2%2Fcomments&post=22551"}],"version-history":[{"count":1,"href":"https:\/\/atecordoba.org\/index.php?rest_route=\/wp\/v2\/posts\/22551\/revisions"}],"predecessor-version":[{"id":22554,"href":"https:\/\/atecordoba.org\/index.php?rest_route=\/wp\/v2\/posts\/22551\/revisions\/22554"}],"wp:featuredmedia":[{"embeddable":true,"href":"https:\/\/atecordoba.org\/index.php?rest_route=\/wp\/v2\/media\/22553"}],"wp:attachment":[{"href":"https:\/\/atecordoba.org\/index.php?rest_route=%2Fwp%2Fv2%2Fmedia&parent=22551"}],"wp:term":[{"taxonomy":"category","embeddable":true,"href":"https:\/\/atecordoba.org\/index.php?rest_route=%2Fwp%2Fv2%2Fcategories&post=22551"},{"taxonomy":"post_tag","embeddable":true,"href":"https:\/\/atecordoba.org\/index.php?rest_route=%2Fwp%2Fv2%2Ftags&post=22551"}],"curies":[{"name":"wp","href":"https:\/\/api.w.org\/{rel}","templated":true}]}}