{"id":22547,"date":"2020-10-27T10:06:24","date_gmt":"2020-10-27T13:06:24","guid":{"rendered":"https:\/\/atecordoba.org\/?p=22547"},"modified":"2020-10-27T10:06:24","modified_gmt":"2020-10-27T13:06:24","slug":"municipales-ate-rio-tercero-acordo-un-8-de-aumento-de-haberes-en-san-agustin","status":"publish","type":"post","link":"https:\/\/atecordoba.org\/?p=22547","title":{"rendered":"Municipales: ATE Rio Tercero acord\u00f3 un 8% de aumento de haberes en San Agust\u00edn"},"content":{"rendered":"<p><img loading=\"lazy\" decoding=\"async\" class=\" wp-image-22548 aligncenter\" src=\"https:\/\/atecordoba.org\/wp-content\/uploads\/2020\/10\/san-agustin-paritaria-300x169.jpg\" alt=\"\" width=\"602\" height=\"339\" srcset=\"https:\/\/atecordoba.org\/wp-content\/uploads\/2020\/10\/san-agustin-paritaria-300x169.jpg 300w, https:\/\/atecordoba.org\/wp-content\/uploads\/2020\/10\/san-agustin-paritaria.jpg 552w\" sizes=\"auto, (max-width: 602px) 100vw, 602px\" \/>El pasado 16 de Octubre se reuni\u00f3 la mesa paritaria municipal en la localidad de San Agust\u00edn, donde la seccional ATE R\u00edo Tercero avanz\u00f3 en un acuerdo con el intendente Iv\u00e1n Ortega para que las y los trabajadores del sector obtengan un incremento salarial del 8 % para los salarios de octubre, conformando un acumulado para el a\u00f1o 2020 del 20%.<\/p>\n<p>A solicitud de ATE el intendente Ortega se comprometi\u00f3 en mejorar ese porcentaje en una nueva reuni\u00f3n a finales del mes de noviembre como as\u00ed tambi\u00e9n establecer un proceso de regularizaci\u00f3n de una suma no remunerativa a partir del 2021.<\/p>\n<p>Este aumento, al igual que los anteriores, tambi\u00e9n alcanza a todos los trabajadores jornalizados. Tambi\u00e9n se acord\u00f3 que a partir del mes de noviembre se iniciar\u00e1 un proceso de pases a contratos municipales, de manera gradual con el objetivo de poner fin a la figura de jornaleros o becados.<\/p>\n<p>\u201cSomos conscientes de las dificultades que nos impone la pandemia, la discusi\u00f3n salarial es muy compleja en estas circunstancias pero la realidad es que los trabajadores municipales necesitan, como todos los trabajadores en general, un aumento salarial de acuerdo a la inflaci\u00f3n. \u00a0Nuestra visi\u00f3n es integral y profundamente solidaria por eso resaltamos el compromiso del intendente de avanzar en pases a planta permanente, discutir salarios nuevamente y la entrega de la \u00a0ropa de trabajo para los pr\u00f3ximos d\u00edas\u201d, resumi\u00f3 el secretario General de ATE R\u00edo Tercero, Dami\u00e1n Albornoz.<\/p>\n<p>De la reuni\u00f3n tambi\u00e9n participaron el secretario Gremial de la seccional, David Salto, el Progremial, Roberto Sosa, y el delegado municipal, Victor Tisera.<\/p>\n","protected":false},"excerpt":{"rendered":"<p>El pasado 16 de Octubre se reuni\u00f3 la mesa paritaria municipal en la localidad de San Agust\u00edn, donde la seccional ATE R\u00edo Tercero avanz\u00f3 en un acuerdo con el intendente Iv\u00e1n Ortega para que las y los trabajadores del sector obtengan un incremento salarial del 8 % para los salarios de octubre, conformando un acumulado [&hellip;]<\/p>\n","protected":false},"author":7,"featured_media":22548,"comment_status":"open","ping_status":"open","sticky":true,"template":"","format":"standard","meta":{"_exactmetrics_skip_tracking":false,"_exactmetrics_sitenote_active":false,"_exactmetrics_sitenote_note":"","_exactmetrics_sitenote_category":0,"jnews-multi-image_gallery":[],"jnews_single_post":{"source_name":"","source_url":"","via_name":"","via_url":"","override_template":"0","override":[{"template":"1","single_blog_custom":"","parallax":"1","fullscreen":"0","layout":"right-sidebar","sidebar":"default-sidebar","second_sidebar":"default-sidebar","sticky_sidebar":"1","share_position":"top","share_float_style":"share-monocrhome","show_share_counter":"1","show_view_counter":"1","show_featured":"1","show_post_meta":"1","show_post_author":"1","show_post_author_image":"1","show_post_date":"1","post_date_format":"default","post_date_format_custom":"Y\/m\/d","show_post_category":"1","show_post_reading_time":"0","post_reading_time_wpm":"300","show_zoom_button":"0","zoom_button_out_step":"2","zoom_button_in_step":"3","show_post_tag":"1","show_prev_next_post":"1","show_popup_post":"1","number_popup_post":"1","show_author_box":"0","show_post_related":"0","show_inline_post_related":"0"}],"override_image_size":"0","image_override":[{"single_post_thumbnail_size":"crop-500","single_post_gallery_size":"crop-500"}],"trending_post":"0","trending_post_position":"meta","trending_post_label":"Trending","sponsored_post":"0","sponsored_post_label":"Sponsored by","sponsored_post_name":"","sponsored_post_url":"","sponsored_post_logo_enable":"0","sponsored_post_logo":"","sponsored_post_desc":""},"jnews_primary_category":{"id":""},"jnews_social_meta":{"fb_title":"","fb_description":"","fb_image":"","twitter_title":"","twitter_description":"","twitter_image":""},"jnews_review":[],"enable_review":"0","type":"percentage","name":"","summary":"","brand":"","sku":"","good":[{"good_text":""}],"bad":[{"bad_text":""}],"score_override":"","override_value":"","rating":[{"rating_text":"","rating_number":"10"}],"price":[{"shop":"","price":"","link":"","icon":""}],"jnews_override_counter":{"override_view_counter":"0","view_counter_number":"0","override_share_counter":"0","share_counter_number":"0","override_like_counter":"0","like_counter_number":"0","override_dislike_counter":"0","dislike_counter_number":"0"},"jnews_post_split":{"enable_post_split":"0","post_split":[{"template":"1","tag":"h2","numbering":"asc","mode":"normal"}]},"footnotes":""},"categories":[20,13,34],"tags":[385,445],"class_list":["post-22547","post","type-post","status-publish","format-standard","has-post-thumbnail","hentry","category-municipales","category-rio-tercero","category-seccionales","tag-aumento-salarial","tag-san-agustin"],"jetpack_featured_media_url":"https:\/\/atecordoba.org\/wp-content\/uploads\/2020\/10\/san-agustin-paritaria.jpg","_links":{"self":[{"href":"https:\/\/atecordoba.org\/index.php?rest_route=\/wp\/v2\/posts\/22547","targetHints":{"allow":["GET"]}}],"collection":[{"href":"https:\/\/atecordoba.org\/index.php?rest_route=\/wp\/v2\/posts"}],"about":[{"href":"https:\/\/atecordoba.org\/index.php?rest_route=\/wp\/v2\/types\/post"}],"author":[{"embeddable":true,"href":"https:\/\/atecordoba.org\/index.php?rest_route=\/wp\/v2\/users\/7"}],"replies":[{"embeddable":true,"href":"https:\/\/atecordoba.org\/index.php?rest_route=%2Fwp%2Fv2%2Fcomments&post=22547"}],"version-history":[{"count":1,"href":"https:\/\/atecordoba.org\/index.php?rest_route=\/wp\/v2\/posts\/22547\/revisions"}],"predecessor-version":[{"id":22549,"href":"https:\/\/atecordoba.org\/index.php?rest_route=\/wp\/v2\/posts\/22547\/revisions\/22549"}],"wp:featuredmedia":[{"embeddable":true,"href":"https:\/\/atecordoba.org\/index.php?rest_route=\/wp\/v2\/media\/22548"}],"wp:attachment":[{"href":"https:\/\/atecordoba.org\/index.php?rest_route=%2Fwp%2Fv2%2Fmedia&parent=22547"}],"wp:term":[{"taxonomy":"category","embeddable":true,"href":"https:\/\/atecordoba.org\/index.php?rest_route=%2Fwp%2Fv2%2Fcategories&post=22547"},{"taxonomy":"post_tag","embeddable":true,"href":"https:\/\/atecordoba.org\/index.php?rest_route=%2Fwp%2Fv2%2Ftags&post=22547"}],"curies":[{"name":"wp","href":"https:\/\/api.w.org\/{rel}","templated":true}]}}