{"id":22524,"date":"2020-10-26T16:49:14","date_gmt":"2020-10-26T19:49:14","guid":{"rendered":"https:\/\/atecordoba.org\/?p=22524"},"modified":"2020-11-03T16:04:37","modified_gmt":"2020-11-03T19:04:37","slug":"ate-lleva-la-pelea-de-salud-a-la-legislatura-de-la-provincia-de-cordoba","status":"publish","type":"post","link":"https:\/\/atecordoba.org\/?p=22524","title":{"rendered":"ATE C\u00f3rdoba lleva la pelea de salud a la Legislatura de la Provincia"},"content":{"rendered":"<p><img loading=\"lazy\" decoding=\"async\" class=\"wp-image-22533 aligncenter\" src=\"https:\/\/atecordoba.org\/wp-content\/uploads\/2020\/10\/Legislatura-300x200.jpg\" alt=\"\" width=\"782\" height=\"521\" srcset=\"https:\/\/atecordoba.org\/wp-content\/uploads\/2020\/10\/Legislatura-300x200.jpg 300w, https:\/\/atecordoba.org\/wp-content\/uploads\/2020\/10\/Legislatura-1024x682.jpg 1024w, https:\/\/atecordoba.org\/wp-content\/uploads\/2020\/10\/Legislatura-768x512.jpg 768w, https:\/\/atecordoba.org\/wp-content\/uploads\/2020\/10\/Legislatura-750x500.jpg 750w, https:\/\/atecordoba.org\/wp-content\/uploads\/2020\/10\/Legislatura-1140x760.jpg 1140w, https:\/\/atecordoba.org\/wp-content\/uploads\/2020\/10\/Legislatura.jpg 1280w\" sizes=\"auto, (max-width: 782px) 100vw, 782px\" \/><\/p>\n<p>El \u00faltimo Plenario de Trabajadoras y Trabajadores Provinciales -realizado el pasado mi\u00e9rcoles- hab\u00eda mandatado\u00a0 a la Conducci\u00f3n Provincial, entre otros puntos, a solicitar a la Legislatura que arbitre los medios necesarios para que el Poder Ejecutivo Provincial informe sobre el funcionamiento del sistema de salud en general y sobre la cantidad total de trabajadoras y trabajadores del sistema sanitario cordob\u00e9s . El pedido se realiza habida cuenta de &#8220;la hist\u00f3rica falta de personal en todos los Hospitales de la Provincia, agravada a partir del a\u00f1o 2017 atento que no fueron cubiertas las vacantes ni ingres\u00f3 nuevo personal&#8221;, seg\u00fan expresa la nota presentada esta ma\u00f1ana en la Legislatura de C\u00f3rdoba (y que puede leerse <a href=\"https:\/\/atecordoba.org\/wp-content\/uploads\/2020\/10\/26-10-Legislatura-salud.pdf\" target=\"_blank\" rel=\"noopener noreferrer\">aqu\u00ed<\/a>). La misiva, adem\u00e1s, fue presentada y discutida con 4 bloques legislativos en el transcurso del d\u00eda de hoy &#8220;y ser\u00e1 discutida con todos quienes crean que la situaci\u00f3n sanitaria en la Provincia es prioritaria y no puede esperar m\u00e1s ante las continuas dilaciones del Ejecutivo Provincial&#8221;, expresaron desde ATE.<\/p>\n<p><img loading=\"lazy\" decoding=\"async\" class=\" wp-image-22528 alignright\" src=\"https:\/\/atecordoba.org\/wp-content\/uploads\/2020\/10\/WhatsApp-Image-2020-10-26-at-15.59.15-225x300.jpeg\" alt=\"\" width=\"421\" height=\"561\" srcset=\"https:\/\/atecordoba.org\/wp-content\/uploads\/2020\/10\/WhatsApp-Image-2020-10-26-at-15.59.15-225x300.jpeg 225w, https:\/\/atecordoba.org\/wp-content\/uploads\/2020\/10\/WhatsApp-Image-2020-10-26-at-15.59.15-768x1024.jpeg 768w, https:\/\/atecordoba.org\/wp-content\/uploads\/2020\/10\/WhatsApp-Image-2020-10-26-at-15.59.15-750x1000.jpeg 750w, https:\/\/atecordoba.org\/wp-content\/uploads\/2020\/10\/WhatsApp-Image-2020-10-26-at-15.59.15.jpeg 774w\" sizes=\"auto, (max-width: 421px) 100vw, 421px\" \/><\/p>\n<p>Al pedido, adem\u00e1s, se le anexar\u00e1n &#8220;las firmas que desde ATE estamos recolectando entre nosotros y nosotras y hacia la comunidad de usuarios y usuarias, en apoyo a las trabajadoras y trabajadores de la salud extenuados y hartos del destrato de un Gobierno Provincial que solo tiene o\u00eddos para los sectores poderosos del agro y la timba de las finanzas y no para quienes d\u00eda a d\u00eda luchan para mantener sano a nuestro Pueblo&#8221;, expres\u00f3 Federico Giuliani, Secretario General de ATE C\u00f3rdoba, quien adelant\u00f3 que &#8220;en poco m\u00e1s de dos horas ya tenemos casi 400 avales al pedido de ATE&#8221;. Giuliani adelant\u00f3, adem\u00e1s, que &#8220;todas aquellas personas que deseen acompa\u00f1ar el reclamo deber\u00e1n firmar una peque\u00f1a planilla de manera virtual que est\u00e1 disponible en todos los medios de comunicaci\u00f3n de nuestro sindicato&#8221; (click <a href=\"https:\/\/forms.gle\/qqsrgj3xiEdJgY3P8\" target=\"_blank\" rel=\"noopener noreferrer\">aqu\u00ed<\/a> para completar el formulario). &#8220;Vamos a seguir demostrando, esta vez a la Legislatura, que ATE es militancia, es lucha por un sistema y un Estado que nos contenga a quienes, con nuestro trabajo, sostenemos la vida en cada rinc\u00f3n de nuestra Provincia&#8221;.<\/p>\n<p>Entre otros puntos, la misiva que lleva las firmas del Secretario General de ATE C\u00f3rdoba, Federico Giuliani, del Secretario Adjunto, Hugo Dur\u00e1n y de m\u00e1s de 60 delegadas y delegados del sector salud provincial, hace referencia, tambi\u00e9n, a un aumento en la demanda de la atenci\u00f3n en la salud p\u00fablica por parte de la ciudadan\u00eda vista la ca\u00edda en la actividad que devino en que trabajadoras y trabajadores que hac\u00edan uso de su obra social y se dirig\u00edan a distintos establecimientos de salud privada, ahora no tienen otra opci\u00f3n que su atenci\u00f3n en el sistema p\u00fablico, aumentando la demanda, am\u00e9n de la situaci\u00f3n de pandemia en la que nos encontramos.<\/p>\n<p>Ello, sumado a la merma extra en la cantidad de trabajadores pertenecientes a &#8220;grupos de riesgo&#8221; en la actual situaci\u00f3n de pandemia (un 10% del total de trabajadoras y trabajadores); y a las licencias del personal afectado por diversas enfermedades de &#8220;corto tratamiento&#8221; &#8220;causadas por el stress laboral&#8221; de trabajadoras y trabajadores mal remunerados, soportando el peso de &#8220;ser esenciales&#8221; a la vez que buscan sortear las problem\u00e1ticas de movilidad ante los profundos problemas que el transporte tanto urbano como interurbano ha experimentado durante estos meses; todo ello ha devenido en la actual situaci\u00f3n cr\u00edtica sobre la cual ATE C\u00f3rdoba ha solicitado explicaciones y medidas urgentes innumerable cantidad de veces, hoy a trav\u00e9s de este pedido a la Unicameral cordobesa.<\/p>\n","protected":false},"excerpt":{"rendered":"<p>El \u00faltimo Plenario de Trabajadoras y Trabajadores Provinciales -realizado el pasado mi\u00e9rcoles- hab\u00eda mandatado\u00a0 a la Conducci\u00f3n Provincial, entre otros puntos, a solicitar a la Legislatura que arbitre los medios necesarios para que el Poder Ejecutivo Provincial informe sobre el funcionamiento del sistema de salud en general y sobre la cantidad total de trabajadoras y [&hellip;]<\/p>\n","protected":false},"author":3,"featured_media":22533,"comment_status":"open","ping_status":"open","sticky":false,"template":"","format":"standard","meta":{"_exactmetrics_skip_tracking":false,"_exactmetrics_sitenote_active":false,"_exactmetrics_sitenote_note":"","_exactmetrics_sitenote_category":0,"jnews-multi-image_gallery":[],"jnews_single_post":{"source_name":"","source_url":"","via_name":"","via_url":"","override_template":"0","override":[{"template":"1","single_blog_custom":"","parallax":"1","fullscreen":"0","layout":"right-sidebar","sidebar":"default-sidebar","second_sidebar":"default-sidebar","sticky_sidebar":"1","share_position":"top","share_float_style":"share-monocrhome","show_share_counter":"1","show_view_counter":"1","show_featured":"1","show_post_meta":"1","show_post_author":"1","show_post_author_image":"1","show_post_date":"1","post_date_format":"default","post_date_format_custom":"Y\/m\/d","show_post_category":"1","show_post_reading_time":"0","post_reading_time_wpm":"300","show_zoom_button":"0","zoom_button_out_step":"2","zoom_button_in_step":"3","show_post_tag":"1","show_prev_next_post":"1","show_popup_post":"1","number_popup_post":"1","show_author_box":"0","show_post_related":"0","show_inline_post_related":"0"}],"override_image_size":"0","image_override":[{"single_post_thumbnail_size":"crop-500","single_post_gallery_size":"crop-500"}],"trending_post":"0","trending_post_position":"meta","trending_post_label":"Trending","sponsored_post":"0","sponsored_post_label":"Sponsored by","sponsored_post_name":"","sponsored_post_url":"","sponsored_post_logo_enable":"0","sponsored_post_logo":"","sponsored_post_desc":""},"jnews_primary_category":{"id":""},"jnews_social_meta":{"fb_title":"","fb_description":"","fb_image":"","twitter_title":"","twitter_description":"","twitter_image":""},"jnews_review":[],"enable_review":"0","type":"percentage","name":"","summary":"","brand":"","sku":"","good":[{"good_text":""}],"bad":[{"bad_text":""}],"score_override":"","override_value":"","rating":[{"rating_text":"","rating_number":"10"}],"price":[{"shop":"","price":"","link":"","icon":""}],"jnews_override_counter":{"override_view_counter":"0","view_counter_number":"0","override_share_counter":"0","share_counter_number":"0","override_like_counter":"0","like_counter_number":"0","override_dislike_counter":"0","dislike_counter_number":"0"},"jnews_post_split":{"enable_post_split":"0","post_split":[{"template":"1","tag":"h2","numbering":"asc","mode":"normal"}]},"footnotes":""},"categories":[341,104,8],"tags":[],"class_list":["post-22524","post","type-post","status-publish","format-standard","has-post-thumbnail","hentry","category-cdp","category-departamento-de-salud","category-provinciales"],"jetpack_featured_media_url":"https:\/\/atecordoba.org\/wp-content\/uploads\/2020\/10\/Legislatura.jpg","_links":{"self":[{"href":"https:\/\/atecordoba.org\/index.php?rest_route=\/wp\/v2\/posts\/22524","targetHints":{"allow":["GET"]}}],"collection":[{"href":"https:\/\/atecordoba.org\/index.php?rest_route=\/wp\/v2\/posts"}],"about":[{"href":"https:\/\/atecordoba.org\/index.php?rest_route=\/wp\/v2\/types\/post"}],"author":[{"embeddable":true,"href":"https:\/\/atecordoba.org\/index.php?rest_route=\/wp\/v2\/users\/3"}],"replies":[{"embeddable":true,"href":"https:\/\/atecordoba.org\/index.php?rest_route=%2Fwp%2Fv2%2Fcomments&post=22524"}],"version-history":[{"count":3,"href":"https:\/\/atecordoba.org\/index.php?rest_route=\/wp\/v2\/posts\/22524\/revisions"}],"predecessor-version":[{"id":22779,"href":"https:\/\/atecordoba.org\/index.php?rest_route=\/wp\/v2\/posts\/22524\/revisions\/22779"}],"wp:featuredmedia":[{"embeddable":true,"href":"https:\/\/atecordoba.org\/index.php?rest_route=\/wp\/v2\/media\/22533"}],"wp:attachment":[{"href":"https:\/\/atecordoba.org\/index.php?rest_route=%2Fwp%2Fv2%2Fmedia&parent=22524"}],"wp:term":[{"taxonomy":"category","embeddable":true,"href":"https:\/\/atecordoba.org\/index.php?rest_route=%2Fwp%2Fv2%2Fcategories&post=22524"},{"taxonomy":"post_tag","embeddable":true,"href":"https:\/\/atecordoba.org\/index.php?rest_route=%2Fwp%2Fv2%2Ftags&post=22524"}],"curies":[{"name":"wp","href":"https:\/\/api.w.org\/{rel}","templated":true}]}}