{"id":22523,"date":"2020-10-26T16:22:20","date_gmt":"2020-10-26T19:22:20","guid":{"rendered":"https:\/\/atecordoba.org\/?p=22523"},"modified":"2020-10-26T16:24:46","modified_gmt":"2020-10-26T19:24:46","slug":"ate-repudia-a-legisladora-radical-que-pidio-por-los-falcon-verdes","status":"publish","type":"post","link":"https:\/\/atecordoba.org\/?p=22523","title":{"rendered":"ATE repudia a legisladora radical que pidi\u00f3 por &#8216;los falcon verdes&#8217;"},"content":{"rendered":"<p><img loading=\"lazy\" decoding=\"async\" class=\" wp-image-22525 aligncenter\" src=\"https:\/\/atecordoba.org\/wp-content\/uploads\/2020\/10\/falcon-300x187.png\" alt=\"\" width=\"557\" height=\"347\" srcset=\"https:\/\/atecordoba.org\/wp-content\/uploads\/2020\/10\/falcon-300x187.png 300w, https:\/\/atecordoba.org\/wp-content\/uploads\/2020\/10\/falcon.png 732w\" sizes=\"auto, (max-width: 557px) 100vw, 557px\" \/><\/p>\n<p>El Concejo Directivo Provincial (CDP) repudia los dichos de la legisladora radical Patricia de Ferrari, que reivindic\u00f3 la represi\u00f3n genocida de la dictadura al reclamar los tristemente c\u00e9lebres &#8216;falcon verdes&#8217; con que se relaciona a las bandas parapoliciales y paramilitares que secuestraron, torturaron, asesinaron y desaparecieron a miles de argentinos y argentinas, amen de robar 500 hijos de secuestrados y negarles su identidad.<\/p>\n<p>La representante de Laboulaye en la Legislatura se pregunt\u00f3 en un twitt si &#8220;falta mucho para que vuelvan los falcon verdes&#8221; en relaci\u00f3n al conflicto por un campo que envuelve a la familia del ex ministro macrista Luis Etchevere, y donde est\u00e1 involucrado el Movimiento Artigas que conduce el dirigente social Juan Grabois.<\/p>\n<p>El director del Departamento de DDHH, C\u00e9sar Theaux, reclam\u00f3 la renuncia de legisladora provincial antidemocr\u00e1tica, ya de De Ferrari que no est\u00e1 en condiciones de representar la democracia en C\u00f3rdoba y p\u00e9simo favor le hace a la Legislatura provincial al promover delitos de lesa humanidad, como los acontecidos durante la \u00faltima dictadura c\u00edvico militar que asol\u00f3 nuestro pa\u00eds, delitos ampliamente probados por los sentencias judiciales emitidas a lo largo y ancho de todo el pa\u00eds.<\/p>\n<p>No hay lugar en nuestra democracia para los que reivindican a genocidas y menos a\u00fan como legisladores. \u00bfCu\u00e1ntos estatales, cuantos trabajadores, cuantos ciudadanos, j\u00f3venes o adultos, hombres o mujeres comprometidos con nuestro pa\u00eds habr\u00e1n perdido la vida tras ser secuestrados en un flac\u00f3n verde como los que esta infame legisladora pretendi\u00f3 reivindicar?<\/p>\n<p>De Ferrari public\u00f3 el mensaje en su cuenta de twitter el viernes pasado y seguidamente lo borr\u00f3 de manera aun m\u00e1s pat\u00e9tica cuando su difusi\u00f3n gener\u00f3 un esc\u00e1ndalo, pero no pudo evitar el repudio generalizado.<\/p>\n<p>&nbsp;<\/p>\n","protected":false},"excerpt":{"rendered":"<p>El Concejo Directivo Provincial (CDP) repudia los dichos de la legisladora radical Patricia de Ferrari, que reivindic\u00f3 la represi\u00f3n genocida de la dictadura al reclamar los tristemente c\u00e9lebres &#8216;falcon verdes&#8217; con que se relaciona a las bandas parapoliciales y paramilitares que secuestraron, torturaron, asesinaron y desaparecieron a miles de argentinos y argentinas, amen de robar [&hellip;]<\/p>\n","protected":false},"author":7,"featured_media":22526,"comment_status":"open","ping_status":"open","sticky":true,"template":"","format":"standard","meta":{"_exactmetrics_skip_tracking":false,"_exactmetrics_sitenote_active":false,"_exactmetrics_sitenote_note":"","_exactmetrics_sitenote_category":0,"jnews-multi-image_gallery":[],"jnews_single_post":{"source_name":"","source_url":"","via_name":"","via_url":"","override_template":"0","override":[{"template":"1","single_blog_custom":"","parallax":"1","fullscreen":"0","layout":"right-sidebar","sidebar":"default-sidebar","second_sidebar":"default-sidebar","sticky_sidebar":"1","share_position":"top","share_float_style":"share-monocrhome","show_share_counter":"1","show_view_counter":"1","show_featured":"1","show_post_meta":"1","show_post_author":"1","show_post_author_image":"1","show_post_date":"1","post_date_format":"default","post_date_format_custom":"Y\/m\/d","show_post_category":"1","show_post_reading_time":"0","post_reading_time_wpm":"300","show_zoom_button":"0","zoom_button_out_step":"2","zoom_button_in_step":"3","show_post_tag":"1","show_prev_next_post":"1","show_popup_post":"1","number_popup_post":"1","show_author_box":"0","show_post_related":"0","show_inline_post_related":"0"}],"override_image_size":"0","image_override":[{"single_post_thumbnail_size":"crop-500","single_post_gallery_size":"crop-500"}],"trending_post":"0","trending_post_position":"meta","trending_post_label":"Trending","sponsored_post":"0","sponsored_post_label":"Sponsored by","sponsored_post_name":"","sponsored_post_url":"","sponsored_post_logo_enable":"0","sponsored_post_logo":"","sponsored_post_desc":""},"jnews_primary_category":{"id":""},"jnews_social_meta":{"fb_title":"","fb_description":"","fb_image":"","twitter_title":"","twitter_description":"","twitter_image":""},"jnews_review":[],"enable_review":"0","type":"percentage","name":"","summary":"","brand":"","sku":"","good":[{"good_text":""}],"bad":[{"bad_text":""}],"score_override":"","override_value":"","rating":[{"rating_text":"","rating_number":"10"}],"price":[{"shop":"","price":"","link":"","icon":""}],"jnews_override_counter":{"override_view_counter":"0","view_counter_number":"0","override_share_counter":"0","share_counter_number":"0","override_like_counter":"0","like_counter_number":"0","override_dislike_counter":"0","dislike_counter_number":"0"},"jnews_post_split":{"enable_post_split":"0","post_split":[{"template":"1","tag":"h2","numbering":"asc","mode":"normal"}]},"footnotes":""},"categories":[122],"tags":[],"class_list":["post-22523","post","type-post","status-publish","format-standard","has-post-thumbnail","hentry","category-ddhh"],"jetpack_featured_media_url":"https:\/\/atecordoba.org\/wp-content\/uploads\/2020\/10\/falcon-2.jpg","_links":{"self":[{"href":"https:\/\/atecordoba.org\/index.php?rest_route=\/wp\/v2\/posts\/22523","targetHints":{"allow":["GET"]}}],"collection":[{"href":"https:\/\/atecordoba.org\/index.php?rest_route=\/wp\/v2\/posts"}],"about":[{"href":"https:\/\/atecordoba.org\/index.php?rest_route=\/wp\/v2\/types\/post"}],"author":[{"embeddable":true,"href":"https:\/\/atecordoba.org\/index.php?rest_route=\/wp\/v2\/users\/7"}],"replies":[{"embeddable":true,"href":"https:\/\/atecordoba.org\/index.php?rest_route=%2Fwp%2Fv2%2Fcomments&post=22523"}],"version-history":[{"count":2,"href":"https:\/\/atecordoba.org\/index.php?rest_route=\/wp\/v2\/posts\/22523\/revisions"}],"predecessor-version":[{"id":22530,"href":"https:\/\/atecordoba.org\/index.php?rest_route=\/wp\/v2\/posts\/22523\/revisions\/22530"}],"wp:featuredmedia":[{"embeddable":true,"href":"https:\/\/atecordoba.org\/index.php?rest_route=\/wp\/v2\/media\/22526"}],"wp:attachment":[{"href":"https:\/\/atecordoba.org\/index.php?rest_route=%2Fwp%2Fv2%2Fmedia&parent=22523"}],"wp:term":[{"taxonomy":"category","embeddable":true,"href":"https:\/\/atecordoba.org\/index.php?rest_route=%2Fwp%2Fv2%2Fcategories&post=22523"},{"taxonomy":"post_tag","embeddable":true,"href":"https:\/\/atecordoba.org\/index.php?rest_route=%2Fwp%2Fv2%2Ftags&post=22523"}],"curies":[{"name":"wp","href":"https:\/\/api.w.org\/{rel}","templated":true}]}}