{"id":22508,"date":"2020-10-26T12:16:55","date_gmt":"2020-10-26T15:16:55","guid":{"rendered":"https:\/\/atecordoba.org\/?p=22508"},"modified":"2020-10-26T16:35:33","modified_gmt":"2020-10-26T19:35:33","slug":"pandemia-ate-profundiza-el-plan-de-lucha-en-los-hospitales-junto-a-la-multisectorial-de-la-salud","status":"publish","type":"post","link":"https:\/\/atecordoba.org\/?p=22508","title":{"rendered":"Pandemia: ATE profundiza el plan de lucha en los hospitales junto a la multisectorial de la salud"},"content":{"rendered":"<p><img loading=\"lazy\" decoding=\"async\" class=\" wp-image-22516 aligncenter\" src=\"https:\/\/atecordoba.org\/wp-content\/uploads\/2020\/10\/WhatsApp-Image-2020-09-21-at-11.31.48-300x225.jpeg\" alt=\"\" width=\"600\" height=\"450\" srcset=\"https:\/\/atecordoba.org\/wp-content\/uploads\/2020\/10\/WhatsApp-Image-2020-09-21-at-11.31.48-300x225.jpeg 300w, https:\/\/atecordoba.org\/wp-content\/uploads\/2020\/10\/WhatsApp-Image-2020-09-21-at-11.31.48-1024x768.jpeg 1024w, https:\/\/atecordoba.org\/wp-content\/uploads\/2020\/10\/WhatsApp-Image-2020-09-21-at-11.31.48-768x576.jpeg 768w, https:\/\/atecordoba.org\/wp-content\/uploads\/2020\/10\/WhatsApp-Image-2020-09-21-at-11.31.48-750x563.jpeg 750w, https:\/\/atecordoba.org\/wp-content\/uploads\/2020\/10\/WhatsApp-Image-2020-09-21-at-11.31.48.jpeg 1032w\" sizes=\"auto, (max-width: 600px) 100vw, 600px\" \/><\/p>\n<p>C\u00f3rdoba, 26 de octubre de 2020<\/p>\n<p><strong>En defensa de la salud y sus trabajadores, ahora m\u00e1s que nunca <\/strong><\/p>\n<p>Las organizaciones firmantes vemos con suma preocupaci\u00f3n la acuciante situaci\u00f3n epidemiol\u00f3gica de la Provincia y las pol\u00edticas gubernamentales provinciales, que favorecen la propagaci\u00f3n de los contagios. Observamos tambi\u00e9n que las autoridades no toman medidas eficaces y efectivas para cuidar la salud de las y los cordobeses ni tampoco a las y los trabajadores de la salud que debemos hacer frente a la pandemia y padecemos las consecuencias de esas pol\u00edticas.<\/p>\n<p>Ante esta realidad, las organizaciones firmantes declaramos: la exigencia laboral a la que ya ven\u00edamos sometidos, se vio agravada por la pandemia con su secuela de un alto y creciente n\u00famero de contagios entre el personal de trabajadores de la salud. Por la COVID-19 ya debemos lamentar m\u00e1s de una decena de compa\u00f1eros fallecidos. En esta situaci\u00f3n nos encontramos: cada d\u00eda menos personal, para atender a un n\u00famero de pacientes que crece.<\/p>\n<p>Como si esto fuera poco, junto a la pandemia nos enfrentamos diariamente a la falta de reconocimiento y destrato por parte del Estado empleador y las patronales del sector privado. Lejos de recibir reconocimiento por nuestra labor, padecemos todo tipo de ataques: imputaci\u00f3n a m\u00e9dicos por trabajar y contagiarse de Covid-19, robo a la Caja Provincial de Jubilaciones que nos condena a una vejez de miseria, paritarias absurdamente insuficientes y en c\u00f3modas cuotas,\u00a0 aprietes de todo tipo a los trabajadores de la salud. Tambi\u00e9n imponen m\u00e1s precarizaci\u00f3n laboral: por ejemplo, prolongando becas a los residentes en vez de contratarlos o incorporando personal por la contingencia con contratos temporales y salarios de miseria.<\/p>\n<p>En una de las provincias m\u00e1s ricas del pa\u00eds, los trabajadores de salud de C\u00f3rdoba somos hist\u00f3ricamente de los peores remunerados. Esto se debe al abandono del gobierno, con la complicidad de las conducciones sindicales que firman nuestras paritarias. Si la situaci\u00f3n salarial era ya grave, con el continuo e intenso proceso de inflaci\u00f3n y devaluaci\u00f3n que vive nuestro pa\u00eds no ha hecho m\u00e1s que empeorar. Para el gobierno provincial, la salud no es prioridad.<\/p>\n<p><strong>Por todo ello, nos proponemos avanzar en un plan de lucha provincial.<\/strong><\/p>\n<p>En esta situaci\u00f3n es indispensable sentar una clara posici\u00f3n y reclamar:<\/p>\n<ul>\n<li>Recomposici\u00f3n salarial urgente. Sin sumas en negro o no remunerativas.<\/li>\n<\/ul>\n<p>Por un b\u00e1sico inicial de 50.000 pesos .<\/p>\n<ul>\n<li>Pago del Adicional por Actividad en Unidades Cr\u00edticas (Decreto 690\/20) a todo el personal de salud<\/li>\n<li>Regulaci\u00f3n y aumento de honorarios por parte de APROSS.<\/li>\n<li>Basta de precarizaci\u00f3n laboral mediante contratos, monotributos, becas o pagos por cooperadora. Pase a planta de todas y todos los precarizados y residentes.<\/li>\n<li>Cumplimiento de las recategorizaciones y org\u00e1nicas establecidas por ley.<\/li>\n<li>Paritarias para el sector salud que posibiliten discutir de manera espec\u00edfica nuestra problem\u00e1tica<\/li>\n<li>Aumento de personal, atendiendo a la especificidad de las tareas. Incorporaci\u00f3n de personal con plenos derechos y salarios acordes a la tarea.<\/li>\n<li>Protocolos elaborados con participaci\u00f3n y control del personal para cuidarnos efectivamente. Provisi\u00f3n continua de EPP en cantidad y calidad suficiente.<\/li>\n<li>Establecimiento de la modalidad \u201cespejo\u201d en todas las instituciones, para reducir los riesgos de contagio.<\/li>\n<li>Licencias para todos los compa\u00f1eros y compa\u00f1eras que son parte de grupos de riesgo. Avanzar en las condiciones para eliminar el pluriempleo que incrementa el riesgo<\/li>\n<li>Testeo sistem\u00e1tico para coronavirus a todo el personal de salud.<\/li>\n<li>Unificaci\u00f3n de las leyes 7233 y 7625.<\/li>\n<li>Defensa del derecho del acceso a la salud y de la salud p\u00fablica<\/li>\n<li>Derogaci\u00f3n de la ley 10694 de ajuste jubilatorio.<\/li>\n<\/ul>\n<p><strong>Por todo lo planteado realizaremos\u00a0 una jornada de protesta provincial el mi\u00e9rcoles 4 y el 10 de noviembre un paro con asistencia a los lugares de trabajo, cese de tareas y movilizaci\u00f3n<\/strong>. Asimismo, los d\u00edas 29 y 30 se desarrollaran actividades de recuerdo y homenaje a los trabajadores de la salud fallecidos por Covid-19.<\/p>\n<p>Invitamos a las organizaciones que defienden a las y los trabajadores de salud y que a\u00fan no son parte a debatir y organizar juntos este reclamo que nos incumbe a todos y todas.<\/p>\n<p>En este dif\u00edcil momento llamamos a las autoridades gubernamentales a reflexionar, cambiar su actitud y abrir canales de di\u00e1logo para dar una respuesta a las necesidades que tenemos las y los trabajadores de salud que, hoy m\u00e1s que nunca, desarrollamos una tarea esencial.<\/p>\n<p>&nbsp;<\/p>\n<p><strong>Convocan: <\/strong><\/p>\n<p>M.A.C. &#8211; M\u00e9dicos Autoconvocados<\/p>\n<p>U.T.S. &#8211; Uni\u00f3n de Trabajadores de la Salud<\/p>\n<p>A.T.E. &#8211; Asociaci\u00f3n de Trabajadores del Estado<\/p>\n<p>FORO de Especialidades M\u00e9dicas de C\u00f3rdoba<\/p>\n<p>S.I.M.I.P. &#8211; Sindicato de M\u00e9dicos de Instituciones Privadas de la Ciudad de C\u00f3rdoba<\/p>\n<p>S.I.M.S.E.P &#8211; Sindicato de M\u00e9dicos de Servicios de Emergencias Privados de C\u00f3rdoba<\/p>\n<p>C.T.A. Aut\u00f3noma de la Provincia de C\u00f3rdoba<\/p>\n<p>C.T.A. &#8211; Aut\u00f3noma Regional C\u00f3rdoba<\/p>\n<p>Federaci\u00f3n Sindical de Profesionales de la Salud<\/p>\n<p>S.U.T.E.AG.E.P &#8211; Sindicato Unido de Trabajadores del Estado, Agencias y Empresas<\/p>\n<p>P\u00fablicas, C\u00f3rdoba<\/p>\n<p>Co.P.Pro.Bi &#8211;\u00a0 Colegio Profesional de Licenciados en Producci\u00f3n de Bio-Im\u00e1genes, T\u00e9cnicos Universitarios en Radiolog\u00eda y T\u00e9cnicos Superiores en Producci\u00f3n de Bio-Im\u00e1genes de la Provincia de C\u00f3rdoba.<\/p>\n<p>&nbsp;<\/p>\n","protected":false},"excerpt":{"rendered":"<p>C\u00f3rdoba, 26 de octubre de 2020 En defensa de la salud y sus trabajadores, ahora m\u00e1s que nunca Las organizaciones firmantes vemos con suma preocupaci\u00f3n la acuciante situaci\u00f3n epidemiol\u00f3gica de la Provincia y las pol\u00edticas gubernamentales provinciales, que favorecen la propagaci\u00f3n de los contagios. Observamos tambi\u00e9n que las autoridades no toman medidas eficaces y efectivas [&hellip;]<\/p>\n","protected":false},"author":7,"featured_media":22516,"comment_status":"open","ping_status":"open","sticky":false,"template":"","format":"standard","meta":{"_exactmetrics_skip_tracking":false,"_exactmetrics_sitenote_active":false,"_exactmetrics_sitenote_note":"","_exactmetrics_sitenote_category":0,"jnews-multi-image_gallery":[],"jnews_single_post":{"source_name":"","source_url":"","via_name":"","via_url":"","override_template":"0","override":[{"template":"1","single_blog_custom":"","parallax":"1","fullscreen":"0","layout":"right-sidebar","sidebar":"default-sidebar","second_sidebar":"default-sidebar","sticky_sidebar":"1","share_position":"top","share_float_style":"share-monocrhome","show_share_counter":"1","show_view_counter":"1","show_featured":"1","show_post_meta":"1","show_post_author":"1","show_post_author_image":"1","show_post_date":"1","post_date_format":"default","post_date_format_custom":"Y\/m\/d","show_post_category":"1","show_post_reading_time":"0","post_reading_time_wpm":"300","show_zoom_button":"0","zoom_button_out_step":"2","zoom_button_in_step":"3","show_post_tag":"1","show_prev_next_post":"1","show_popup_post":"1","number_popup_post":"1","show_author_box":"0","show_post_related":"0","show_inline_post_related":"0"}],"override_image_size":"0","image_override":[{"single_post_thumbnail_size":"crop-500","single_post_gallery_size":"crop-500"}],"trending_post":"0","trending_post_position":"meta","trending_post_label":"Trending","sponsored_post":"0","sponsored_post_label":"Sponsored by","sponsored_post_name":"","sponsored_post_url":"","sponsored_post_logo_enable":"0","sponsored_post_logo":"","sponsored_post_desc":""},"jnews_primary_category":{"id":""},"jnews_social_meta":{"fb_title":"","fb_description":"","fb_image":"","twitter_title":"","twitter_description":"","twitter_image":""},"jnews_review":[],"enable_review":"0","type":"percentage","name":"","summary":"","brand":"","sku":"","good":[{"good_text":""}],"bad":[{"bad_text":""}],"score_override":"","override_value":"","rating":[{"rating_text":"","rating_number":"10"}],"price":[{"shop":"","price":"","link":"","icon":""}],"jnews_override_counter":{"override_view_counter":"0","view_counter_number":"0","override_share_counter":"0","share_counter_number":"0","override_like_counter":"0","like_counter_number":"0","override_dislike_counter":"0","dislike_counter_number":"0"},"jnews_post_split":{"enable_post_split":"0","post_split":[{"template":"1","tag":"h2","numbering":"asc","mode":"normal"}]},"footnotes":""},"categories":[341,104,8],"tags":[476,618],"class_list":["post-22508","post","type-post","status-publish","format-standard","has-post-thumbnail","hentry","category-cdp","category-departamento-de-salud","category-provinciales","tag-equipos-de-salud","tag-plan-de-lucha"],"jetpack_featured_media_url":"https:\/\/atecordoba.org\/wp-content\/uploads\/2020\/10\/WhatsApp-Image-2020-09-21-at-11.31.48.jpeg","_links":{"self":[{"href":"https:\/\/atecordoba.org\/index.php?rest_route=\/wp\/v2\/posts\/22508","targetHints":{"allow":["GET"]}}],"collection":[{"href":"https:\/\/atecordoba.org\/index.php?rest_route=\/wp\/v2\/posts"}],"about":[{"href":"https:\/\/atecordoba.org\/index.php?rest_route=\/wp\/v2\/types\/post"}],"author":[{"embeddable":true,"href":"https:\/\/atecordoba.org\/index.php?rest_route=\/wp\/v2\/users\/7"}],"replies":[{"embeddable":true,"href":"https:\/\/atecordoba.org\/index.php?rest_route=%2Fwp%2Fv2%2Fcomments&post=22508"}],"version-history":[{"count":3,"href":"https:\/\/atecordoba.org\/index.php?rest_route=\/wp\/v2\/posts\/22508\/revisions"}],"predecessor-version":[{"id":22532,"href":"https:\/\/atecordoba.org\/index.php?rest_route=\/wp\/v2\/posts\/22508\/revisions\/22532"}],"wp:featuredmedia":[{"embeddable":true,"href":"https:\/\/atecordoba.org\/index.php?rest_route=\/wp\/v2\/media\/22516"}],"wp:attachment":[{"href":"https:\/\/atecordoba.org\/index.php?rest_route=%2Fwp%2Fv2%2Fmedia&parent=22508"}],"wp:term":[{"taxonomy":"category","embeddable":true,"href":"https:\/\/atecordoba.org\/index.php?rest_route=%2Fwp%2Fv2%2Fcategories&post=22508"},{"taxonomy":"post_tag","embeddable":true,"href":"https:\/\/atecordoba.org\/index.php?rest_route=%2Fwp%2Fv2%2Ftags&post=22508"}],"curies":[{"name":"wp","href":"https:\/\/api.w.org\/{rel}","templated":true}]}}