{"id":22503,"date":"2020-10-26T11:00:31","date_gmt":"2020-10-26T14:00:31","guid":{"rendered":"https:\/\/atecordoba.org\/?p=22503"},"modified":"2020-10-26T11:00:31","modified_gmt":"2020-10-26T14:00:31","slug":"municipales-mas-afiliados-y-afiliadas-se-suman-a-ate-en-morteros","status":"publish","type":"post","link":"https:\/\/atecordoba.org\/?p=22503","title":{"rendered":"Municipales: m\u00e1s afiliados y afiliadas se suman a ATE en Morteros"},"content":{"rendered":"<p><img loading=\"lazy\" decoding=\"async\" class=\" wp-image-22505 aligncenter\" src=\"https:\/\/atecordoba.org\/wp-content\/uploads\/2020\/10\/reunion-300x225.jpeg\" alt=\"\" width=\"600\" height=\"450\" srcset=\"https:\/\/atecordoba.org\/wp-content\/uploads\/2020\/10\/reunion-300x225.jpeg 300w, https:\/\/atecordoba.org\/wp-content\/uploads\/2020\/10\/reunion-1024x768.jpeg 1024w, https:\/\/atecordoba.org\/wp-content\/uploads\/2020\/10\/reunion-768x576.jpeg 768w, https:\/\/atecordoba.org\/wp-content\/uploads\/2020\/10\/reunion-750x563.jpeg 750w, https:\/\/atecordoba.org\/wp-content\/uploads\/2020\/10\/reunion-1140x855.jpeg 1140w, https:\/\/atecordoba.org\/wp-content\/uploads\/2020\/10\/reunion.jpeg 1280w\" sizes=\"auto, (max-width: 600px) 100vw, 600px\" \/>La semana pasada se concret\u00f3 una reuni\u00f3n con compa\u00f1eras y compa\u00f1eros municipales del hospital municipal la localidad de Morteros que dio como resultado nuevas afiliaciones a nuestro gremio, dando cuerpo al crecimiento sostenido de ATE en la representaci\u00f3n municipal en el Departamento San Justo.<\/p>\n<p>Tras la reuni\u00f3n, el compa\u00f1ero Mateo Carrizo, de ATE San Francisco, explic\u00f3 que &#8220;escuchamos la palabra de cada trabajador y trabajadora con el mismo reclamo: el maltrato y abuso de autoridad de parte del directivo del nosocomio y del Ejecutivo Municipal, la precariedad laboral, el pedido de aumento salarial, re categorizaci\u00f3n, reconocimiento laboral del personal pasante y la falta de representaci\u00f3n por parte del gremio local&#8221;.<img loading=\"lazy\" decoding=\"async\" class=\" wp-image-22506 alignright\" src=\"https:\/\/atecordoba.org\/wp-content\/uploads\/2020\/10\/reunion-2-300x225.jpeg\" alt=\"\" width=\"395\" height=\"296\" srcset=\"https:\/\/atecordoba.org\/wp-content\/uploads\/2020\/10\/reunion-2-300x225.jpeg 300w, https:\/\/atecordoba.org\/wp-content\/uploads\/2020\/10\/reunion-2-1024x768.jpeg 1024w, https:\/\/atecordoba.org\/wp-content\/uploads\/2020\/10\/reunion-2-768x576.jpeg 768w, https:\/\/atecordoba.org\/wp-content\/uploads\/2020\/10\/reunion-2-750x563.jpeg 750w, https:\/\/atecordoba.org\/wp-content\/uploads\/2020\/10\/reunion-2.jpeg 1040w\" sizes=\"auto, (max-width: 395px) 100vw, 395px\" \/><\/p>\n<p>En tal sentido, el dirigente se\u00f1al\u00f3 que &#8220;les comunicamos de nuestra parte la voluntad de representarlos como trabajadores ante la patronal, que somos un gremio nacional. Pero lo m\u00e1s importante est\u00e1 en ellos, en querer cambiar y unirse como trabajadores, afiliarse a ATE para poder representarlos como realmente corresponde. Las y los compa\u00f1eros quedaron muy conformes con nuestra propuesta y no dudaron en afiliarse&#8221;.<\/p>\n<p>Carrizo complet\u00f3 diciendo que en lo sucesivo &#8220;vamos a ir nuevamente a la Municipalidad de Morteros para una nueva reuni\u00f3n con el personal de corral\u00f3n municipal la semana entrante&#8221;. El compa\u00f1ero brindo precisiones ante la prensa local, que se interes\u00f3 por la presencia de ATE en la ciudad.<\/p>\n","protected":false},"excerpt":{"rendered":"<p>La semana pasada se concret\u00f3 una reuni\u00f3n con compa\u00f1eras y compa\u00f1eros municipales del hospital municipal la localidad de Morteros que dio como resultado nuevas afiliaciones a nuestro gremio, dando cuerpo al crecimiento sostenido de ATE en la representaci\u00f3n municipal en el Departamento San Justo. Tras la reuni\u00f3n, el compa\u00f1ero Mateo Carrizo, de ATE San Francisco, [&hellip;]<\/p>\n","protected":false},"author":7,"featured_media":22505,"comment_status":"open","ping_status":"open","sticky":true,"template":"","format":"standard","meta":{"_exactmetrics_skip_tracking":false,"_exactmetrics_sitenote_active":false,"_exactmetrics_sitenote_note":"","_exactmetrics_sitenote_category":0,"jnews-multi-image_gallery":[],"jnews_single_post":{"source_name":"","source_url":"","via_name":"","via_url":"","override_template":"0","override":[{"template":"1","single_blog_custom":"","parallax":"1","fullscreen":"0","layout":"right-sidebar","sidebar":"default-sidebar","second_sidebar":"default-sidebar","sticky_sidebar":"1","share_position":"top","share_float_style":"share-monocrhome","show_share_counter":"1","show_view_counter":"1","show_featured":"1","show_post_meta":"1","show_post_author":"1","show_post_author_image":"1","show_post_date":"1","post_date_format":"default","post_date_format_custom":"Y\/m\/d","show_post_category":"1","show_post_reading_time":"0","post_reading_time_wpm":"300","show_zoom_button":"0","zoom_button_out_step":"2","zoom_button_in_step":"3","show_post_tag":"1","show_prev_next_post":"1","show_popup_post":"1","number_popup_post":"1","show_author_box":"0","show_post_related":"0","show_inline_post_related":"0"}],"override_image_size":"0","image_override":[{"single_post_thumbnail_size":"crop-500","single_post_gallery_size":"crop-500"}],"trending_post":"0","trending_post_position":"meta","trending_post_label":"Trending","sponsored_post":"0","sponsored_post_label":"Sponsored by","sponsored_post_name":"","sponsored_post_url":"","sponsored_post_logo_enable":"0","sponsored_post_logo":"","sponsored_post_desc":""},"jnews_primary_category":{"id":""},"jnews_social_meta":{"fb_title":"","fb_description":"","fb_image":"","twitter_title":"","twitter_description":"","twitter_image":""},"jnews_review":[],"enable_review":"0","type":"percentage","name":"","summary":"","brand":"","sku":"","good":[{"good_text":""}],"bad":[{"bad_text":""}],"score_override":"","override_value":"","rating":[{"rating_text":"","rating_number":"10"}],"price":[{"shop":"","price":"","link":"","icon":""}],"jnews_override_counter":{"override_view_counter":"0","view_counter_number":"0","override_share_counter":"0","share_counter_number":"0","override_like_counter":"0","like_counter_number":"0","override_dislike_counter":"0","dislike_counter_number":"0"},"jnews_post_split":{"enable_post_split":"0","post_split":[{"template":"1","tag":"h2","numbering":"asc","mode":"normal"}]},"footnotes":""},"categories":[20,148,34,1],"tags":[630,629],"class_list":["post-22503","post","type-post","status-publish","format-standard","has-post-thumbnail","hentry","category-municipales","category-san-justo","category-seccionales","category-sin-categoria","tag-afiliaciones","tag-morteros"],"jetpack_featured_media_url":"https:\/\/atecordoba.org\/wp-content\/uploads\/2020\/10\/reunion.jpeg","_links":{"self":[{"href":"https:\/\/atecordoba.org\/index.php?rest_route=\/wp\/v2\/posts\/22503","targetHints":{"allow":["GET"]}}],"collection":[{"href":"https:\/\/atecordoba.org\/index.php?rest_route=\/wp\/v2\/posts"}],"about":[{"href":"https:\/\/atecordoba.org\/index.php?rest_route=\/wp\/v2\/types\/post"}],"author":[{"embeddable":true,"href":"https:\/\/atecordoba.org\/index.php?rest_route=\/wp\/v2\/users\/7"}],"replies":[{"embeddable":true,"href":"https:\/\/atecordoba.org\/index.php?rest_route=%2Fwp%2Fv2%2Fcomments&post=22503"}],"version-history":[{"count":2,"href":"https:\/\/atecordoba.org\/index.php?rest_route=\/wp\/v2\/posts\/22503\/revisions"}],"predecessor-version":[{"id":22507,"href":"https:\/\/atecordoba.org\/index.php?rest_route=\/wp\/v2\/posts\/22503\/revisions\/22507"}],"wp:featuredmedia":[{"embeddable":true,"href":"https:\/\/atecordoba.org\/index.php?rest_route=\/wp\/v2\/media\/22505"}],"wp:attachment":[{"href":"https:\/\/atecordoba.org\/index.php?rest_route=%2Fwp%2Fv2%2Fmedia&parent=22503"}],"wp:term":[{"taxonomy":"category","embeddable":true,"href":"https:\/\/atecordoba.org\/index.php?rest_route=%2Fwp%2Fv2%2Fcategories&post=22503"},{"taxonomy":"post_tag","embeddable":true,"href":"https:\/\/atecordoba.org\/index.php?rest_route=%2Fwp%2Fv2%2Ftags&post=22503"}],"curies":[{"name":"wp","href":"https:\/\/api.w.org\/{rel}","templated":true}]}}