{"id":22488,"date":"2020-10-26T10:23:47","date_gmt":"2020-10-26T13:23:47","guid":{"rendered":"https:\/\/atecordoba.org\/?p=22488"},"modified":"2020-10-26T10:24:31","modified_gmt":"2020-10-26T13:24:31","slug":"hospital-inundado-otra-muestra-de-pesimas-condiciones-de-trabajo-de-los-equipos-de-salud","status":"publish","type":"post","link":"https:\/\/atecordoba.org\/?p=22488","title":{"rendered":"Hospital inundado: otra muestra de p\u00e9simas condiciones de trabajo de los equipos de salud"},"content":{"rendered":"<p><img loading=\"lazy\" decoding=\"async\" class=\" wp-image-22497 aligncenter\" src=\"https:\/\/atecordoba.org\/wp-content\/uploads\/2020\/10\/elpidio-torres-5-300x162.png\" alt=\"\" width=\"600\" height=\"324\" srcset=\"https:\/\/atecordoba.org\/wp-content\/uploads\/2020\/10\/elpidio-torres-5-300x162.png 300w, https:\/\/atecordoba.org\/wp-content\/uploads\/2020\/10\/elpidio-torres-5-768x415.png 768w, https:\/\/atecordoba.org\/wp-content\/uploads\/2020\/10\/elpidio-torres-5-750x405.png 750w, https:\/\/atecordoba.org\/wp-content\/uploads\/2020\/10\/elpidio-torres-5.png 990w\" sizes=\"auto, (max-width: 600px) 100vw, 600px\" \/>El s\u00e1bado pasado <a href=\"https:\/\/www.lavoz.com.ar\/ciudadanos\/temporal-afecto-al-hospital-elpidio-torres\">se conoci\u00f3 como se llovi\u00f3<\/a> dentro del Hospital Elpidio Torres, tras las fuertes precipitaciones sucedidas en C\u00f3rdoba, dentro de las Unidades de Terapia Intensiva donde estaban internados pacientes Covid.<\/p>\n<p>Se trata de un centro de salud inaugurado recientemente con toda la pompa de la publicidad del gobierno de C\u00f3rdoba, donde se invierten millones de pesos para promover las pol\u00edticas oficiales y sus obras p\u00fablicas. Claramente, no es la primera vez que ese tipo de obras p\u00fablicas de la gesti\u00f3n del gobernador Schiaretti.<\/p>\n<div id='gallery_1' class='gallery galleryid-22488 gallery-columns-3 gallery-size-large'><figure class='gallery-item'>\n                <div class='gallery-icon landscape'>\n                    <a href='https:\/\/atecordoba.org\/wp-content\/uploads\/2020\/10\/elpidio-torres-4.png'><img loading=\"lazy\" decoding=\"async\" width=\"570\" height=\"531\" src=\"\" class=\"attachment-large size-large lazyload\" alt=\"\" data-src=\"https:\/\/atecordoba.org\/wp-content\/uploads\/2020\/10\/elpidio-torres-4.png\" data-sizes=\"auto\" data-srcset=\"https:\/\/atecordoba.org\/wp-content\/uploads\/2020\/10\/elpidio-torres-4.png 570w, https:\/\/atecordoba.org\/wp-content\/uploads\/2020\/10\/elpidio-torres-4-300x279.png 300w\" data-expand=\"700\" \/><\/a>\n                <\/div><\/figure><figure class='gallery-item'>\n                <div class='gallery-icon landscape'>\n                    <a href='https:\/\/atecordoba.org\/wp-content\/uploads\/2020\/10\/elpidio-torres-2.png'><img loading=\"lazy\" decoding=\"async\" width=\"570\" height=\"506\" src=\"\" class=\"attachment-large size-large lazyload\" alt=\"\" data-src=\"https:\/\/atecordoba.org\/wp-content\/uploads\/2020\/10\/elpidio-torres-2.png\" data-sizes=\"auto\" data-srcset=\"https:\/\/atecordoba.org\/wp-content\/uploads\/2020\/10\/elpidio-torres-2.png 570w, https:\/\/atecordoba.org\/wp-content\/uploads\/2020\/10\/elpidio-torres-2-300x266.png 300w\" data-expand=\"700\" \/><\/a>\n                <\/div><\/figure><figure class='gallery-item'>\n                <div class='gallery-icon landscape'>\n                    <a href='https:\/\/atecordoba.org\/wp-content\/uploads\/2020\/10\/elpidio-torres-1.png'><img loading=\"lazy\" decoding=\"async\" width=\"569\" height=\"542\" src=\"\" class=\"attachment-large size-large lazyload\" alt=\"\" data-src=\"https:\/\/atecordoba.org\/wp-content\/uploads\/2020\/10\/elpidio-torres-1.png\" data-sizes=\"auto\" data-srcset=\"https:\/\/atecordoba.org\/wp-content\/uploads\/2020\/10\/elpidio-torres-1.png 569w, https:\/\/atecordoba.org\/wp-content\/uploads\/2020\/10\/elpidio-torres-1-300x286.png 300w\" data-expand=\"700\" \/><\/a>\n                <\/div><\/figure><br style=\"clear: both\" \/>\n            <\/div>\n\n<p>La escueta respuesta oficial del Ministerio de Salud fue que &#8220;se corri\u00f3 vista a la empresa ejecutora de la obra, ya que el edificio se encuentra en garant\u00eda de construcci\u00f3n&#8221;.<\/p>\n<p>Lo sufrido este fin de semana es una clara muestra de las p\u00e9simas condiciones laborales donde las y los trabajadores deben desarrollar sus tareas, atendiendo a los pacientes que padecen Covid. Con p\u00e9simos salarios, falta de personal y desbordados f\u00edsica y emocionalmente, las y los trabajadores deben convivir adem\u00e1s con infraestructuras deficientes que ponen en riesgo la salud de pacientes y trabajadoras\/es.<\/p>\n<p>De la misma forma, las y los trabajadores del Hospital Domingo Funes denunciaron que un solo profesional debe atender 15 camas de terapia intensiva, cuando el protocolo indica que no deben superarse la atenci\u00f3n de cinco pacientes por profesional. Adem\u00e1s se denunci\u00f3 que en dicha terapia hay internados cinco compa\u00f1eros que cayeron enfermos cumpliendo con su tarea en la primera l\u00ednea de atenci\u00f3n.<\/p>\n<p>El Consejo Directivo Provincial de ATE reclama al gobierno provincial que atienda los reclamos de las y los trabajadores, que se vienen expresando p\u00fablicamente sin lograr respuestas hasta l momento, mientras las cifras de contagios y muertes se incrementan cada d\u00eda.<\/p>\n","protected":false},"excerpt":{"rendered":"<p>El s\u00e1bado pasado se conoci\u00f3 como se llovi\u00f3 dentro del Hospital Elpidio Torres, tras las fuertes precipitaciones sucedidas en C\u00f3rdoba, dentro de las Unidades de Terapia Intensiva donde estaban internados pacientes Covid. Se trata de un centro de salud inaugurado recientemente con toda la pompa de la publicidad del gobierno de C\u00f3rdoba, donde se invierten [&hellip;]<\/p>\n","protected":false},"author":7,"featured_media":22497,"comment_status":"open","ping_status":"open","sticky":true,"template":"","format":"standard","meta":{"_exactmetrics_skip_tracking":false,"_exactmetrics_sitenote_active":false,"_exactmetrics_sitenote_note":"","_exactmetrics_sitenote_category":0,"jnews-multi-image_gallery":[],"jnews_single_post":{"source_name":"","source_url":"","via_name":"","via_url":"","override_template":"0","override":[{"template":"1","single_blog_custom":"","parallax":"1","fullscreen":"0","layout":"right-sidebar","sidebar":"default-sidebar","second_sidebar":"default-sidebar","sticky_sidebar":"1","share_position":"top","share_float_style":"share-monocrhome","show_share_counter":"1","show_view_counter":"1","show_featured":"1","show_post_meta":"1","show_post_author":"1","show_post_author_image":"1","show_post_date":"1","post_date_format":"default","post_date_format_custom":"Y\/m\/d","show_post_category":"1","show_post_reading_time":"0","post_reading_time_wpm":"300","show_zoom_button":"0","zoom_button_out_step":"2","zoom_button_in_step":"3","show_post_tag":"1","show_prev_next_post":"1","show_popup_post":"1","number_popup_post":"1","show_author_box":"0","show_post_related":"0","show_inline_post_related":"0"}],"override_image_size":"0","image_override":[{"single_post_thumbnail_size":"crop-500","single_post_gallery_size":"crop-500"}],"trending_post":"0","trending_post_position":"meta","trending_post_label":"Trending","sponsored_post":"0","sponsored_post_label":"Sponsored by","sponsored_post_name":"","sponsored_post_url":"","sponsored_post_logo_enable":"0","sponsored_post_logo":"","sponsored_post_desc":""},"jnews_primary_category":{"id":""},"jnews_social_meta":{"fb_title":"","fb_description":"","fb_image":"","twitter_title":"","twitter_description":"","twitter_image":""},"jnews_review":[],"enable_review":"0","type":"percentage","name":"","summary":"","brand":"","sku":"","good":[{"good_text":""}],"bad":[{"bad_text":""}],"score_override":"","override_value":"","rating":[{"rating_text":"","rating_number":"10"}],"price":[{"shop":"","price":"","link":"","icon":""}],"jnews_override_counter":{"override_view_counter":"0","view_counter_number":"0","override_share_counter":"0","share_counter_number":"0","override_like_counter":"0","like_counter_number":"0","override_dislike_counter":"0","dislike_counter_number":"0"},"jnews_post_split":{"enable_post_split":"0","post_split":[{"template":"1","tag":"h2","numbering":"asc","mode":"normal"}]},"footnotes":""},"categories":[341,104,8],"tags":[628],"class_list":["post-22488","post","type-post","status-publish","format-standard","has-post-thumbnail","hentry","category-cdp","category-departamento-de-salud","category-provinciales","tag-hospital-inundado"],"jetpack_featured_media_url":"https:\/\/atecordoba.org\/wp-content\/uploads\/2020\/10\/elpidio-torres-5.png","_links":{"self":[{"href":"https:\/\/atecordoba.org\/index.php?rest_route=\/wp\/v2\/posts\/22488","targetHints":{"allow":["GET"]}}],"collection":[{"href":"https:\/\/atecordoba.org\/index.php?rest_route=\/wp\/v2\/posts"}],"about":[{"href":"https:\/\/atecordoba.org\/index.php?rest_route=\/wp\/v2\/types\/post"}],"author":[{"embeddable":true,"href":"https:\/\/atecordoba.org\/index.php?rest_route=\/wp\/v2\/users\/7"}],"replies":[{"embeddable":true,"href":"https:\/\/atecordoba.org\/index.php?rest_route=%2Fwp%2Fv2%2Fcomments&post=22488"}],"version-history":[{"count":1,"href":"https:\/\/atecordoba.org\/index.php?rest_route=\/wp\/v2\/posts\/22488\/revisions"}],"predecessor-version":[{"id":22498,"href":"https:\/\/atecordoba.org\/index.php?rest_route=\/wp\/v2\/posts\/22488\/revisions\/22498"}],"wp:featuredmedia":[{"embeddable":true,"href":"https:\/\/atecordoba.org\/index.php?rest_route=\/wp\/v2\/media\/22497"}],"wp:attachment":[{"href":"https:\/\/atecordoba.org\/index.php?rest_route=%2Fwp%2Fv2%2Fmedia&parent=22488"}],"wp:term":[{"taxonomy":"category","embeddable":true,"href":"https:\/\/atecordoba.org\/index.php?rest_route=%2Fwp%2Fv2%2Fcategories&post=22488"},{"taxonomy":"post_tag","embeddable":true,"href":"https:\/\/atecordoba.org\/index.php?rest_route=%2Fwp%2Fv2%2Ftags&post=22488"}],"curies":[{"name":"wp","href":"https:\/\/api.w.org\/{rel}","templated":true}]}}