{"id":22481,"date":"2020-10-23T14:53:06","date_gmt":"2020-10-23T17:53:06","guid":{"rendered":"https:\/\/atecordoba.org\/?p=22481"},"modified":"2020-12-03T11:49:13","modified_gmt":"2020-12-03T14:49:13","slug":"discapacidad-carta-abierta-al-jefe-de-gabinete-santiago-cafiero","status":"publish","type":"post","link":"https:\/\/atecordoba.org\/?p=22481","title":{"rendered":"Discapacidad: carta abierta al jefe de Gabinete Santiago Cafiero"},"content":{"rendered":"<p><img loading=\"lazy\" decoding=\"async\" class=\" wp-image-22486 alignleft\" src=\"https:\/\/atecordoba.org\/wp-content\/uploads\/2020\/10\/conf-prensa-cafiero-300x153.jpeg\" alt=\"\" width=\"475\" height=\"242\" srcset=\"https:\/\/atecordoba.org\/wp-content\/uploads\/2020\/10\/conf-prensa-cafiero-300x153.jpeg 300w, https:\/\/atecordoba.org\/wp-content\/uploads\/2020\/10\/conf-prensa-cafiero-1024x521.jpeg 1024w, https:\/\/atecordoba.org\/wp-content\/uploads\/2020\/10\/conf-prensa-cafiero-768x391.jpeg 768w, https:\/\/atecordoba.org\/wp-content\/uploads\/2020\/10\/conf-prensa-cafiero-750x381.jpeg 750w, https:\/\/atecordoba.org\/wp-content\/uploads\/2020\/10\/conf-prensa-cafiero.jpeg 1042w\" sizes=\"auto, (max-width: 475px) 100vw, 475px\" \/>Con la presencia del secretario General de ATE C\u00f3rdoba, Federico Giuliani, el lunes pr\u00f3ximo el Departamento de Discapacidad del Consejo Directivo Provincial realizar\u00e1 una conferencia de prensa para hacer p\u00fablica una carta dirigida la jefe de Gabinete del Gobierno Nacional, Santiago Cafiero, donde reclama la restituci\u00f3n de pol\u00edticas para las personas discapacitadas que fueron afectadas por el desguace de \u00e1reas del Estado que realiz\u00f3 el gobierno de Mauricio Macri.<\/p>\n<p>Entre otras cosas de profunda gravedad, la gesti\u00f3n macrista cajone\u00f3 170.000 expedientes de Pensiones No Contributivas (PNC) y dio de baja otras 120.000 pensiones que se estaban pagando hasta el 2017.<\/p>\n<p>La convocatoria es para las 9 horas en la sede de ATE R\u00edo Cuarto, San Mart\u00edn 374.<\/p>\n<p>La misiva completa:<\/p>\n<p><em>23 de octubre de 2020<\/em><\/p>\n<p style=\"text-align: center;\"><strong>Carta abierta al Sr. Jefe de Gabinete\u00a0 de Ministros de la Naci\u00f3n, Santiago Cafiero<\/strong><\/p>\n<p>Por Decreto de Necesidad y Urgencia DNU N\u00ba 698\/2017 del gobierno de Mauricio Macri se creaba lo que terminar\u00eda siendo una cascara vac\u00eda e inoperante denominada Agencia Nacional de Discapacidad (ANDIS): la creaci\u00f3n del organismo implic\u00f3 lisa y llanamente un ataque y ajuste regresivo y brutal del sistema de Pensiones no Contributivas. Para graficar lo dicho, vamos a poner en n\u00fameros las implicancias en el organismo en general y en el Programa de Pensiones no Contributivas (PNC), en particular:<\/p>\n<ul>\n<li>170.000 expedientes de Pensiones No Contributivas (PNC) cajoneados, sin resoluci\u00f3n en diferentes \u00e1reas de evaluaci\u00f3n desde el a\u00f1o 2015 hasta la actualidad.<\/li>\n<li>120.000 pensiones dadas de baja o suspendidas entre 2017\/2018.<\/li>\n<li>60 centros de Atenci\u00f3n en los Lugares (CAL) cerrados de manera definitiva -de un total de 80 centros preexistentes-.<\/li>\n<li>130 trabajadores\/as migrados de manera forzada desde ANDIS-PNC a otros organismos, en su mayor\u00eda ANSES, con tareas espec\u00edficas y horarios de ese organismo, cobrando en muchos casos 1\/3 un tercio del sueldo de su compa\u00f1ero\/a de ANSES, bajo convenio de prestaci\u00f3n de servicios y con contratos a t\u00e9rmino, precarios -algunos de ellos llevan m\u00e1s de 20 a\u00f1os (Art.9), y con vencimiento en diciembre del corriente a\u00f1o-.<\/li>\n<li>Cientos de miles de pensionados con cobertura del Programa Federal Incluir Salud (PFIS) que se encuentran sin acceso a los tratamientos, medicamentos, pr\u00f3tesis, rehabilitaciones y dem\u00e1s prestaciones debido al ineficiente y paup\u00e9rrimo funcionamiento del Programa.<\/li>\n<li>Incumplimiento del cupo laboral del 4% para Personas con Discapacidad (PcD) en las orbitas del Estado, organismos descentralizados y entes aut\u00e1rquicos.<\/li>\n<\/ul>\n<p>Habiendo trascurrido ya diez meses de la actual gesti\u00f3n de gobierno, y pasados varios funcionarios en nuestra \u00e1rea espec\u00edfica, observamos con preocupaci\u00f3n la continuidad e inacci\u00f3n del organismo, alertando que no registramos las acciones pol\u00edticas y medidas concretas de gobierno respecto al colectivo de Personas con Discapacidad: miles de expedientes contin\u00faan en espera desde hace a\u00f1os; imposibilidad de acceder a gestionar nuevos expedientes; restricci\u00f3n para acceder a un turno para un certificado m\u00e9dico digital; degradaci\u00f3n de las prestaciones del PFIS; incumplimiento del cupo laboral del 4%, etc).<\/p>\n<p>La situaci\u00f3n tampoco var\u00eda en lo que refiere a los\/las trabajadoras de ANDIS migrados, los\/las cuales ya se han manifestado en su mayor\u00eda por la voluntad y el deseo de pasar a ser trabajadores estables de ANSES, registrando a\u00f1os de destrato laboral sin haber sido tenidos\/as en cuenta durante d\u00e9cadas en lo que refiere a sus condiciones laborales y posibilidades de proyectar una carrera en la administraci\u00f3n p\u00fablica, habiendo pasado por funcionarios\/as y legisladores\/as que hacen o\u00eddos sordos a sus reclamos, siendo que fue una promesa claramente incumplida e irresuelta por el anterior gobierno y, hasta ahora, tambi\u00e9n por el actual.<\/p>\n<p>Terminamos diciendo que la decisi\u00f3n pol\u00edtica de nuestro pueblo, plasmada en las urnas en diciembre de 2019, expres\u00f3 una clara y contundente se\u00f1al de cansancio y una respuesta a las pol\u00edticas de vaciamiento del Estado, ajustes sucesivos y dilapidaci\u00f3n de recursos p\u00fablicos en favor de sectores especulativos y financieros. Esa voluntad popular exige que dirigentes y funcionarios arbitren de manera urgente y efectiva las medidas y acciones pol\u00edticas que reviertan esta situaci\u00f3n de postergaci\u00f3n y violaci\u00f3n sistem\u00e1tica de derechos de las PCD y de trabajadores\/as de ANDIS afectados, cansados de ser la variable de ajuste de los gobiernos de turno.<\/p>\n<p>Saludamos atentamente.<\/p>\n<p style=\"text-align: center;\">DEPARTAMENTO DE DISCAPACIDAD<\/p>\n<p style=\"text-align: center;\">CONSEJO DIRECTIVO PROVINCIAL<\/p>\n<p style=\"text-align: center;\">ATE C\u00d3RDOBA<\/p>\n","protected":false},"excerpt":{"rendered":"<p>Con la presencia del secretario General de ATE C\u00f3rdoba, Federico Giuliani, el lunes pr\u00f3ximo el Departamento de Discapacidad del Consejo Directivo Provincial realizar\u00e1 una conferencia de prensa para hacer p\u00fablica una carta dirigida la jefe de Gabinete del Gobierno Nacional, Santiago Cafiero, donde reclama la restituci\u00f3n de pol\u00edticas para las personas discapacitadas que fueron afectadas [&hellip;]<\/p>\n","protected":false},"author":7,"featured_media":22485,"comment_status":"open","ping_status":"open","sticky":true,"template":"","format":"standard","meta":{"_exactmetrics_skip_tracking":false,"_exactmetrics_sitenote_active":false,"_exactmetrics_sitenote_note":"","_exactmetrics_sitenote_category":0,"jnews-multi-image_gallery":[],"jnews_single_post":{"source_name":"","source_url":"","via_name":"","via_url":"","override_template":"0","override":[{"template":"1","single_blog_custom":"","parallax":"1","fullscreen":"0","layout":"right-sidebar","sidebar":"default-sidebar","second_sidebar":"default-sidebar","sticky_sidebar":"1","share_position":"top","share_float_style":"share-monocrhome","show_share_counter":"1","show_view_counter":"1","show_featured":"1","show_post_meta":"1","show_post_author":"1","show_post_author_image":"1","show_post_date":"1","post_date_format":"default","post_date_format_custom":"Y\/m\/d","show_post_category":"1","show_post_reading_time":"0","post_reading_time_wpm":"300","show_zoom_button":"0","zoom_button_out_step":"2","zoom_button_in_step":"3","show_post_tag":"1","show_prev_next_post":"1","show_popup_post":"1","number_popup_post":"1","show_author_box":"0","show_post_related":"0","show_inline_post_related":"0"}],"override_image_size":"0","image_override":[{"single_post_thumbnail_size":"crop-500","single_post_gallery_size":"crop-500"}],"trending_post":"0","trending_post_position":"meta","trending_post_label":"Trending","sponsored_post":"0","sponsored_post_label":"Sponsored by","sponsored_post_name":"","sponsored_post_url":"","sponsored_post_logo_enable":"0","sponsored_post_logo":"","sponsored_post_desc":""},"jnews_primary_category":{"id":""},"jnews_social_meta":{"fb_title":"","fb_description":"","fb_image":"","twitter_title":"","twitter_description":"","twitter_image":""},"jnews_review":[],"enable_review":"0","type":"percentage","name":"","summary":"","brand":"","sku":"","good":[{"good_text":""}],"bad":[{"bad_text":""}],"score_override":"","override_value":"","rating":[{"rating_text":"","rating_number":"10"}],"price":[{"shop":"","price":"","link":"","icon":""}],"jnews_override_counter":{"override_view_counter":"0","view_counter_number":"0","override_share_counter":"0","share_counter_number":"0","override_like_counter":"0","like_counter_number":"0","override_dislike_counter":"0","dislike_counter_number":"0"},"jnews_post_split":{"enable_post_split":"0","post_split":[{"template":"1","tag":"h2","numbering":"asc","mode":"normal"}]},"footnotes":""},"categories":[341,625,12],"tags":[627],"class_list":["post-22481","post","type-post","status-publish","format-standard","has-post-thumbnail","hentry","category-cdp","category-discapacidad","category-rio-cuarto","tag-carta-a-santiago-cafiero"],"jetpack_featured_media_url":"https:\/\/atecordoba.org\/wp-content\/uploads\/2020\/10\/cafiero.jpg","_links":{"self":[{"href":"https:\/\/atecordoba.org\/index.php?rest_route=\/wp\/v2\/posts\/22481","targetHints":{"allow":["GET"]}}],"collection":[{"href":"https:\/\/atecordoba.org\/index.php?rest_route=\/wp\/v2\/posts"}],"about":[{"href":"https:\/\/atecordoba.org\/index.php?rest_route=\/wp\/v2\/types\/post"}],"author":[{"embeddable":true,"href":"https:\/\/atecordoba.org\/index.php?rest_route=\/wp\/v2\/users\/7"}],"replies":[{"embeddable":true,"href":"https:\/\/atecordoba.org\/index.php?rest_route=%2Fwp%2Fv2%2Fcomments&post=22481"}],"version-history":[{"count":5,"href":"https:\/\/atecordoba.org\/index.php?rest_route=\/wp\/v2\/posts\/22481\/revisions"}],"predecessor-version":[{"id":23505,"href":"https:\/\/atecordoba.org\/index.php?rest_route=\/wp\/v2\/posts\/22481\/revisions\/23505"}],"wp:featuredmedia":[{"embeddable":true,"href":"https:\/\/atecordoba.org\/index.php?rest_route=\/wp\/v2\/media\/22485"}],"wp:attachment":[{"href":"https:\/\/atecordoba.org\/index.php?rest_route=%2Fwp%2Fv2%2Fmedia&parent=22481"}],"wp:term":[{"taxonomy":"category","embeddable":true,"href":"https:\/\/atecordoba.org\/index.php?rest_route=%2Fwp%2Fv2%2Fcategories&post=22481"},{"taxonomy":"post_tag","embeddable":true,"href":"https:\/\/atecordoba.org\/index.php?rest_route=%2Fwp%2Fv2%2Ftags&post=22481"}],"curies":[{"name":"wp","href":"https:\/\/api.w.org\/{rel}","templated":true}]}}