{"id":22476,"date":"2020-10-23T14:25:14","date_gmt":"2020-10-23T17:25:14","guid":{"rendered":"https:\/\/atecordoba.org\/?p=22476"},"modified":"2020-10-23T14:56:32","modified_gmt":"2020-10-23T17:56:32","slug":"discapacidad-convenio-para-aprender-lenguaje-de-senas","status":"publish","type":"post","link":"https:\/\/atecordoba.org\/?p=22476","title":{"rendered":"Discapacidad: convenio para aprender lenguaje de se\u00f1as"},"content":{"rendered":"<p><img loading=\"lazy\" decoding=\"async\" class=\" wp-image-22477 aligncenter\" src=\"https:\/\/atecordoba.org\/wp-content\/uploads\/2020\/10\/sello-discapacidad-300x140.jpeg\" alt=\"\" width=\"600\" height=\"280\" srcset=\"https:\/\/atecordoba.org\/wp-content\/uploads\/2020\/10\/sello-discapacidad-300x140.jpeg 300w, https:\/\/atecordoba.org\/wp-content\/uploads\/2020\/10\/sello-discapacidad.jpeg 356w\" sizes=\"auto, (max-width: 600px) 100vw, 600px\" \/>El Departamento de Discapacidad del Consejo Directivo Provincial suscribi\u00f3 un acuerdo para las y los afiliados de ATE de toda la provincia puedan realizar un curso de lenguaje de se\u00f1as con importantes descuentos en la cuota mensual.<\/p>\n<p>Se trata de un curso virtual, dictado por la docente especializada Patricia Orazola, que entregar\u00e1 certificados al finalizar la capacitaci\u00f3n.<\/p>\n<p>Seg\u00fan explic\u00f3 el compa\u00f1ero Franco Orsato, a cargo del \u00e1rea, el curso comenzar\u00e1 el 3 de noviembre y tendr\u00e1 una duraci\u00f3n dos meses. Para los interesados en inscribirse en el curso de primer nivel, las clases se dictar\u00e1n martes y jueves de 14 a 15:30, en tanto el segundo nivel tendr\u00e1 clases los mismos d\u00edas de 16 a 17:30.<\/p>\n<p>La inscripci\u00f3n tendr\u00e1 un costo de 250 pesos y la cuota mensual es de 1000 pesos.<\/p>\n<p>Para anotarse en el curso los interesados deben comunicarse v\u00eda WhatsApp al 3584325080 para acordar con la docente.<\/p>\n","protected":false},"excerpt":{"rendered":"<p>El Departamento de Discapacidad del Consejo Directivo Provincial suscribi\u00f3 un acuerdo para las y los afiliados de ATE de toda la provincia puedan realizar un curso de lenguaje de se\u00f1as con importantes descuentos en la cuota mensual. Se trata de un curso virtual, dictado por la docente especializada Patricia Orazola, que entregar\u00e1 certificados al finalizar [&hellip;]<\/p>\n","protected":false},"author":7,"featured_media":22477,"comment_status":"open","ping_status":"open","sticky":false,"template":"","format":"standard","meta":{"_exactmetrics_skip_tracking":false,"_exactmetrics_sitenote_active":false,"_exactmetrics_sitenote_note":"","_exactmetrics_sitenote_category":0,"jnews-multi-image_gallery":[],"jnews_single_post":{"source_name":"","source_url":"","via_name":"","via_url":"","override_template":"0","override":[{"template":"1","single_blog_custom":"","parallax":"1","fullscreen":"0","layout":"right-sidebar","sidebar":"default-sidebar","second_sidebar":"default-sidebar","sticky_sidebar":"1","share_position":"top","share_float_style":"share-monocrhome","show_share_counter":"1","show_view_counter":"1","show_featured":"1","show_post_meta":"1","show_post_author":"1","show_post_author_image":"1","show_post_date":"1","post_date_format":"default","post_date_format_custom":"Y\/m\/d","show_post_category":"1","show_post_reading_time":"0","post_reading_time_wpm":"300","show_zoom_button":"0","zoom_button_out_step":"2","zoom_button_in_step":"3","show_post_tag":"1","show_prev_next_post":"1","show_popup_post":"1","number_popup_post":"1","show_author_box":"0","show_post_related":"0","show_inline_post_related":"0"}],"override_image_size":"0","image_override":[{"single_post_thumbnail_size":"crop-500","single_post_gallery_size":"crop-500"}],"trending_post":"0","trending_post_position":"meta","trending_post_label":"Trending","sponsored_post":"0","sponsored_post_label":"Sponsored by","sponsored_post_name":"","sponsored_post_url":"","sponsored_post_logo_enable":"0","sponsored_post_logo":"","sponsored_post_desc":""},"jnews_primary_category":{"id":""},"jnews_social_meta":{"fb_title":"","fb_description":"","fb_image":"","twitter_title":"","twitter_description":"","twitter_image":""},"jnews_review":[],"enable_review":"0","type":"percentage","name":"","summary":"","brand":"","sku":"","good":[{"good_text":""}],"bad":[{"bad_text":""}],"score_override":"","override_value":"","rating":[{"rating_text":"","rating_number":"10"}],"price":[{"shop":"","price":"","link":"","icon":""}],"jnews_override_counter":{"override_view_counter":"0","view_counter_number":"0","override_share_counter":"0","share_counter_number":"0","override_like_counter":"0","like_counter_number":"0","override_dislike_counter":"0","dislike_counter_number":"0"},"jnews_post_split":{"enable_post_split":"0","post_split":[{"template":"1","tag":"h2","numbering":"asc","mode":"normal"}]},"footnotes":""},"categories":[341,625,400],"tags":[626],"class_list":["post-22476","post","type-post","status-publish","format-standard","has-post-thumbnail","hentry","category-cdp","category-discapacidad","category-estamentos","tag-curso-lenguaje-de-senas"],"jetpack_featured_media_url":"https:\/\/atecordoba.org\/wp-content\/uploads\/2020\/10\/sello-discapacidad.jpeg","_links":{"self":[{"href":"https:\/\/atecordoba.org\/index.php?rest_route=\/wp\/v2\/posts\/22476","targetHints":{"allow":["GET"]}}],"collection":[{"href":"https:\/\/atecordoba.org\/index.php?rest_route=\/wp\/v2\/posts"}],"about":[{"href":"https:\/\/atecordoba.org\/index.php?rest_route=\/wp\/v2\/types\/post"}],"author":[{"embeddable":true,"href":"https:\/\/atecordoba.org\/index.php?rest_route=\/wp\/v2\/users\/7"}],"replies":[{"embeddable":true,"href":"https:\/\/atecordoba.org\/index.php?rest_route=%2Fwp%2Fv2%2Fcomments&post=22476"}],"version-history":[{"count":4,"href":"https:\/\/atecordoba.org\/index.php?rest_route=\/wp\/v2\/posts\/22476\/revisions"}],"predecessor-version":[{"id":22482,"href":"https:\/\/atecordoba.org\/index.php?rest_route=\/wp\/v2\/posts\/22476\/revisions\/22482"}],"wp:featuredmedia":[{"embeddable":true,"href":"https:\/\/atecordoba.org\/index.php?rest_route=\/wp\/v2\/media\/22477"}],"wp:attachment":[{"href":"https:\/\/atecordoba.org\/index.php?rest_route=%2Fwp%2Fv2%2Fmedia&parent=22476"}],"wp:term":[{"taxonomy":"category","embeddable":true,"href":"https:\/\/atecordoba.org\/index.php?rest_route=%2Fwp%2Fv2%2Fcategories&post=22476"},{"taxonomy":"post_tag","embeddable":true,"href":"https:\/\/atecordoba.org\/index.php?rest_route=%2Fwp%2Fv2%2Ftags&post=22476"}],"curies":[{"name":"wp","href":"https:\/\/api.w.org\/{rel}","templated":true}]}}