{"id":22465,"date":"2020-10-23T13:06:19","date_gmt":"2020-10-23T16:06:19","guid":{"rendered":"https:\/\/atecordoba.org\/?p=22465"},"modified":"2020-10-23T13:47:10","modified_gmt":"2020-10-23T16:47:10","slug":"ate-firma-convenio-con-red-educativa-para-afiliados-y-su-grupo-familiar","status":"publish","type":"post","link":"https:\/\/atecordoba.org\/?p=22465","title":{"rendered":"ATE firma convenio con red educativa para las y los afiliados y su grupo familiar"},"content":{"rendered":"<p><img loading=\"lazy\" decoding=\"async\" class=\" wp-image-22466 aligncenter\" src=\"https:\/\/atecordoba.org\/wp-content\/uploads\/2020\/10\/gesta-convenio-300x168.jpeg\" alt=\"\" width=\"600\" height=\"336\" srcset=\"https:\/\/atecordoba.org\/wp-content\/uploads\/2020\/10\/gesta-convenio-300x168.jpeg 300w, https:\/\/atecordoba.org\/wp-content\/uploads\/2020\/10\/gesta-convenio.jpeg 552w\" sizes=\"auto, (max-width: 600px) 100vw, 600px\" \/>El Consejo Directivo Provincial (CDP) suscribi\u00f3 hoy un convenio con la red de formaci\u00f3n y capacitaci\u00f3n a distancia GESTA (Grupo de Entidades de Trabajo Asociado) a los fines de facilitar a las y los afiliados, y a sus grupos familiares, el acceso a cursos educativos para completar la escuela secundaria, as\u00ed como a m\u00e1s de 200 cursos tecnicaturas y diplomaturas con salida laboral.<\/p>\n<p>&#8220;Los interesados podr\u00e1n beneficiarse en un 10% y los cursos son de car\u00e1cter virtual, implementados a trav\u00e9s de una plataforma v\u00eda internet, de manera que las y los afiliados puedan comenzar los dictados sin que ello signifique poner en riesgo el distanciamiento social que impone la pandemia de Covid 19&#8221;, explic\u00f3 el secretario Adminsitrativo del CDP, Mat\u00edas Avila.<\/p>\n<p>Ingresando a la web de <a href=\"https:\/\/www.redgesta.com\/about.aspx\">RED GESTA<\/a> se pueden consultar los cursos disponibles y los horarios establecidos.<img loading=\"lazy\" decoding=\"async\" class=\" wp-image-22467 alignright\" src=\"https:\/\/atecordoba.org\/wp-content\/uploads\/2020\/10\/gesta-convenio2.jpeg-300x146.png\" alt=\"\" width=\"462\" height=\"225\" srcset=\"https:\/\/atecordoba.org\/wp-content\/uploads\/2020\/10\/gesta-convenio2.jpeg-300x146.png 300w, https:\/\/atecordoba.org\/wp-content\/uploads\/2020\/10\/gesta-convenio2.jpeg-1024x500.png 1024w, https:\/\/atecordoba.org\/wp-content\/uploads\/2020\/10\/gesta-convenio2.jpeg-768x375.png 768w, https:\/\/atecordoba.org\/wp-content\/uploads\/2020\/10\/gesta-convenio2.jpeg-750x366.png 750w, https:\/\/atecordoba.org\/wp-content\/uploads\/2020\/10\/gesta-convenio2.jpeg-1140x556.png 1140w, https:\/\/atecordoba.org\/wp-content\/uploads\/2020\/10\/gesta-convenio2.jpeg.png 1207w\" sizes=\"auto, (max-width: 462px) 100vw, 462px\" \/><\/p>\n<p>En la oportunidad, el secretario General del CDP, Federico Giuliani, salud\u00f3 la iniciativa y la ubic\u00f3 dentro de las pol\u00edticas de acci\u00f3n social de ATE que apuntan a devolver en beneficios el aporte sindical. &#8220;Es para toda la provincia. Los y las afiliadas y sus familias acceden al contenido educativo de la Red, para terminar Escuela Secundaria, Tecnicaturas y Diplomaturas. Somos organizaci\u00f3n, Lucha y Gesti\u00f3n&#8221;, se\u00f1al\u00f3 el dirigente.<\/p>\n<p>Por ATE participaron de la firma del convenio, adem\u00e1s de Giuliani, el secretario de Formaci\u00f3n, C\u00e9sar Theaux, de Acci\u00f3n Social, Ivan Contreras, de Interior, Edith Innamorato, y los Administrativos, Avila y Gabriela Alcoba. En tanto, por GESTA, estuvieron presentes Miguel Olaviaga (presidente) y Mar\u00eda Soledad Barbero (referenta de educaci\u00f3n).<\/p>\n<p>&nbsp;<\/p>\n","protected":false},"excerpt":{"rendered":"<p>El Consejo Directivo Provincial (CDP) suscribi\u00f3 hoy un convenio con la red de formaci\u00f3n y capacitaci\u00f3n a distancia GESTA (Grupo de Entidades de Trabajo Asociado) a los fines de facilitar a las y los afiliados, y a sus grupos familiares, el acceso a cursos educativos para completar la escuela secundaria, as\u00ed como a m\u00e1s de [&hellip;]<\/p>\n","protected":false},"author":7,"featured_media":22467,"comment_status":"open","ping_status":"open","sticky":true,"template":"","format":"standard","meta":{"_exactmetrics_skip_tracking":false,"_exactmetrics_sitenote_active":false,"_exactmetrics_sitenote_note":"","_exactmetrics_sitenote_category":0,"jnews-multi-image_gallery":[],"jnews_single_post":{"source_name":"","source_url":"","via_name":"","via_url":"","override_template":"0","override":[{"template":"1","single_blog_custom":"","parallax":"1","fullscreen":"0","layout":"right-sidebar","sidebar":"default-sidebar","second_sidebar":"default-sidebar","sticky_sidebar":"1","share_position":"top","share_float_style":"share-monocrhome","show_share_counter":"1","show_view_counter":"1","show_featured":"1","show_post_meta":"1","show_post_author":"1","show_post_author_image":"1","show_post_date":"1","post_date_format":"default","post_date_format_custom":"Y\/m\/d","show_post_category":"1","show_post_reading_time":"0","post_reading_time_wpm":"300","show_zoom_button":"0","zoom_button_out_step":"2","zoom_button_in_step":"3","show_post_tag":"1","show_prev_next_post":"1","show_popup_post":"1","number_popup_post":"1","show_author_box":"0","show_post_related":"0","show_inline_post_related":"0"}],"override_image_size":"0","image_override":[{"single_post_thumbnail_size":"crop-500","single_post_gallery_size":"crop-500"}],"trending_post":"0","trending_post_position":"meta","trending_post_label":"Trending","sponsored_post":"0","sponsored_post_label":"Sponsored by","sponsored_post_name":"","sponsored_post_url":"","sponsored_post_logo_enable":"0","sponsored_post_logo":"","sponsored_post_desc":""},"jnews_primary_category":{"id":""},"jnews_social_meta":{"fb_title":"","fb_description":"","fb_image":"","twitter_title":"","twitter_description":"","twitter_image":""},"jnews_review":[],"enable_review":"0","type":"percentage","name":"","summary":"","brand":"","sku":"","good":[{"good_text":""}],"bad":[{"bad_text":""}],"score_override":"","override_value":"","rating":[{"rating_text":"","rating_number":"10"}],"price":[{"shop":"","price":"","link":"","icon":""}],"jnews_override_counter":{"override_view_counter":"0","view_counter_number":"0","override_share_counter":"0","share_counter_number":"0","override_like_counter":"0","like_counter_number":"0","override_dislike_counter":"0","dislike_counter_number":"0"},"jnews_post_split":{"enable_post_split":"0","post_split":[{"template":"1","tag":"h2","numbering":"asc","mode":"normal"}]},"footnotes":""},"categories":[75,341],"tags":[623,624],"class_list":["post-22465","post","type-post","status-publish","format-standard","has-post-thumbnail","hentry","category-accion-social","category-cdp","tag-completar-el-secundario","tag-formacion-educativa"],"jetpack_featured_media_url":"https:\/\/atecordoba.org\/wp-content\/uploads\/2020\/10\/gesta-convenio2.jpeg.png","_links":{"self":[{"href":"https:\/\/atecordoba.org\/index.php?rest_route=\/wp\/v2\/posts\/22465","targetHints":{"allow":["GET"]}}],"collection":[{"href":"https:\/\/atecordoba.org\/index.php?rest_route=\/wp\/v2\/posts"}],"about":[{"href":"https:\/\/atecordoba.org\/index.php?rest_route=\/wp\/v2\/types\/post"}],"author":[{"embeddable":true,"href":"https:\/\/atecordoba.org\/index.php?rest_route=\/wp\/v2\/users\/7"}],"replies":[{"embeddable":true,"href":"https:\/\/atecordoba.org\/index.php?rest_route=%2Fwp%2Fv2%2Fcomments&post=22465"}],"version-history":[{"count":4,"href":"https:\/\/atecordoba.org\/index.php?rest_route=\/wp\/v2\/posts\/22465\/revisions"}],"predecessor-version":[{"id":22472,"href":"https:\/\/atecordoba.org\/index.php?rest_route=\/wp\/v2\/posts\/22465\/revisions\/22472"}],"wp:featuredmedia":[{"embeddable":true,"href":"https:\/\/atecordoba.org\/index.php?rest_route=\/wp\/v2\/media\/22467"}],"wp:attachment":[{"href":"https:\/\/atecordoba.org\/index.php?rest_route=%2Fwp%2Fv2%2Fmedia&parent=22465"}],"wp:term":[{"taxonomy":"category","embeddable":true,"href":"https:\/\/atecordoba.org\/index.php?rest_route=%2Fwp%2Fv2%2Fcategories&post=22465"},{"taxonomy":"post_tag","embeddable":true,"href":"https:\/\/atecordoba.org\/index.php?rest_route=%2Fwp%2Fv2%2Ftags&post=22465"}],"curies":[{"name":"wp","href":"https:\/\/api.w.org\/{rel}","templated":true}]}}