{"id":22450,"date":"2020-10-22T10:32:29","date_gmt":"2020-10-22T13:32:29","guid":{"rendered":"https:\/\/atecordoba.org\/?p=22450"},"modified":"2020-10-22T10:32:29","modified_gmt":"2020-10-22T13:32:29","slug":"departamento-san-justo-ate-logro-el-reconocimiento-en-la-municipalidad-de-colonia-marina","status":"publish","type":"post","link":"https:\/\/atecordoba.org\/?p=22450","title":{"rendered":"Departamento San Justo: ATE logr\u00f3 el reconocimiento en la municipalidad de Colonia Marina"},"content":{"rendered":"<p><img loading=\"lazy\" decoding=\"async\" class=\" wp-image-22451 aligncenter\" src=\"https:\/\/atecordoba.org\/wp-content\/uploads\/2020\/10\/colonia-marina-300x164.jpg\" alt=\"\" width=\"600\" height=\"328\" srcset=\"https:\/\/atecordoba.org\/wp-content\/uploads\/2020\/10\/colonia-marina-300x164.jpg 300w, https:\/\/atecordoba.org\/wp-content\/uploads\/2020\/10\/colonia-marina.jpg 640w\" sizes=\"auto, (max-width: 600px) 100vw, 600px\" \/>Tras realizar una campa\u00f1a de afiliaciones entre las y los trabajadores municipales, ATE obtuvo el reconocimiento para ejercer la representaci\u00f3n sindical en la comuna de Colonia Marina. Se trata de otro paso en el crecimiento organizativo de ATE en la regi\u00f3n, a trav\u00e9s de la tarea militante de la Delegaci\u00f3n San Francisco de nuestro gremio.<\/p>\n<p>&#8220;Las y los trabajadores municipales de Colonia Marina en buena medida quieren una nueva representaci\u00f3n sindical y por eso se suman a ATE. Est\u00e1n sufriendo la misma situaci\u00f3n del resto de los municipales del Departamento San Justo: precarizaci\u00f3n laboral y baj\u00edsimos salarios. Ah\u00ed est\u00e1 nuestra agenda de reclamos para plantear al Ejecutivo&#8221;, explic\u00f3 Dar\u00edo Paredes, de ATE San Francisco.<\/p>\n<p>De la misma forma, nuestro gremio prosigue el crecimiento de la representaci\u00f3n con entre los municipales en Freyre, Morteros, Devoto y Tr\u00e1nsito. ATE tiene representaci\u00f3n en 95 municipios del interior provincial.<\/p>\n","protected":false},"excerpt":{"rendered":"<p>Tras realizar una campa\u00f1a de afiliaciones entre las y los trabajadores municipales, ATE obtuvo el reconocimiento para ejercer la representaci\u00f3n sindical en la comuna de Colonia Marina. Se trata de otro paso en el crecimiento organizativo de ATE en la regi\u00f3n, a trav\u00e9s de la tarea militante de la Delegaci\u00f3n San Francisco de nuestro gremio. [&hellip;]<\/p>\n","protected":false},"author":7,"featured_media":22451,"comment_status":"open","ping_status":"open","sticky":false,"template":"","format":"standard","meta":{"_exactmetrics_skip_tracking":false,"_exactmetrics_sitenote_active":false,"_exactmetrics_sitenote_note":"","_exactmetrics_sitenote_category":0,"jnews-multi-image_gallery":[],"jnews_single_post":{"source_name":"","source_url":"","via_name":"","via_url":"","override_template":"0","override":[{"template":"1","single_blog_custom":"","parallax":"1","fullscreen":"0","layout":"right-sidebar","sidebar":"default-sidebar","second_sidebar":"default-sidebar","sticky_sidebar":"1","share_position":"top","share_float_style":"share-monocrhome","show_share_counter":"1","show_view_counter":"1","show_featured":"1","show_post_meta":"1","show_post_author":"1","show_post_author_image":"1","show_post_date":"1","post_date_format":"default","post_date_format_custom":"Y\/m\/d","show_post_category":"1","show_post_reading_time":"0","post_reading_time_wpm":"300","show_zoom_button":"0","zoom_button_out_step":"2","zoom_button_in_step":"3","show_post_tag":"1","show_prev_next_post":"1","show_popup_post":"1","number_popup_post":"1","show_author_box":"0","show_post_related":"0","show_inline_post_related":"0"}],"override_image_size":"0","image_override":[{"single_post_thumbnail_size":"crop-500","single_post_gallery_size":"crop-500"}],"trending_post":"0","trending_post_position":"meta","trending_post_label":"Trending","sponsored_post":"0","sponsored_post_label":"Sponsored by","sponsored_post_name":"","sponsored_post_url":"","sponsored_post_logo_enable":"0","sponsored_post_logo":"","sponsored_post_desc":""},"jnews_primary_category":{"id":""},"jnews_social_meta":{"fb_title":"","fb_description":"","fb_image":"","twitter_title":"","twitter_description":"","twitter_image":""},"jnews_review":[],"enable_review":"0","type":"percentage","name":"","summary":"","brand":"","sku":"","good":[{"good_text":""}],"bad":[{"bad_text":""}],"score_override":"","override_value":"","rating":[{"rating_text":"","rating_number":"10"}],"price":[{"shop":"","price":"","link":"","icon":""}],"jnews_override_counter":{"override_view_counter":"0","view_counter_number":"0","override_share_counter":"0","share_counter_number":"0","override_like_counter":"0","like_counter_number":"0","override_dislike_counter":"0","dislike_counter_number":"0"},"jnews_post_split":{"enable_post_split":"0","post_split":[{"template":"1","tag":"h2","numbering":"asc","mode":"normal"}]},"footnotes":""},"categories":[20,148,34],"tags":[619],"class_list":["post-22450","post","type-post","status-publish","format-standard","has-post-thumbnail","hentry","category-municipales","category-san-justo","category-seccionales","tag-colonia-marina"],"jetpack_featured_media_url":"https:\/\/atecordoba.org\/wp-content\/uploads\/2020\/10\/colonia-marina.jpg","_links":{"self":[{"href":"https:\/\/atecordoba.org\/index.php?rest_route=\/wp\/v2\/posts\/22450","targetHints":{"allow":["GET"]}}],"collection":[{"href":"https:\/\/atecordoba.org\/index.php?rest_route=\/wp\/v2\/posts"}],"about":[{"href":"https:\/\/atecordoba.org\/index.php?rest_route=\/wp\/v2\/types\/post"}],"author":[{"embeddable":true,"href":"https:\/\/atecordoba.org\/index.php?rest_route=\/wp\/v2\/users\/7"}],"replies":[{"embeddable":true,"href":"https:\/\/atecordoba.org\/index.php?rest_route=%2Fwp%2Fv2%2Fcomments&post=22450"}],"version-history":[{"count":1,"href":"https:\/\/atecordoba.org\/index.php?rest_route=\/wp\/v2\/posts\/22450\/revisions"}],"predecessor-version":[{"id":22452,"href":"https:\/\/atecordoba.org\/index.php?rest_route=\/wp\/v2\/posts\/22450\/revisions\/22452"}],"wp:featuredmedia":[{"embeddable":true,"href":"https:\/\/atecordoba.org\/index.php?rest_route=\/wp\/v2\/media\/22451"}],"wp:attachment":[{"href":"https:\/\/atecordoba.org\/index.php?rest_route=%2Fwp%2Fv2%2Fmedia&parent=22450"}],"wp:term":[{"taxonomy":"category","embeddable":true,"href":"https:\/\/atecordoba.org\/index.php?rest_route=%2Fwp%2Fv2%2Fcategories&post=22450"},{"taxonomy":"post_tag","embeddable":true,"href":"https:\/\/atecordoba.org\/index.php?rest_route=%2Fwp%2Fv2%2Ftags&post=22450"}],"curies":[{"name":"wp","href":"https:\/\/api.w.org\/{rel}","templated":true}]}}