{"id":22434,"date":"2020-10-21T17:28:55","date_gmt":"2020-10-21T20:28:55","guid":{"rendered":"https:\/\/atecordoba.org\/?p=22434"},"modified":"2020-10-21T17:48:06","modified_gmt":"2020-10-21T20:48:06","slug":"salud-en-unidad-y-movilizados","status":"publish","type":"post","link":"https:\/\/atecordoba.org\/?p=22434","title":{"rendered":"Salud: en unidad y movilizados"},"content":{"rendered":"<p><img loading=\"lazy\" decoding=\"async\" class=\" wp-image-22439 aligncenter\" src=\"https:\/\/atecordoba.org\/wp-content\/uploads\/2020\/10\/plano-general-300x165.png\" alt=\"\" width=\"567\" height=\"312\" srcset=\"https:\/\/atecordoba.org\/wp-content\/uploads\/2020\/10\/plano-general-300x165.png 300w, https:\/\/atecordoba.org\/wp-content\/uploads\/2020\/10\/plano-general-1024x564.png 1024w, https:\/\/atecordoba.org\/wp-content\/uploads\/2020\/10\/plano-general-768x423.png 768w, https:\/\/atecordoba.org\/wp-content\/uploads\/2020\/10\/plano-general-750x413.png 750w, https:\/\/atecordoba.org\/wp-content\/uploads\/2020\/10\/plano-general.png 1098w\" sizes=\"auto, (max-width: 567px) 100vw, 567px\" \/>En un plenario de delegados de salud realizado hoy se resolvi\u00f3 proseguir las medidas de fuerzas ante la falta de respuestas de gobierno de Schiaretti al reclamo por urgente designaci\u00f3n de m\u00e1s personal en los centros de salud provinciales, frente a los compa\u00f1eros que van falleciendo en cumplimiento de sus responsabilidades, los casos\u00a0 de bajas por enfermedad y el desgaste por estr\u00e9s y esfuerzo f\u00edsico del conjunto de los equipos de salud.<\/p>\n<p>La reuni\u00f3n, coordinada por el secretario General del CDP, Federico Giuliani, convoc\u00f3 a trabajadores y trabajadoras de la salud de diversos puntos de la provincia. As\u00ed, estuvieron presentes representantes de C\u00f3rdoba Capital (Hospital de Ni\u00f1os, San Roque Viejo, Maternidad Provincial, Rawson, Neontal), Punilla, R\u00edo Cuarto, R\u00edo Tercero, Traslasierra y Cruz del Eje. Participaron tambi\u00e9n la secretaria General de ATE Rio Cuarto, Rafaela<br \/>\nAlcoba, su par de ATE Rio Tercero, DamianAlbornoz, y el secretario general de la CTA regiona Cordoba Capital, Diego Guerra. <img loading=\"lazy\" decoding=\"async\" class=\" wp-image-22440 alignright\" src=\"https:\/\/atecordoba.org\/wp-content\/uploads\/2020\/10\/federico-300x150.png\" alt=\"\" width=\"376\" height=\"188\" srcset=\"https:\/\/atecordoba.org\/wp-content\/uploads\/2020\/10\/federico-300x150.png 300w, https:\/\/atecordoba.org\/wp-content\/uploads\/2020\/10\/federico-1024x513.png 1024w, https:\/\/atecordoba.org\/wp-content\/uploads\/2020\/10\/federico-768x385.png 768w, https:\/\/atecordoba.org\/wp-content\/uploads\/2020\/10\/federico-360x180.png 360w, https:\/\/atecordoba.org\/wp-content\/uploads\/2020\/10\/federico-750x376.png 750w, https:\/\/atecordoba.org\/wp-content\/uploads\/2020\/10\/federico.png 1101w\" sizes=\"auto, (max-width: 376px) 100vw, 376px\" \/><\/p>\n<p>El plenario funcion\u00f3 con nombre de &#8220;Leo Quiroz&#8221;, a pedido del secretario Adjunto Hugo Duran, en homenaje al trabajador del Hospital Vicente Ag\u00fcero de Jes\u00fas Mar\u00eda recientemente fallecido.<\/p>\n<p>Al reclamo para la designaci\u00f3n de personal, se sum\u00f3 el pedido de recomposici\u00f3n salarial que Schiaretti tampoco escucha y el rechazo al decreto 690\/20 por discriminatorio, toda vez que deja a la mayor\u00eda de los equipos de salud afuera de la bonificaci\u00f3n.<\/p>\n<p>&#8220;Adem\u00e1s vamos a elevar un pedido de informes a la Legislatura precisamente para plantear por la necesidad de designar mas personal y denunciar el colapso sanitario&#8221;, explic\u00f3 Giuliani para resumir lo resuelto,<\/p>\n<p>&#8220;Pero lo m\u00e1s importante, es que vamos con mandato del plenario a las reuniones de ma\u00f1ana con &#8216;M\u00e9dicos Autoconvocados&#8217; y el viernes con el &#8216;Consejo de M\u00e9dicos de C\u00f3rdoba&#8217; para construir una medida de acci\u00f3n en unidad. Hay que movilizar conjuntamente a todos los que venimos peleando para mantener en pie el sistema de salud que el gobierno de C\u00f3rdoba tiene abandonado en el pero momento de la pandemia&#8221;, concluy\u00f3 el dirigente.<\/p>\n<p>El plenario resolvi\u00f3 tambi\u00e9n ponerle nombre y apellido a las y los compa\u00f1eros fallecidos de la primera l\u00ednea, homenaje\u00e1ndoles de manera simb\u00f3lica en los hospitales.<\/p>\n","protected":false},"excerpt":{"rendered":"<p>En un plenario de delegados de salud realizado hoy se resolvi\u00f3 proseguir las medidas de fuerzas ante la falta de respuestas de gobierno de Schiaretti al reclamo por urgente designaci\u00f3n de m\u00e1s personal en los centros de salud provinciales, frente a los compa\u00f1eros que van falleciendo en cumplimiento de sus responsabilidades, los casos\u00a0 de bajas [&hellip;]<\/p>\n","protected":false},"author":7,"featured_media":22439,"comment_status":"open","ping_status":"open","sticky":true,"template":"","format":"standard","meta":{"_exactmetrics_skip_tracking":false,"_exactmetrics_sitenote_active":false,"_exactmetrics_sitenote_note":"","_exactmetrics_sitenote_category":0,"jnews-multi-image_gallery":[],"jnews_single_post":{"source_name":"","source_url":"","via_name":"","via_url":"","override_template":"0","override":[{"template":"1","single_blog_custom":"","parallax":"1","fullscreen":"0","layout":"right-sidebar","sidebar":"default-sidebar","second_sidebar":"default-sidebar","sticky_sidebar":"1","share_position":"top","share_float_style":"share-monocrhome","show_share_counter":"1","show_view_counter":"1","show_featured":"1","show_post_meta":"1","show_post_author":"1","show_post_author_image":"1","show_post_date":"1","post_date_format":"default","post_date_format_custom":"Y\/m\/d","show_post_category":"1","show_post_reading_time":"0","post_reading_time_wpm":"300","show_zoom_button":"0","zoom_button_out_step":"2","zoom_button_in_step":"3","show_post_tag":"1","show_prev_next_post":"1","show_popup_post":"1","number_popup_post":"1","show_author_box":"0","show_post_related":"0","show_inline_post_related":"0"}],"override_image_size":"0","image_override":[{"single_post_thumbnail_size":"crop-500","single_post_gallery_size":"crop-500"}],"trending_post":"0","trending_post_position":"meta","trending_post_label":"Trending","sponsored_post":"0","sponsored_post_label":"Sponsored by","sponsored_post_name":"","sponsored_post_url":"","sponsored_post_logo_enable":"0","sponsored_post_logo":"","sponsored_post_desc":""},"jnews_primary_category":{"id":""},"jnews_social_meta":{"fb_title":"","fb_description":"","fb_image":"","twitter_title":"","twitter_description":"","twitter_image":""},"jnews_review":[],"enable_review":"0","type":"percentage","name":"","summary":"","brand":"","sku":"","good":[{"good_text":""}],"bad":[{"bad_text":""}],"score_override":"","override_value":"","rating":[{"rating_text":"","rating_number":"10"}],"price":[{"shop":"","price":"","link":"","icon":""}],"jnews_override_counter":{"override_view_counter":"0","view_counter_number":"0","override_share_counter":"0","share_counter_number":"0","override_like_counter":"0","like_counter_number":"0","override_dislike_counter":"0","dislike_counter_number":"0"},"jnews_post_split":{"enable_post_split":"0","post_split":[{"template":"1","tag":"h2","numbering":"asc","mode":"normal"}]},"footnotes":""},"categories":[104,8],"tags":[362,477,618],"class_list":["post-22434","post","type-post","status-publish","format-standard","has-post-thumbnail","hentry","category-departamento-de-salud","category-provinciales","tag-equipo-de-salud","tag-hospitales","tag-plan-de-lucha"],"jetpack_featured_media_url":"https:\/\/atecordoba.org\/wp-content\/uploads\/2020\/10\/plano-general.png","_links":{"self":[{"href":"https:\/\/atecordoba.org\/index.php?rest_route=\/wp\/v2\/posts\/22434","targetHints":{"allow":["GET"]}}],"collection":[{"href":"https:\/\/atecordoba.org\/index.php?rest_route=\/wp\/v2\/posts"}],"about":[{"href":"https:\/\/atecordoba.org\/index.php?rest_route=\/wp\/v2\/types\/post"}],"author":[{"embeddable":true,"href":"https:\/\/atecordoba.org\/index.php?rest_route=\/wp\/v2\/users\/7"}],"replies":[{"embeddable":true,"href":"https:\/\/atecordoba.org\/index.php?rest_route=%2Fwp%2Fv2%2Fcomments&post=22434"}],"version-history":[{"count":5,"href":"https:\/\/atecordoba.org\/index.php?rest_route=\/wp\/v2\/posts\/22434\/revisions"}],"predecessor-version":[{"id":22449,"href":"https:\/\/atecordoba.org\/index.php?rest_route=\/wp\/v2\/posts\/22434\/revisions\/22449"}],"wp:featuredmedia":[{"embeddable":true,"href":"https:\/\/atecordoba.org\/index.php?rest_route=\/wp\/v2\/media\/22439"}],"wp:attachment":[{"href":"https:\/\/atecordoba.org\/index.php?rest_route=%2Fwp%2Fv2%2Fmedia&parent=22434"}],"wp:term":[{"taxonomy":"category","embeddable":true,"href":"https:\/\/atecordoba.org\/index.php?rest_route=%2Fwp%2Fv2%2Fcategories&post=22434"},{"taxonomy":"post_tag","embeddable":true,"href":"https:\/\/atecordoba.org\/index.php?rest_route=%2Fwp%2Fv2%2Ftags&post=22434"}],"curies":[{"name":"wp","href":"https:\/\/api.w.org\/{rel}","templated":true}]}}