{"id":22432,"date":"2020-10-21T17:06:54","date_gmt":"2020-10-21T20:06:54","guid":{"rendered":"https:\/\/atecordoba.org\/?p=22432"},"modified":"2020-10-28T16:07:45","modified_gmt":"2020-10-28T19:07:45","slug":"contra-las-amenazas-ate-cordoba-denuncio-penalmente-al-secretario-general-del-sindicato-de-municipales-de-rio-ceballos","status":"publish","type":"post","link":"https:\/\/atecordoba.org\/?p=22432","title":{"rendered":"Contra las amenazas en R\u00edo Ceballos: ATE C\u00f3rdoba denunci\u00f3 penalmente al Secretario General del Sindicato de Municipales de la localidad"},"content":{"rendered":"<div><img loading=\"lazy\" decoding=\"async\" class=\" wp-image-22435 alignleft\" src=\"https:\/\/atecordoba.org\/wp-content\/uploads\/2020\/10\/21-10-DENUNCIA-PENAL-R\u00edo-Ceballos-212x300.jpg\" alt=\"\" width=\"451\" height=\"638\" srcset=\"https:\/\/atecordoba.org\/wp-content\/uploads\/2020\/10\/21-10-DENUNCIA-PENAL-R\u00edo-Ceballos-212x300.jpg 212w, https:\/\/atecordoba.org\/wp-content\/uploads\/2020\/10\/21-10-DENUNCIA-PENAL-R\u00edo-Ceballos-724x1024.jpg 724w, https:\/\/atecordoba.org\/wp-content\/uploads\/2020\/10\/21-10-DENUNCIA-PENAL-R\u00edo-Ceballos-768x1086.jpg 768w, https:\/\/atecordoba.org\/wp-content\/uploads\/2020\/10\/21-10-DENUNCIA-PENAL-R\u00edo-Ceballos-1086x1536.jpg 1086w, https:\/\/atecordoba.org\/wp-content\/uploads\/2020\/10\/21-10-DENUNCIA-PENAL-R\u00edo-Ceballos-750x1061.jpg 750w, https:\/\/atecordoba.org\/wp-content\/uploads\/2020\/10\/21-10-DENUNCIA-PENAL-R\u00edo-Ceballos-1140x1612.jpg 1140w, https:\/\/atecordoba.org\/wp-content\/uploads\/2020\/10\/21-10-DENUNCIA-PENAL-R\u00edo-Ceballos.jpg 1241w\" sizes=\"auto, (max-width: 451px) 100vw, 451px\" \/><\/div>\n<div class=\"gmail_default\">Hoy al mediod\u00eda, el Consejo Directivo Provincial de la Provincia (CDP) de la Asociaci\u00f3n Trabajadores del Estado (ATE) C\u00f3rdoba, present\u00f3 en la Mesa de Entradas del Fuero Penal de la Justicia de C\u00f3rdoba, una denuncia contra Oscar Rene Ibarlucea (Secretario General del Sindicato de Obreros y Empleados Municipales de R\u00edo Ceballos SUOEM) por hechos que configurar\u00edan &#8220;el delito de \u201cAMENAZAS\u201d perteneciente al T\u00edtulo V de \u201cDelitos Contra la Libertad\u201d (art. 149 bis y concordantes del C\u00f3digo Penal)&#8221;, seg\u00fan consta en el texto presentado por la Asesor\u00eda Letrada de ATE C\u00f3rdoba bajo el patrocinio de la Dra. Mar\u00eda Terragno. Tras el sorteo de rigor, la actuaci\u00f3n judicial mencionada ya se encuentra en manos del Fiscal Fernando L\u00f3pez Villagra (Fiscal\u00eda Distrito 3, Turno 3), para su estudio.<br \/>\n&#8220;Consideramos que esto es un l\u00edmite: puede haber disputa gremial, diferencias pol\u00edticas, pero entrometerse con la integridad f\u00edsica de un representante sindical es motivo suficiente para realizar una denuncia penal&#8221;, manifest\u00f3 Terragno quien agreg\u00f3 que &#8220;esa amenaza vertida sobre una persona con la investidura de m\u00e1ximo representante gremial de un colectivo como ATE, hace que la misma recaiga tambi\u00e9n sobre todas aquellas afiliadas y afiliados -y sus compa\u00f1eras\/os- que hayan decidido organizarse en una u otra organizaci\u00f3n gremial, de manera libre, tal como admite la ley&#8221;. En ese marco, es que la asesora letrada de ATE consider\u00f3 que &#8220;est\u00e1 en juego el derecho de libertad sindical: los trabajadores y trabajadoras pueden elegir libremente a qu\u00e9 sindicato afiliarse o desafiliarse, m\u00e1s a\u00fan en el sector p\u00fablico donde rige el principio de pluralidad sindical&#8221;. El llamado de atenci\u00f3n de Terragno tiene su fundamento en la actitud intimidatoria del m\u00e1ximo representante de la organizaci\u00f3n sindical de R\u00edo Ceballos mencionada que, &#8220;con atropello, con soberbia y en este caso, haciendo manifestaciones que constituyen una amenaza, deciden por la fuerza imponerse sobre otros trabajadores y trabajadoras, compa\u00f1eros y compa\u00f1eras&#8221;, ponder\u00f3 la abogada de ATE.<\/div>\n<div class=\"gmail_default\">Por su parte, el Secretario General de ATE C\u00f3rdoba, Federico Giuliani, manifest\u00f3 que &#8220;no vamos ni hemos ido jam\u00e1s en contra de ninguna organizaci\u00f3n de trabajadores y trabajadoras. Somos respetuosos y respetuosas de la convivencia pac\u00edfica y apostamos a poner a disposici\u00f3n nuestra organizaci\u00f3n gremial para aquellas compa\u00f1eras y compa\u00f1eros que deseen tener alternativas a la hora de organizarse y ello ha sido nuestra bandera en R\u00edo Ceballos y en cada uno de los 85 municipios de C\u00f3rdoba donde ATE tiene representaci\u00f3n. Los 95 a\u00f1os de historia de nuestro sindicato defendiendo y organizando a las trabajadoras y trabajadores de los Estados Nacional, Provincial y Municipales dan cuenta de nuestro af\u00e1n democr\u00e1tico y nuestra elecci\u00f3n de estar siempre del lado de los trabajadores y trabajadoras&#8221;. De todas formas, Giuliani advirti\u00f3 que &#8220;sin embargo, ello no implica quedarnos de brazos cruzados ante quienes buscan amedrentarnos y perseguir a quienes deciden construir con las banderas de ATE&#8221;. En ese marco el representante destac\u00f3 que ATE cuenta con afiliados\/as en diversos Municipios a lo largo y ancho del pa\u00eds y de la Provincia de C\u00f3rdoba, &#8220;siendo el \u00fanico sindicato en algunos \u00e1mbitos municipales y compartiendo representaci\u00f3n con sindicatos municipales en otros&#8221;, ello atento a que en el sector p\u00fablico -a diferencia del modelo sindical imperante en el sector privado- &#8220;rige el principio de coexistencia de entidades sindicales con personer\u00eda gremial&#8221;, expres\u00f3 Giuliani.<br \/>\n&#8220;La coexistencia de las organizaciones sindicales tiene un valor enorme para las y los trabajadores y obliga a que los sindicatos -y sus dirigentes, fundamentalmente- asuman realmente la representaci\u00f3n de quienes son sus afiliados y afiliadas: negar la posibilidad de la pluralidad, perseguir y violentar a quienes eligen su representaci\u00f3n tal como admite la Ley, dice mucho de dirigentes que remiten a las \u00e9pocas m\u00e1s oscuras de nuestra historia, donde pensar y actuar diferente era motivo suficiente para la persecuci\u00f3n de las personas&#8221;, expres\u00f3 Giuliani quien destac\u00f3 a su vez que desea &#8220;llevar tranquilidad a nuestras afiliadas y afiliados en la localidad con quien me reun\u00ed el lunes de esta semana ya que la Ley nos ampara: no estamos exentos y exentas de este tipo de reacciones iniciales de quienes ven que sus privilegios son cuestionados tras a\u00f1os de obturar la participaci\u00f3n de las y los trabajadores. Sin embargo, la Justicia, el derecho y el orden Republicano y democr\u00e1tico prevalecer\u00e1 en este como en cada uno de los casos donde ATE no ha dejado pasar estos atropellos&#8221;.<\/div>\n<div class=\"gmail_default\">\n<div class=\"fb-post\" data-href=\"https:\/\/www.facebook.com\/federico.giuliani.7140\/posts\/10158764709284805\" data-show-text=\"true\" data-width=\"\">\n<blockquote class=\"fb-xfbml-parse-ignore\" cite=\"https:\/\/www.facebook.com\/federico.giuliani.7140\/posts\/10158764709284805\"><p>Reunido por zoom con nuevos afiliadxs municipales de R\u00edo Ceballos que se incorporan a nuestra ATE. Vamos caminando<\/p>\n<p>Publicado por <a role=\"button\" href=\"#\">Federico Giuliani<\/a> en\u00a0<a href=\"https:\/\/www.facebook.com\/federico.giuliani.7140\/posts\/10158764709284805\">Lunes, 19 de octubre de 2020<\/a><\/p><\/blockquote>\n<\/div>\n<p>Reuni\u00f3n con afiliadas y afiliados de ATE en R\u00edo Ceballos del lunes de esta semana.<\/p>\n<\/div>\n","protected":false},"excerpt":{"rendered":"<p>Hoy al mediod\u00eda, el Consejo Directivo Provincial de la Provincia (CDP) de la Asociaci\u00f3n Trabajadores del Estado (ATE) C\u00f3rdoba, present\u00f3 en la Mesa de Entradas del Fuero Penal de la Justicia de C\u00f3rdoba, una denuncia contra Oscar Rene Ibarlucea (Secretario General del Sindicato de Obreros y Empleados Municipales de R\u00edo Ceballos SUOEM) por hechos que [&hellip;]<\/p>\n","protected":false},"author":3,"featured_media":22435,"comment_status":"open","ping_status":"open","sticky":false,"template":"","format":"standard","meta":{"_exactmetrics_skip_tracking":false,"_exactmetrics_sitenote_active":false,"_exactmetrics_sitenote_note":"","_exactmetrics_sitenote_category":0,"jnews-multi-image_gallery":[],"jnews_single_post":{"source_name":"","source_url":"","via_name":"","via_url":"","override_template":"0","override":[{"template":"1","single_blog_custom":"","parallax":"1","fullscreen":"0","layout":"right-sidebar","sidebar":"default-sidebar","second_sidebar":"default-sidebar","sticky_sidebar":"1","share_position":"top","share_float_style":"share-monocrhome","show_share_counter":"1","show_view_counter":"1","show_featured":"1","show_post_meta":"1","show_post_author":"1","show_post_author_image":"1","show_post_date":"1","post_date_format":"default","post_date_format_custom":"Y\/m\/d","show_post_category":"1","show_post_reading_time":"0","post_reading_time_wpm":"300","show_zoom_button":"0","zoom_button_out_step":"2","zoom_button_in_step":"3","show_post_tag":"1","show_prev_next_post":"1","show_popup_post":"1","number_popup_post":"1","show_author_box":"0","show_post_related":"0","show_inline_post_related":"0"}],"override_image_size":"0","image_override":[{"single_post_thumbnail_size":"crop-500","single_post_gallery_size":"crop-500"}],"trending_post":"0","trending_post_position":"meta","trending_post_label":"Trending","sponsored_post":"0","sponsored_post_label":"Sponsored by","sponsored_post_name":"","sponsored_post_url":"","sponsored_post_logo_enable":"0","sponsored_post_logo":"","sponsored_post_desc":""},"jnews_primary_category":{"id":""},"jnews_social_meta":{"fb_title":"","fb_description":"","fb_image":"","twitter_title":"","twitter_description":"","twitter_image":""},"jnews_review":[],"enable_review":"0","type":"percentage","name":"","summary":"","brand":"","sku":"","good":[{"good_text":""}],"bad":[{"bad_text":""}],"score_override":"","override_value":"","rating":[{"rating_text":"","rating_number":"10"}],"price":[{"shop":"","price":"","link":"","icon":""}],"jnews_override_counter":{"override_view_counter":"0","view_counter_number":"0","override_share_counter":"0","share_counter_number":"0","override_like_counter":"0","like_counter_number":"0","override_dislike_counter":"0","dislike_counter_number":"0"},"jnews_post_split":{"enable_post_split":"0","post_split":[{"template":"1","tag":"h2","numbering":"asc","mode":"normal"}]},"footnotes":""},"categories":[341,20,34],"tags":[],"class_list":["post-22432","post","type-post","status-publish","format-standard","has-post-thumbnail","hentry","category-cdp","category-municipales","category-seccionales"],"jetpack_featured_media_url":"https:\/\/atecordoba.org\/wp-content\/uploads\/2020\/10\/21-10-DENUNCIA-PENAL-R\u00edo-Ceballos.jpg","_links":{"self":[{"href":"https:\/\/atecordoba.org\/index.php?rest_route=\/wp\/v2\/posts\/22432","targetHints":{"allow":["GET"]}}],"collection":[{"href":"https:\/\/atecordoba.org\/index.php?rest_route=\/wp\/v2\/posts"}],"about":[{"href":"https:\/\/atecordoba.org\/index.php?rest_route=\/wp\/v2\/types\/post"}],"author":[{"embeddable":true,"href":"https:\/\/atecordoba.org\/index.php?rest_route=\/wp\/v2\/users\/3"}],"replies":[{"embeddable":true,"href":"https:\/\/atecordoba.org\/index.php?rest_route=%2Fwp%2Fv2%2Fcomments&post=22432"}],"version-history":[{"count":4,"href":"https:\/\/atecordoba.org\/index.php?rest_route=\/wp\/v2\/posts\/22432\/revisions"}],"predecessor-version":[{"id":22438,"href":"https:\/\/atecordoba.org\/index.php?rest_route=\/wp\/v2\/posts\/22432\/revisions\/22438"}],"wp:featuredmedia":[{"embeddable":true,"href":"https:\/\/atecordoba.org\/index.php?rest_route=\/wp\/v2\/media\/22435"}],"wp:attachment":[{"href":"https:\/\/atecordoba.org\/index.php?rest_route=%2Fwp%2Fv2%2Fmedia&parent=22432"}],"wp:term":[{"taxonomy":"category","embeddable":true,"href":"https:\/\/atecordoba.org\/index.php?rest_route=%2Fwp%2Fv2%2Fcategories&post=22432"},{"taxonomy":"post_tag","embeddable":true,"href":"https:\/\/atecordoba.org\/index.php?rest_route=%2Fwp%2Fv2%2Ftags&post=22432"}],"curies":[{"name":"wp","href":"https:\/\/api.w.org\/{rel}","templated":true}]}}