{"id":22426,"date":"2020-10-21T14:24:02","date_gmt":"2020-10-21T17:24:02","guid":{"rendered":"https:\/\/atecordoba.org\/?p=22426"},"modified":"2020-10-21T14:24:02","modified_gmt":"2020-10-21T17:24:02","slug":"pronunciamiento-de-la-mesa-de-trabajo-por-los-derechos-humanos-de-cordoba-ante-la-situacion-de-las-y-los-ninos-y-jovenes-alojados-en-residencias-de-la-senaf","status":"publish","type":"post","link":"https:\/\/atecordoba.org\/?p=22426","title":{"rendered":"Pronunciamiento de la Mesa de Trabajo por los Derechos Humanos de C\u00f3rdoba ante la situaci\u00f3n de las y los ni\u00f1os y j\u00f3venes alojados en residencias de la SENAF"},"content":{"rendered":"<p><img loading=\"lazy\" decoding=\"async\" class=\" wp-image-22428 alignleft\" src=\"https:\/\/atecordoba.org\/wp-content\/uploads\/2020\/10\/MesadeTrabajo-3-300x300.jpeg\" alt=\"\" width=\"375\" height=\"375\" srcset=\"https:\/\/atecordoba.org\/wp-content\/uploads\/2020\/10\/MesadeTrabajo-3-300x300.jpeg 300w, https:\/\/atecordoba.org\/wp-content\/uploads\/2020\/10\/MesadeTrabajo-3-150x150.jpeg 150w, https:\/\/atecordoba.org\/wp-content\/uploads\/2020\/10\/MesadeTrabajo-3-560x560.jpeg 560w, https:\/\/atecordoba.org\/wp-content\/uploads\/2020\/10\/MesadeTrabajo-3-75x75.jpeg 75w, https:\/\/atecordoba.org\/wp-content\/uploads\/2020\/10\/MesadeTrabajo-3.jpeg 640w\" sizes=\"auto, (max-width: 375px) 100vw, 375px\" \/>&#8220;Desde la Mesa de Trabajo por los Derechos Humanos de C\u00f3rdoba, y por iniciativa de la Comisi\u00f3n de Derechos de las Ni\u00f1eces y Adolescencias, queremos manifestar nuestra profunda preocupaci\u00f3n por los hechos acontecidos el d\u00eda jueves 15 octubre de 2020 en la Residencia Madres Adolescentes de SeNAF (Secretaria de Ni\u00f1ez, Adolescencia y Familia).<\/p>\n<p>Las adolescentes all\u00ed alojadas con sus hijes, reclamaron por alimentos insuficientes y de calidad regular, malas condiciones del espacio f\u00edsico que habitan, falta de atenci\u00f3n integral a su salud. Tambi\u00e9n manifestaron inquietud e inconformidad con las estrategias que se dise\u00f1an para su egreso, piden mayor atenci\u00f3n, participaci\u00f3n y celeridad en el proceso, cuesti\u00f3n que se dificulta por la falta de personal en los equipos t\u00e9cnicos.<br \/>\n(&#8230;)<br \/>\nLas carencias que sufren estas j\u00f3venes y sus hijes, no son un hecho aislado o circunstancial, son una realidad compartida por las diferentes Residencias que dependen de la SeNAF donde se alojan ni\u00f1es y adolescentes con medidas excepcionales y bajo seguimiento judicial, ni\u00f1es y adolescentes que fueron retiradxs de sus hogares porque sus derechos estaban siendo vulnerados (ya sea por falta de cuidados parentales, violencias, abusos, etc); y los centros socioeducativos que alojan a j\u00f3venes en conflicto con la ley penal (Complejo Esperanza y CESAM)[1]\u00a0tambi\u00e9n dependientes de SeNAF. Sus condiciones de vida actuales muestran carencias profundas: falta de alimentos, hacinamiento, falta de cuidados en la salud integral (salud sexual no reproductiva, escasa atenci\u00f3n a les ni\u00f1es y adolescentes con problem\u00e1ticas vinculadas a la salud mental y consumo problem\u00e1tico de sustancias psico-activas), y en el acompa\u00f1amiento en la escolaridad. Tambi\u00e9n se advierte la falta o inadecuada provisi\u00f3n de insumos de higiene personal, y escaso presupuesto para actividades l\u00fadicas, recreativas, art\u00edsticas, deportivas o de oficios que constituyen tambi\u00e9n un derecho fundamental para el desarrollo integral de les ni\u00f1es y adolescentes.<br \/>\nEn la actualidad esta situaci\u00f3n se intensifica y agrava al no contar con espacios suficientes y adecuados para cumplir con las medidas de bioseguridad que establece el protocolo Covid19, propiciando los contagios y\/o la prevenci\u00f3n y atenci\u00f3n deficitaria. Tambi\u00e9n nos inquieta el anuncio que hiciera el gobierno provincial sobre el posible traslado de personas presas de la UCA al Complejo Esperanza, dicha medida implicar\u00eda reducir el espacio f\u00edsico disponible para les j\u00f3venes que all\u00ed se alojan, y el desconocimiento de la normativa vigente que impide que les j\u00f3venes convivan con poblaci\u00f3n del sistema penal adulto.<img loading=\"lazy\" decoding=\"async\" class=\" wp-image-22427 aligncenter\" src=\"https:\/\/atecordoba.org\/wp-content\/uploads\/2020\/10\/SENAF-logo-300x223.jpg\" alt=\"\" width=\"381\" height=\"283\" srcset=\"https:\/\/atecordoba.org\/wp-content\/uploads\/2020\/10\/SENAF-logo-300x223.jpg 300w, https:\/\/atecordoba.org\/wp-content\/uploads\/2020\/10\/SENAF-logo.jpg 565w\" sizes=\"auto, (max-width: 381px) 100vw, 381px\" \/><br \/>\n(&#8230;)<br \/>\nComo Mesa de Trabajo por los Derechos Humanos de C\u00f3rdoba consideramos necesario y urgente que se lleven a cabo las intervenciones necesarias por parte del Estado provincial, para garantizar condiciones de vida dignas a ni\u00f1es y adolescentes alojadxs en las Residencias. Que se generen espacios de participaci\u00f3n genuina para que les ni\u00f1es y adolescentes puedan opinar, proponer e incidir en las decisiones que afectan su tr\u00e1nsito por dichos espacios institucionales, y que su voz sea la primera en ser escuchada cuando se generen vulneraciones en las condiciones de vida material, no material y los procesos de intervenci\u00f3n profesional e institucional. Pedimos se arbitren los medios necesarios para dar respuesta inmediata a las j\u00f3venes que realizaron el reclamo el 15 de octubre y a todes les ni\u00f1es y adolescentes alojadxs en las Residencias de SeNAF que sufren las mismas situaciones que se expresaron en el reclamo&#8221;.<\/p>\n","protected":false},"excerpt":{"rendered":"<p>&#8220;Desde la Mesa de Trabajo por los Derechos Humanos de C\u00f3rdoba, y por iniciativa de la Comisi\u00f3n de Derechos de las Ni\u00f1eces y Adolescencias, queremos manifestar nuestra profunda preocupaci\u00f3n por los hechos acontecidos el d\u00eda jueves 15 octubre de 2020 en la Residencia Madres Adolescentes de SeNAF (Secretaria de Ni\u00f1ez, Adolescencia y Familia). Las adolescentes [&hellip;]<\/p>\n","protected":false},"author":7,"featured_media":22428,"comment_status":"open","ping_status":"open","sticky":true,"template":"","format":"standard","meta":{"_exactmetrics_skip_tracking":false,"_exactmetrics_sitenote_active":false,"_exactmetrics_sitenote_note":"","_exactmetrics_sitenote_category":0,"jnews-multi-image_gallery":[],"jnews_single_post":{"source_name":"","source_url":"","via_name":"","via_url":"","override_template":"0","override":[{"template":"1","single_blog_custom":"","parallax":"1","fullscreen":"0","layout":"right-sidebar","sidebar":"default-sidebar","second_sidebar":"default-sidebar","sticky_sidebar":"1","share_position":"top","share_float_style":"share-monocrhome","show_share_counter":"1","show_view_counter":"1","show_featured":"1","show_post_meta":"1","show_post_author":"1","show_post_author_image":"1","show_post_date":"1","post_date_format":"default","post_date_format_custom":"Y\/m\/d","show_post_category":"1","show_post_reading_time":"0","post_reading_time_wpm":"300","show_zoom_button":"0","zoom_button_out_step":"2","zoom_button_in_step":"3","show_post_tag":"1","show_prev_next_post":"1","show_popup_post":"1","number_popup_post":"1","show_author_box":"0","show_post_related":"0","show_inline_post_related":"0"}],"override_image_size":"0","image_override":[{"single_post_thumbnail_size":"crop-500","single_post_gallery_size":"crop-500"}],"trending_post":"0","trending_post_position":"meta","trending_post_label":"Trending","sponsored_post":"0","sponsored_post_label":"Sponsored by","sponsored_post_name":"","sponsored_post_url":"","sponsored_post_logo_enable":"0","sponsored_post_logo":"","sponsored_post_desc":""},"jnews_primary_category":{"id":""},"jnews_social_meta":{"fb_title":"","fb_description":"","fb_image":"","twitter_title":"","twitter_description":"","twitter_image":""},"jnews_review":[],"enable_review":"0","type":"percentage","name":"","summary":"","brand":"","sku":"","good":[{"good_text":""}],"bad":[{"bad_text":""}],"score_override":"","override_value":"","rating":[{"rating_text":"","rating_number":"10"}],"price":[{"shop":"","price":"","link":"","icon":""}],"jnews_override_counter":{"override_view_counter":"0","view_counter_number":"0","override_share_counter":"0","share_counter_number":"0","override_like_counter":"0","like_counter_number":"0","override_dislike_counter":"0","dislike_counter_number":"0"},"jnews_post_split":{"enable_post_split":"0","post_split":[{"template":"1","tag":"h2","numbering":"asc","mode":"normal"}]},"footnotes":""},"categories":[122,8],"tags":[],"class_list":["post-22426","post","type-post","status-publish","format-standard","has-post-thumbnail","hentry","category-ddhh","category-provinciales"],"jetpack_featured_media_url":"https:\/\/atecordoba.org\/wp-content\/uploads\/2020\/10\/MesadeTrabajo-3.jpeg","_links":{"self":[{"href":"https:\/\/atecordoba.org\/index.php?rest_route=\/wp\/v2\/posts\/22426","targetHints":{"allow":["GET"]}}],"collection":[{"href":"https:\/\/atecordoba.org\/index.php?rest_route=\/wp\/v2\/posts"}],"about":[{"href":"https:\/\/atecordoba.org\/index.php?rest_route=\/wp\/v2\/types\/post"}],"author":[{"embeddable":true,"href":"https:\/\/atecordoba.org\/index.php?rest_route=\/wp\/v2\/users\/7"}],"replies":[{"embeddable":true,"href":"https:\/\/atecordoba.org\/index.php?rest_route=%2Fwp%2Fv2%2Fcomments&post=22426"}],"version-history":[{"count":1,"href":"https:\/\/atecordoba.org\/index.php?rest_route=\/wp\/v2\/posts\/22426\/revisions"}],"predecessor-version":[{"id":22429,"href":"https:\/\/atecordoba.org\/index.php?rest_route=\/wp\/v2\/posts\/22426\/revisions\/22429"}],"wp:featuredmedia":[{"embeddable":true,"href":"https:\/\/atecordoba.org\/index.php?rest_route=\/wp\/v2\/media\/22428"}],"wp:attachment":[{"href":"https:\/\/atecordoba.org\/index.php?rest_route=%2Fwp%2Fv2%2Fmedia&parent=22426"}],"wp:term":[{"taxonomy":"category","embeddable":true,"href":"https:\/\/atecordoba.org\/index.php?rest_route=%2Fwp%2Fv2%2Fcategories&post=22426"},{"taxonomy":"post_tag","embeddable":true,"href":"https:\/\/atecordoba.org\/index.php?rest_route=%2Fwp%2Fv2%2Ftags&post=22426"}],"curies":[{"name":"wp","href":"https:\/\/api.w.org\/{rel}","templated":true}]}}