{"id":22419,"date":"2020-10-21T14:05:50","date_gmt":"2020-10-21T17:05:50","guid":{"rendered":"https:\/\/atecordoba.org\/?p=22419"},"modified":"2020-10-21T16:23:49","modified_gmt":"2020-10-21T19:23:49","slug":"las-clases-en-lucha-la-batalla-de-bolivia","status":"publish","type":"post","link":"https:\/\/atecordoba.org\/?p=22419","title":{"rendered":"Las clases en lucha: La batalla de Bolivia"},"content":{"rendered":"<p><img loading=\"lazy\" decoding=\"async\" class=\" wp-image-22420 aligncenter\" src=\"https:\/\/atecordoba.org\/wp-content\/uploads\/2020\/10\/plano-amplio-300x174.png\" alt=\"\" width=\"595\" height=\"345\" srcset=\"https:\/\/atecordoba.org\/wp-content\/uploads\/2020\/10\/plano-amplio-300x174.png 300w, https:\/\/atecordoba.org\/wp-content\/uploads\/2020\/10\/plano-amplio-768x446.png 768w, https:\/\/atecordoba.org\/wp-content\/uploads\/2020\/10\/plano-amplio-750x435.png 750w, https:\/\/atecordoba.org\/wp-content\/uploads\/2020\/10\/plano-amplio.png 963w\" sizes=\"auto, (max-width: 595px) 100vw, 595px\" \/>Organizada por la Secretaria de Prensa del Consejo Directivo Provincial, la actividad se desarroll\u00f3 con la participaci\u00f3n de numerosos compa\u00f1eros y compa\u00f1eras de C\u00f3rdoba y de otras provincias, interesados por acceder a las miradas de dos importantes figuras intelectuales del campo popular latinoamericano como son Isabel Rauber, argentina afincada en Cuba que es doctora en Filosof\u00eda, escritora, profesora de la Universidad de La Habana, y\u00a0Hugo Moldiz, abogado, periodista, catedr\u00e1tico y pol\u00edtico boliviano, ex ministro de Gobierno de Bolivia durante el tercer mandato de Evo Morales, que debi\u00f3 refugiarse en la Embajada de Mexico ante el peligro que corri\u00f3 su vida tras el golpe militar de noviembre de 2019.<\/p>\n<p>La secretaria de Prensa, Julia Giuliani, moder\u00f3 la charla y dijo que al presentar a Rauber, en primer t\u00e9rmino, que &#8220;es una intelectual de la patria grande que pone sus conocimientos y saberes de este lado, es una compa\u00f1era que quiero y admiro mucho&#8221;.<img loading=\"lazy\" decoding=\"async\" class=\" wp-image-22423 alignright\" src=\"https:\/\/atecordoba.org\/wp-content\/uploads\/2020\/10\/julia-300x169.png\" alt=\"\" width=\"479\" height=\"270\" srcset=\"https:\/\/atecordoba.org\/wp-content\/uploads\/2020\/10\/julia-300x169.png 300w, https:\/\/atecordoba.org\/wp-content\/uploads\/2020\/10\/julia-768x433.png 768w, https:\/\/atecordoba.org\/wp-content\/uploads\/2020\/10\/julia-750x423.png 750w, https:\/\/atecordoba.org\/wp-content\/uploads\/2020\/10\/julia.png 988w\" sizes=\"auto, (max-width: 479px) 100vw, 479px\" \/><\/p>\n<p>Posteriormente, el secretario de Formaci\u00f3n del CDP, C\u00e9sar Theaux, destac\u00f3 la importancia de la actividad y se\u00f1al\u00f3 que &#8220;desde la Secretaria de Formaci\u00f3n y el Departamento de Derechos Humanos del CDP, que dirijo, es muy importante este conversatorio para saber que pas\u00f3 en la hermana rep\u00fablica Plurinacional de Bolivia, desde el golpe a Evo hasta ac\u00e1. Entendemos que parte de la formaci\u00f3n para las y los compa\u00f1eros de ATE reside en conocer los procesos geopol\u00edticos que se desarrollan en Latinoam\u00e9rica que evitan los procesos de construcci\u00f3n de la Patria Grande. O que en algunos momentos iluminan esos procesos&#8221;.<\/p>\n<p>Acto seguido comenz\u00f3 la exposici\u00f3n de Rauber, apuntando que las elecciones del domingo pasado fueron &#8220;la gran epopeya del pueblo boliviano. Un triunfo con una participaci\u00f3n tan gran\u00a0 y una diferencia de m\u00e1s del 20% en menos de un a\u00f1o, periodo donde el golpe se ensa\u00f1\u00f3 con represi\u00f3n y violencia contra todo lo que fuera simpatizantes, amigos, ni hablar, militantes y dirigentes del MAS. No es cualquier triunfo, es el del pueblo en medio de la dictadura y la represi\u00f3n implacable, con permanentes amenazas de muerte, con un chantaje\u00a0 pol\u00edtico, social y cultural. En esas condiciones el MAS gana. Lo primero que queda en evidencia es que el a\u00f1o pasado no hubo ning\u00fan fraude&#8221;.<\/p>\n<p>La catedr\u00e1tica dijo que adem\u00e1s que &#8220;se demuestra que nosotros, cuando nos articulamos y nos constituimos como sujetos pol\u00edticos somos invencibles. Es un mensaje muy claro e importante. La necesidad de una unidad construida desde abajo, por los de abajo, que si supieron ponerse por encima de diferentes identidades y lecturas de lo que hab\u00eda ocurrido con las elecciones y en el periodo inmediato anterior, para comprender que la alternativa era entre que el pueblo se convert\u00eda en sujeto pol\u00edtico protagonista de su historia o su historia las protagonizaban otros y quedaban subyugados. Esa madurez es la segunda ense\u00f1anza&#8221;.<\/p>\n<p>Y agreg\u00f3: &#8220;la tercer ense\u00f1anza, que est\u00e1 articulado con las anteriores, eshay un mensaje importante para los pueblos, los intelectuales, la izquierda latinoamericana, para los partidos pol\u00edticos del campo popular y para los gobernantes: el MAS como instrumento pol\u00edtico de soberan\u00eda de los pueblos es la expresi\u00f3n pol\u00edtico institucional de un conjunto de movimientos sociopol\u00edticos que son los que lo originan, y no a la inversa. No es la estructura que crea los movimientos sino el movimiento que crea la estructura&#8221;.<\/p>\n<p><img loading=\"lazy\" decoding=\"async\" class=\" wp-image-22421 aligncenter\" src=\"https:\/\/atecordoba.org\/wp-content\/uploads\/2020\/10\/isabel-rauber-300x160.png\" alt=\"\" width=\"589\" height=\"314\" srcset=\"https:\/\/atecordoba.org\/wp-content\/uploads\/2020\/10\/isabel-rauber-300x160.png 300w, https:\/\/atecordoba.org\/wp-content\/uploads\/2020\/10\/isabel-rauber-768x408.png 768w, https:\/\/atecordoba.org\/wp-content\/uploads\/2020\/10\/isabel-rauber-750x399.png 750w, https:\/\/atecordoba.org\/wp-content\/uploads\/2020\/10\/isabel-rauber.png 991w\" sizes=\"auto, (max-width: 589px) 100vw, 589px\" \/><\/p>\n<p>&#8220;Esa base militante se vuelve a expresar como protagonista y la necesitamos no solo para definir procesos electorales sino que tambi\u00e9n tiene que gobernar. Es fundamental que ese pueblo constituido en sujeto vuelva a gobernar. Y este protagonismo del pueblo va a tener que mantenerse activo frente a la realidad que el proceso que se inicia va a convivir con los golpistas, con los militares que hicieron el golpe, con los parapoliciales armados que pueden intentar otro golpe en alg\u00fan momento. Para garantizar la seguridad de las instituciones y de la soberan\u00eda en democracia. Si no se garantiza la vida de las personas tampoco se puede garantizar el rumbo del pa\u00eds&#8221;, consider\u00f3 en otro tramo de su disertaci\u00f3n.<\/p>\n<p>&#8220;Esto tambi\u00e9n incide en la profundizaci\u00f3n del proceso de descolonizaci\u00f3n de Bolivia, es un proceso simult\u00e1neo al pol\u00edtico. No por una aceleraci\u00f3n que llegue el nuevo gobierno sino por la necesidad de protagonismo del pueblo en la construcci\u00f3n de los consensos de los acuerdos que sean necesarios. Va a ser un gran aprendizaje para todos los procesos latinoamericanos, donde las izquierdas siempre pensaron que desde el partido se ordenaban estos procesos pol\u00edticos. Esta etapa demuestra que es en un plano horizontal, de equidad, no de arriba para abajo ni de abajo para arriba, sino abriendo espacios para dialogar y construir colectivamente los procesos. Mas all\u00e1 de la natural jerarqu\u00eda en la organizaci\u00f3n del Estado el tema est\u00e1 en la toma de decisiones&#8221;, resumi\u00f3.<\/p>\n<p><strong>C\u00f3mo llega el movimiento social a las elecciones<\/strong><\/p>\n<p>El conversatorio continu\u00f3 con la participaci\u00f3n de Hugo Moldiz, a quien Giuliani agradeci\u00f3 su participaci\u00f3n &#8220;a 48 horas del triunfo del MAS&#8221;, destacando su experiencia como intelectual y funcionario del gobierno masista.<\/p>\n<p>Moldiz comenz\u00f3 apuntando que hay dos lecturas a prop\u00f3sito del triunfo.\u00a0&#8220;La primera es que el a\u00f1o pasado hubo un mal sue\u00f1o que dur\u00f3 11 meses y del que despertamos este fin de semana. Y que hay que darle continuidad al proceso que se produjo durante 14 a\u00f1os&#8221;.<\/p>\n<p>Y prosigui\u00f3: &#8220;la otra mirada es valorar los aportes y precisar los errores, tanto desde la gesti\u00f3n de gobierno como en la gesti\u00f3n pol\u00edtica. Identificar los tiempos que acompa\u00f1aron el gobierno de facto de A\u00f1ez. Y como esos tiempos, en base a lo acumulado hist\u00f3ricamente, se fue reconstituyendo un sujeto desde abajo y que logr\u00f3 ser el gran motor para la obtenci\u00f3n del triunfo del domingo&#8221;.<\/p>\n<p><img loading=\"lazy\" decoding=\"async\" class=\" wp-image-22422 aligncenter\" src=\"https:\/\/atecordoba.org\/wp-content\/uploads\/2020\/10\/HUGO-moldiz-300x174.png\" alt=\"\" width=\"609\" height=\"353\" srcset=\"https:\/\/atecordoba.org\/wp-content\/uploads\/2020\/10\/HUGO-moldiz-300x174.png 300w, https:\/\/atecordoba.org\/wp-content\/uploads\/2020\/10\/HUGO-moldiz-768x445.png 768w, https:\/\/atecordoba.org\/wp-content\/uploads\/2020\/10\/HUGO-moldiz-750x435.png 750w, https:\/\/atecordoba.org\/wp-content\/uploads\/2020\/10\/HUGO-moldiz.png 981w\" sizes=\"auto, (max-width: 609px) 100vw, 609px\" \/><\/p>\n<p>Moldiz explic\u00f3 su perspectiva afirmando que &#8220;te\u00f3ricamente, la dictadura ten\u00eda como mandato pacificar el pa\u00eds y convocar a nuevas elecciones. No hizo ni lo uno ni lo otro.\u00a0Si convocaba a las elecciones en enero y febrero los resultados hubieran sido distintos. El derrocamiento (de Evo Morales) produjo unos festejos en las capas urbanas fascitizadas que no hab\u00eda visto antes. Hab\u00eda un cierto colch\u00f3n social para instalar un r\u00e9gimen de excepci\u00f3n, pero los que lo impulsaron se olvidaron que no todo son medidas de fuerza sino que tambi\u00e9n ten\u00eda que hacer pol\u00edtica en funci\u00f3n de esa base social, m\u00e1s all\u00e1 del apoyo de la OEA y dem\u00e1s&#8221;.<\/p>\n<p>&#8220;En la medida que fueron postergando las elecciones qued\u00f3 en evidencia la imposibilidad de resolver la crisis sanitaria en el pa\u00eds. No solo desde lo t\u00e9cnico sino que todo acompa\u00f1ado de niveles de corrupci\u00f3n muy altos donde se compraron respiradores que no estaban completos o que no se sab\u00eda d\u00f3nde estaban. \u00a0Adem\u00e1s, esa gesti\u00f3n del Covid fue acompa\u00f1ada por una represi\u00f3n sistem\u00e1tica y focalizada en los territorios donde los movimientos sociales son fuertes. No reprim\u00edan a los ni\u00f1os bien de la zona sur de la ciudad de La Paz por vulnerar los horarios de circulaci\u00f3n durante la cuarentena. A ellos los invitaban cort\u00e9smente a volver a su casa. En cambio, a los indios, campesinos y obreros los manejaron en base al uso de la fuerza. Utilizaron la pandemia como una fachada para desarrollar toda la represi\u00f3n que fuera posible&#8221;, describi\u00f3.<\/p>\n<p><strong>Obst\u00e1culos para la dictadura<\/strong><\/p>\n<p>Moldiz sum\u00f3 otros puntos de an\u00e1lisis al cuadro que se produjo en Bolivia.<\/p>\n<p>&#8220;La dictadura tambi\u00e9n tuvo una imposibilidad de resolver el problema econ\u00f3mico, porque las condiciones productivas del pa\u00eds se fueron deteriorando muy r\u00e1pidamente hasta el punto que en pocos meses no ten\u00eda plata ni para pagar salarios del Estado.\u00a0El boliviano se hab\u00eda acostumbrado a un pa\u00eds donde hab\u00eda mucha estabilidad econ\u00f3mica, mucha plata en la calle, mucho comercio a ser el pa\u00eds que m\u00e1s creci\u00f3 en Sudam\u00e9rica los \u00faltimos ocho a\u00f1os&#8221;.<\/p>\n<p>&#8220;Entonces -razon\u00f3- ten\u00edan crisis pol\u00edtica porque eran un gobierno surgido de un golpe de Estado militar t\u00edpico, con la \u00fanica diferencia que despu\u00e9s le dejaron el gobierno a un civil, pero colonizado por militares y polic\u00edas. Recordemos que A\u00f1ez se autoproclam\u00f3 presidenta, ignorando todo el proceso constitucional&#8221; para reemplazar al presidente despu\u00e9s que Evo renunciara presionado por los militares.<\/p>\n<p>Por eso Moldiz sostiene que &#8220;el escenario era de una crisis pol\u00edtica con cierta base de sustentaci\u00f3n en las clases medias que aparentemente acumularon odio durante 14 a\u00f1os, y un movimiento social, que fue el que pari\u00f3 la revoluci\u00f3n boliviana, fragmentado para resistir a la dictadura que no sali\u00f3 a respaldar a Evo ni a defender el proceso de cambio. Pero en marzo-abril hay un punto de inflexi\u00f3n y un proceso de recuperaci\u00f3n de la capacidad de autorepresentaci\u00f3n de los sectores sociales, incluso de autonom\u00eda frente al MAS, reconstituyendo su proceso como sujeto pol\u00edtico&#8221;.<\/p>\n<p>&#8220;Cuando el gobierno se facto se niega a abrir alguna v\u00e1lvula para la participaci\u00f3n pol\u00edtica, sino continuar con la represi\u00f3n y desprecio de los s\u00edmbolos de los pueblos originarios, prepararon un terreno f\u00e9rtil para repotenciamiento de movimiento social. Cuanto m\u00e1s tardaban en convocar a elecciones, m\u00e1s era el fortalecimiento del movimiento social, hasta que se llega agosto, cuando se produce la movilizaci\u00f3n&#8221;.<\/p>\n<p>&#8220;Ah\u00ed el movimiento social decide que para septiembre no era posible derrocar a A\u00f1ez porque lo plazos no daban y que tampoco conven\u00eda pol\u00edticamente porque ese era un recurso del que se iba a agarrar la dictadora. Entonces se decide perdonarle la vida al gobierno de A\u00f1ez, es decir, se respeta la salida pol\u00edtica&#8221;.<\/p>\n<p>Para el intelectual boliviano &#8220;igual sucedi\u00f3 en 2003, cuando se produce la gran insurrecci\u00f3n contra S\u00e1nchez de Lozada. Entonces era posible entrar al Palacio (del Quemado, sede de gobierno de Bolivia, NdR) pero no se sab\u00eda cu\u00e1nto tiempo se hubiera durado ah\u00ed. Y el movimiento social tampoco ingresa a Palacio cuando renuncia S\u00e1nchez de Lozada sino que saluda que asuma Carlos Meza a la Presidencia para respetar la institucionalidad y evitar dar pretexto a los EEUU para que intervenga en el pa\u00eds. Pas\u00f3 igual en agosto pasado. Y los movimientos sociales desmovilizan despu\u00e9s de las grandes manifestaciones contra el compromiso de que si o si las elecciones se realizaran el 18 de octubre&#8221;.<\/p>\n<p>El conversatorio se extendi\u00f3 por dos horas, donde distintos compa\u00f1eros y compa\u00f1eras realizaron intervenciones, entusiasmados por la propuesta del CDP de ATE C\u00f3rdoba. La charla completa est\u00e1 disponible <a href=\"https:\/\/www.facebook.com\/watch\/?v=381060263072947\">ac\u00e1<\/a>.<\/p>\n","protected":false},"excerpt":{"rendered":"<p>Organizada por la Secretaria de Prensa del Consejo Directivo Provincial, la actividad se desarroll\u00f3 con la participaci\u00f3n de numerosos compa\u00f1eros y compa\u00f1eras de C\u00f3rdoba y de otras provincias, interesados por acceder a las miradas de dos importantes figuras intelectuales del campo popular latinoamericano como son Isabel Rauber, argentina afincada en Cuba que es doctora en [&hellip;]<\/p>\n","protected":false},"author":7,"featured_media":22424,"comment_status":"open","ping_status":"open","sticky":true,"template":"","format":"standard","meta":{"_exactmetrics_skip_tracking":false,"_exactmetrics_sitenote_active":false,"_exactmetrics_sitenote_note":"","_exactmetrics_sitenote_category":0,"jnews-multi-image_gallery":[],"jnews_single_post":{"source_name":"","source_url":"","via_name":"","via_url":"","override_template":"0","override":[{"template":"1","single_blog_custom":"","parallax":"1","fullscreen":"0","layout":"right-sidebar","sidebar":"default-sidebar","second_sidebar":"default-sidebar","sticky_sidebar":"1","share_position":"top","share_float_style":"share-monocrhome","show_share_counter":"1","show_view_counter":"1","show_featured":"1","show_post_meta":"1","show_post_author":"1","show_post_author_image":"1","show_post_date":"1","post_date_format":"default","post_date_format_custom":"Y\/m\/d","show_post_category":"1","show_post_reading_time":"0","post_reading_time_wpm":"300","show_zoom_button":"0","zoom_button_out_step":"2","zoom_button_in_step":"3","show_post_tag":"1","show_prev_next_post":"1","show_popup_post":"1","number_popup_post":"1","show_author_box":"0","show_post_related":"0","show_inline_post_related":"0"}],"override_image_size":"0","image_override":[{"single_post_thumbnail_size":"crop-500","single_post_gallery_size":"crop-500"}],"trending_post":"0","trending_post_position":"meta","trending_post_label":"Trending","sponsored_post":"0","sponsored_post_label":"Sponsored by","sponsored_post_name":"","sponsored_post_url":"","sponsored_post_logo_enable":"0","sponsored_post_logo":"","sponsored_post_desc":""},"jnews_primary_category":{"id":""},"jnews_social_meta":{"fb_title":"","fb_description":"","fb_image":"","twitter_title":"","twitter_description":"","twitter_image":""},"jnews_review":[],"enable_review":"0","type":"percentage","name":"","summary":"","brand":"","sku":"","good":[{"good_text":""}],"bad":[{"bad_text":""}],"score_override":"","override_value":"","rating":[{"rating_text":"","rating_number":"10"}],"price":[{"shop":"","price":"","link":"","icon":""}],"jnews_override_counter":{"override_view_counter":"0","view_counter_number":"0","override_share_counter":"0","share_counter_number":"0","override_like_counter":"0","like_counter_number":"0","override_dislike_counter":"0","dislike_counter_number":"0"},"jnews_post_split":{"enable_post_split":"0","post_split":[{"template":"1","tag":"h2","numbering":"asc","mode":"normal"}]},"footnotes":""},"categories":[10,341,346],"tags":[489,615,617],"class_list":["post-22419","post","type-post","status-publish","format-standard","has-post-thumbnail","hentry","category-accion-politica","category-cdp","category-prensa-y-comunicacion","tag-bolivia","tag-hugo-moldiz","tag-isabel-rauber"],"jetpack_featured_media_url":"https:\/\/atecordoba.org\/wp-content\/uploads\/2020\/10\/elecciones2.jpg","_links":{"self":[{"href":"https:\/\/atecordoba.org\/index.php?rest_route=\/wp\/v2\/posts\/22419","targetHints":{"allow":["GET"]}}],"collection":[{"href":"https:\/\/atecordoba.org\/index.php?rest_route=\/wp\/v2\/posts"}],"about":[{"href":"https:\/\/atecordoba.org\/index.php?rest_route=\/wp\/v2\/types\/post"}],"author":[{"embeddable":true,"href":"https:\/\/atecordoba.org\/index.php?rest_route=\/wp\/v2\/users\/7"}],"replies":[{"embeddable":true,"href":"https:\/\/atecordoba.org\/index.php?rest_route=%2Fwp%2Fv2%2Fcomments&post=22419"}],"version-history":[{"count":2,"href":"https:\/\/atecordoba.org\/index.php?rest_route=\/wp\/v2\/posts\/22419\/revisions"}],"predecessor-version":[{"id":22430,"href":"https:\/\/atecordoba.org\/index.php?rest_route=\/wp\/v2\/posts\/22419\/revisions\/22430"}],"wp:featuredmedia":[{"embeddable":true,"href":"https:\/\/atecordoba.org\/index.php?rest_route=\/wp\/v2\/media\/22424"}],"wp:attachment":[{"href":"https:\/\/atecordoba.org\/index.php?rest_route=%2Fwp%2Fv2%2Fmedia&parent=22419"}],"wp:term":[{"taxonomy":"category","embeddable":true,"href":"https:\/\/atecordoba.org\/index.php?rest_route=%2Fwp%2Fv2%2Fcategories&post=22419"},{"taxonomy":"post_tag","embeddable":true,"href":"https:\/\/atecordoba.org\/index.php?rest_route=%2Fwp%2Fv2%2Ftags&post=22419"}],"curies":[{"name":"wp","href":"https:\/\/api.w.org\/{rel}","templated":true}]}}