{"id":22412,"date":"2020-10-20T13:13:52","date_gmt":"2020-10-20T16:13:52","guid":{"rendered":"https:\/\/atecordoba.org\/?p=22412"},"modified":"2020-10-20T13:20:18","modified_gmt":"2020-10-20T16:20:18","slug":"ate-saluda-a-los-controladores-aereos-en-su-dia","status":"publish","type":"post","link":"https:\/\/atecordoba.org\/?p=22412","title":{"rendered":"ATE saluda a los Controladores A\u00e9reos en su d\u00eda"},"content":{"rendered":"<p><img loading=\"lazy\" decoding=\"async\" class=\" wp-image-22413 aligncenter\" src=\"https:\/\/atecordoba.org\/wp-content\/uploads\/2020\/10\/IMG-20201020-WA0013-300x168.jpg\" alt=\"\" width=\"599\" height=\"336\" srcset=\"https:\/\/atecordoba.org\/wp-content\/uploads\/2020\/10\/IMG-20201020-WA0013-300x168.jpg 300w, https:\/\/atecordoba.org\/wp-content\/uploads\/2020\/10\/IMG-20201020-WA0013-768x431.jpg 768w, https:\/\/atecordoba.org\/wp-content\/uploads\/2020\/10\/IMG-20201020-WA0013-750x421.jpg 750w, https:\/\/atecordoba.org\/wp-content\/uploads\/2020\/10\/IMG-20201020-WA0013.jpg 960w\" sizes=\"auto, (max-width: 599px) 100vw, 599px\" \/>El Consejo Directivo Provincial de ATE C\u00f3rdoba saluda a las y los trabajadores del Control de Tr\u00e1nsito A\u00e9reo en su d\u00eda.<\/p>\n<p>Se trata de trabajadores y trabajadoras esenciales que prestan servicio durante la pandemia para garantizar el normal cumplimiento de los vuelos sanitarios, de Estado, repatriaciones y de todo orden habilitado, en el marco de las restricciones sanitarias, cumpliendo con el compromiso de que cada persona llegue a su destino.<img loading=\"lazy\" decoding=\"async\" class=\" wp-image-22414 alignright\" src=\"https:\/\/atecordoba.org\/wp-content\/uploads\/2020\/10\/IMG-20201020-WA0012-300x225.jpg\" alt=\"\" width=\"347\" height=\"260\" srcset=\"https:\/\/atecordoba.org\/wp-content\/uploads\/2020\/10\/IMG-20201020-WA0012-300x225.jpg 300w, https:\/\/atecordoba.org\/wp-content\/uploads\/2020\/10\/IMG-20201020-WA0012-768x576.jpg 768w, https:\/\/atecordoba.org\/wp-content\/uploads\/2020\/10\/IMG-20201020-WA0012-750x563.jpg 750w, https:\/\/atecordoba.org\/wp-content\/uploads\/2020\/10\/IMG-20201020-WA0012.jpg 960w\" sizes=\"auto, (max-width: 347px) 100vw, 347px\" \/><\/p>\n<p>Si bien es una profesi\u00f3n desconocida aun por la mayor\u00eda de la sociedad, no por eso menos importante debido a la responsabilidad que implica la tarea y los niveles de estr\u00e9s que conlleva. En consecuencia requiere de profesionales altamente capacitados, \u00a0trabajadores y trabajadoras que en sus puestos mantienen contacto con los pilotos en cada fase del vuelo.<\/p>\n<p>En una torre de control o en un centro de control son compa\u00f1eras y compa\u00f1eros que brindan seguridad a\u00e9rea, organizando el desarrollo de los vuelos.<\/p>\n<p>Desde ATE hacemos llegar nuestro saludo fraterno y refrendamos el compromiso de no claudicar en la lucha para ser el gremio que represente al sector en la Empresa Argentina de Navegaci\u00f3n A\u00e9rea (EANA), donde logramos que se establezca la estabilidad laboral del trabajador estatal, que ordena la Constituci\u00f3n Nacional, durante el traspaso.<\/p>\n<p style=\"text-align: center;\">FELIZ DIA INTERNACIONAL DEL CONTROLADOR DE TRANSITO AEREO<\/p>\n<p><img loading=\"lazy\" decoding=\"async\" class=\" wp-image-22415 aligncenter\" src=\"https:\/\/atecordoba.org\/wp-content\/uploads\/2020\/10\/IMG-20201020-WA0021-300x199.jpg\" alt=\"\" width=\"522\" height=\"346\" srcset=\"https:\/\/atecordoba.org\/wp-content\/uploads\/2020\/10\/IMG-20201020-WA0021-300x199.jpg 300w, https:\/\/atecordoba.org\/wp-content\/uploads\/2020\/10\/IMG-20201020-WA0021-1024x681.jpg 1024w, https:\/\/atecordoba.org\/wp-content\/uploads\/2020\/10\/IMG-20201020-WA0021-768x511.jpg 768w, https:\/\/atecordoba.org\/wp-content\/uploads\/2020\/10\/IMG-20201020-WA0021-750x499.jpg 750w, https:\/\/atecordoba.org\/wp-content\/uploads\/2020\/10\/IMG-20201020-WA0021.jpg 1080w\" sizes=\"auto, (max-width: 522px) 100vw, 522px\" \/><\/p>\n","protected":false},"excerpt":{"rendered":"<p>El Consejo Directivo Provincial de ATE C\u00f3rdoba saluda a las y los trabajadores del Control de Tr\u00e1nsito A\u00e9reo en su d\u00eda. Se trata de trabajadores y trabajadoras esenciales que prestan servicio durante la pandemia para garantizar el normal cumplimiento de los vuelos sanitarios, de Estado, repatriaciones y de todo orden habilitado, en el marco de [&hellip;]<\/p>\n","protected":false},"author":7,"featured_media":22413,"comment_status":"open","ping_status":"open","sticky":true,"template":"","format":"standard","meta":{"_exactmetrics_skip_tracking":false,"_exactmetrics_sitenote_active":false,"_exactmetrics_sitenote_note":"","_exactmetrics_sitenote_category":0,"jnews-multi-image_gallery":[],"jnews_single_post":{"source_name":"","source_url":"","via_name":"","via_url":"","override_template":"0","override":[{"template":"1","single_blog_custom":"","parallax":"1","fullscreen":"0","layout":"right-sidebar","sidebar":"default-sidebar","second_sidebar":"default-sidebar","sticky_sidebar":"1","share_position":"top","share_float_style":"share-monocrhome","show_share_counter":"1","show_view_counter":"1","show_featured":"1","show_post_meta":"1","show_post_author":"1","show_post_author_image":"1","show_post_date":"1","post_date_format":"default","post_date_format_custom":"Y\/m\/d","show_post_category":"1","show_post_reading_time":"0","post_reading_time_wpm":"300","show_zoom_button":"0","zoom_button_out_step":"2","zoom_button_in_step":"3","show_post_tag":"1","show_prev_next_post":"1","show_popup_post":"1","number_popup_post":"1","show_author_box":"0","show_post_related":"0","show_inline_post_related":"0"}],"override_image_size":"0","image_override":[{"single_post_thumbnail_size":"crop-500","single_post_gallery_size":"crop-500"}],"trending_post":"0","trending_post_position":"meta","trending_post_label":"Trending","sponsored_post":"0","sponsored_post_label":"Sponsored by","sponsored_post_name":"","sponsored_post_url":"","sponsored_post_logo_enable":"0","sponsored_post_logo":"","sponsored_post_desc":""},"jnews_primary_category":{"id":""},"jnews_social_meta":{"fb_title":"","fb_description":"","fb_image":"","twitter_title":"","twitter_description":"","twitter_image":""},"jnews_review":[],"enable_review":"0","type":"percentage","name":"","summary":"","brand":"","sku":"","good":[{"good_text":""}],"bad":[{"bad_text":""}],"score_override":"","override_value":"","rating":[{"rating_text":"","rating_number":"10"}],"price":[{"shop":"","price":"","link":"","icon":""}],"jnews_override_counter":{"override_view_counter":"0","view_counter_number":"0","override_share_counter":"0","share_counter_number":"0","override_like_counter":"0","like_counter_number":"0","override_dislike_counter":"0","dislike_counter_number":"0"},"jnews_post_split":{"enable_post_split":"0","post_split":[{"template":"1","tag":"h2","numbering":"asc","mode":"normal"}]},"footnotes":""},"categories":[341,18],"tags":[33,616],"class_list":["post-22412","post","type-post","status-publish","format-standard","has-post-thumbnail","hentry","category-cdp","category-nacionales","tag-anac","tag-controladores-aereos"],"jetpack_featured_media_url":"https:\/\/atecordoba.org\/wp-content\/uploads\/2020\/10\/IMG-20201020-WA0013.jpg","_links":{"self":[{"href":"https:\/\/atecordoba.org\/index.php?rest_route=\/wp\/v2\/posts\/22412","targetHints":{"allow":["GET"]}}],"collection":[{"href":"https:\/\/atecordoba.org\/index.php?rest_route=\/wp\/v2\/posts"}],"about":[{"href":"https:\/\/atecordoba.org\/index.php?rest_route=\/wp\/v2\/types\/post"}],"author":[{"embeddable":true,"href":"https:\/\/atecordoba.org\/index.php?rest_route=\/wp\/v2\/users\/7"}],"replies":[{"embeddable":true,"href":"https:\/\/atecordoba.org\/index.php?rest_route=%2Fwp%2Fv2%2Fcomments&post=22412"}],"version-history":[{"count":3,"href":"https:\/\/atecordoba.org\/index.php?rest_route=\/wp\/v2\/posts\/22412\/revisions"}],"predecessor-version":[{"id":22418,"href":"https:\/\/atecordoba.org\/index.php?rest_route=\/wp\/v2\/posts\/22412\/revisions\/22418"}],"wp:featuredmedia":[{"embeddable":true,"href":"https:\/\/atecordoba.org\/index.php?rest_route=\/wp\/v2\/media\/22413"}],"wp:attachment":[{"href":"https:\/\/atecordoba.org\/index.php?rest_route=%2Fwp%2Fv2%2Fmedia&parent=22412"}],"wp:term":[{"taxonomy":"category","embeddable":true,"href":"https:\/\/atecordoba.org\/index.php?rest_route=%2Fwp%2Fv2%2Fcategories&post=22412"},{"taxonomy":"post_tag","embeddable":true,"href":"https:\/\/atecordoba.org\/index.php?rest_route=%2Fwp%2Fv2%2Ftags&post=22412"}],"curies":[{"name":"wp","href":"https:\/\/api.w.org\/{rel}","templated":true}]}}