{"id":22403,"date":"2020-10-19T12:27:24","date_gmt":"2020-10-19T15:27:24","guid":{"rendered":"https:\/\/atecordoba.org\/?p=22403"},"modified":"2020-10-19T12:27:24","modified_gmt":"2020-10-19T15:27:24","slug":"la-batalla-de-bolivia-patria-si-colonia-no","status":"publish","type":"post","link":"https:\/\/atecordoba.org\/?p=22403","title":{"rendered":"La batalla de Bolivia: patria si, colonia no"},"content":{"rendered":"<p><img loading=\"lazy\" decoding=\"async\" class=\" wp-image-22404 aligncenter\" src=\"https:\/\/atecordoba.org\/wp-content\/uploads\/2020\/10\/zoom-bolivia-300x300.jpeg\" alt=\"\" width=\"467\" height=\"467\" srcset=\"https:\/\/atecordoba.org\/wp-content\/uploads\/2020\/10\/zoom-bolivia-300x300.jpeg 300w, https:\/\/atecordoba.org\/wp-content\/uploads\/2020\/10\/zoom-bolivia-1024x1024.jpeg 1024w, https:\/\/atecordoba.org\/wp-content\/uploads\/2020\/10\/zoom-bolivia-150x150.jpeg 150w, https:\/\/atecordoba.org\/wp-content\/uploads\/2020\/10\/zoom-bolivia-768x768.jpeg 768w, https:\/\/atecordoba.org\/wp-content\/uploads\/2020\/10\/zoom-bolivia-560x560.jpeg 560w, https:\/\/atecordoba.org\/wp-content\/uploads\/2020\/10\/zoom-bolivia-75x75.jpeg 75w, https:\/\/atecordoba.org\/wp-content\/uploads\/2020\/10\/zoom-bolivia-750x750.jpeg 750w, https:\/\/atecordoba.org\/wp-content\/uploads\/2020\/10\/zoom-bolivia.jpeg 1080w\" sizes=\"auto, (max-width: 467px) 100vw, 467px\" \/>Despu\u00e9s del aplastante triunfo del MAS en las elecciones presidenciales en Bolivia realizadas ayer, el Consejo Directivo Provincial de ATE C\u00f3rdoba realizar\u00e1 ma\u00f1ana una charla virtual, para analizar la situaci\u00f3n en que deja el pa\u00eds la dictadura que realiz\u00f3 el a\u00f1o pasado tras el golpe de Estado que depuso a Evo Morales.<\/p>\n<p>Se trata de una actividad abierta, que tendr\u00e1 la moderaci\u00f3n de la secretaria de Prensa de ATE, Julia Giuliani, y contar\u00e1 con la participaci\u00f3n de Isabel Rauber y Hugo Moldiz.<\/p>\n<p>Isabel Rauber es doctora en Filosof\u00eda, Directora de la Revista \u201cPasado y Presente XXI\u201d; escritora y profesora adjunta de la facultad de Filosof\u00eda de la Universidad de La Habana.<\/p>\n<p>Hugo Moldiz Mercado es un abogado, periodista, catedr\u00e1tico y pol\u00edtico boliviano. Fue el ministro de Gobierno de Bolivia desde el 23 de enero de 2015 hasta el 25 de mayo de 2015, durante el tercer gobierno del presidente Evo Morales.<\/p>\n<p>La actividad se realizar\u00e1 ma\u00f1ana, a partir de las 18 horas.<\/p>\n<p>Los interesados pueden participar:<\/p>\n<p>\ud83d\udcf2En vivo por Facebook ATE C\u00f3rdoba y por FM GEN 107.5<\/p>\n<p>\ud83d\udcf2Unirse a la reuni\u00f3n Zoom<\/p>\n<p>https:\/\/us02web.zoom.us\/j\/82809174606?pwd=bGF5UDhyeEVHQklZR1R0eGJxRWJ1UT09<\/p>\n<p>Si pidiera<\/p>\n<p>ID de reuni\u00f3n: 828 0917 4606<\/p>\n<p>C\u00f3digo de acceso: 033366<\/p>\n<p>&nbsp;<\/p>\n","protected":false},"excerpt":{"rendered":"<p>Despu\u00e9s del aplastante triunfo del MAS en las elecciones presidenciales en Bolivia realizadas ayer, el Consejo Directivo Provincial de ATE C\u00f3rdoba realizar\u00e1 ma\u00f1ana una charla virtual, para analizar la situaci\u00f3n en que deja el pa\u00eds la dictadura que realiz\u00f3 el a\u00f1o pasado tras el golpe de Estado que depuso a Evo Morales. Se trata de [&hellip;]<\/p>\n","protected":false},"author":7,"featured_media":22404,"comment_status":"open","ping_status":"open","sticky":false,"template":"","format":"standard","meta":{"_exactmetrics_skip_tracking":false,"_exactmetrics_sitenote_active":false,"_exactmetrics_sitenote_note":"","_exactmetrics_sitenote_category":0,"jnews-multi-image_gallery":[],"jnews_single_post":{"source_name":"","source_url":"","via_name":"","via_url":"","override_template":"0","override":[{"template":"1","single_blog_custom":"","parallax":"1","fullscreen":"0","layout":"right-sidebar","sidebar":"default-sidebar","second_sidebar":"default-sidebar","sticky_sidebar":"1","share_position":"top","share_float_style":"share-monocrhome","show_share_counter":"1","show_view_counter":"1","show_featured":"1","show_post_meta":"1","show_post_author":"1","show_post_author_image":"1","show_post_date":"1","post_date_format":"default","post_date_format_custom":"Y\/m\/d","show_post_category":"1","show_post_reading_time":"0","post_reading_time_wpm":"300","show_zoom_button":"0","zoom_button_out_step":"2","zoom_button_in_step":"3","show_post_tag":"1","show_prev_next_post":"1","show_popup_post":"1","number_popup_post":"1","show_author_box":"0","show_post_related":"0","show_inline_post_related":"0"}],"override_image_size":"0","image_override":[{"single_post_thumbnail_size":"crop-500","single_post_gallery_size":"crop-500"}],"trending_post":"0","trending_post_position":"meta","trending_post_label":"Trending","sponsored_post":"0","sponsored_post_label":"Sponsored by","sponsored_post_name":"","sponsored_post_url":"","sponsored_post_logo_enable":"0","sponsored_post_logo":"","sponsored_post_desc":""},"jnews_primary_category":{"id":""},"jnews_social_meta":{"fb_title":"","fb_description":"","fb_image":"","twitter_title":"","twitter_description":"","twitter_image":""},"jnews_review":[],"enable_review":"0","type":"percentage","name":"","summary":"","brand":"","sku":"","good":[{"good_text":""}],"bad":[{"bad_text":""}],"score_override":"","override_value":"","rating":[{"rating_text":"","rating_number":"10"}],"price":[{"shop":"","price":"","link":"","icon":""}],"jnews_override_counter":{"override_view_counter":"0","view_counter_number":"0","override_share_counter":"0","share_counter_number":"0","override_like_counter":"0","like_counter_number":"0","override_dislike_counter":"0","dislike_counter_number":"0"},"jnews_post_split":{"enable_post_split":"0","post_split":[{"template":"1","tag":"h2","numbering":"asc","mode":"normal"}]},"footnotes":""},"categories":[10,341,346],"tags":[614,615],"class_list":["post-22403","post","type-post","status-publish","format-standard","has-post-thumbnail","hentry","category-accion-politica","category-cdp","category-prensa-y-comunicacion","tag-elecciones-bolivia-isabel-rauber","tag-hugo-moldiz"],"jetpack_featured_media_url":"https:\/\/atecordoba.org\/wp-content\/uploads\/2020\/10\/zoom-bolivia.jpeg","_links":{"self":[{"href":"https:\/\/atecordoba.org\/index.php?rest_route=\/wp\/v2\/posts\/22403","targetHints":{"allow":["GET"]}}],"collection":[{"href":"https:\/\/atecordoba.org\/index.php?rest_route=\/wp\/v2\/posts"}],"about":[{"href":"https:\/\/atecordoba.org\/index.php?rest_route=\/wp\/v2\/types\/post"}],"author":[{"embeddable":true,"href":"https:\/\/atecordoba.org\/index.php?rest_route=\/wp\/v2\/users\/7"}],"replies":[{"embeddable":true,"href":"https:\/\/atecordoba.org\/index.php?rest_route=%2Fwp%2Fv2%2Fcomments&post=22403"}],"version-history":[{"count":1,"href":"https:\/\/atecordoba.org\/index.php?rest_route=\/wp\/v2\/posts\/22403\/revisions"}],"predecessor-version":[{"id":22405,"href":"https:\/\/atecordoba.org\/index.php?rest_route=\/wp\/v2\/posts\/22403\/revisions\/22405"}],"wp:featuredmedia":[{"embeddable":true,"href":"https:\/\/atecordoba.org\/index.php?rest_route=\/wp\/v2\/media\/22404"}],"wp:attachment":[{"href":"https:\/\/atecordoba.org\/index.php?rest_route=%2Fwp%2Fv2%2Fmedia&parent=22403"}],"wp:term":[{"taxonomy":"category","embeddable":true,"href":"https:\/\/atecordoba.org\/index.php?rest_route=%2Fwp%2Fv2%2Fcategories&post=22403"},{"taxonomy":"post_tag","embeddable":true,"href":"https:\/\/atecordoba.org\/index.php?rest_route=%2Fwp%2Fv2%2Ftags&post=22403"}],"curies":[{"name":"wp","href":"https:\/\/api.w.org\/{rel}","templated":true}]}}