{"id":22397,"date":"2020-10-19T11:18:31","date_gmt":"2020-10-19T14:18:31","guid":{"rendered":"https:\/\/atecordoba.org\/?p=22397"},"modified":"2020-10-19T11:37:00","modified_gmt":"2020-10-19T14:37:00","slug":"se-presento-el-departamento-de-salud-laboral-de-ate-cordoba","status":"publish","type":"post","link":"https:\/\/atecordoba.org\/?p=22397","title":{"rendered":"Se present\u00f3 el Departamento de Salud Laboral de ATE C\u00f3rdoba"},"content":{"rendered":"<p><img loading=\"lazy\" decoding=\"async\" class=\" wp-image-22398 aligncenter\" src=\"https:\/\/atecordoba.org\/wp-content\/uploads\/2020\/10\/1--300x202.jpg\" alt=\"\" width=\"601\" height=\"405\" srcset=\"https:\/\/atecordoba.org\/wp-content\/uploads\/2020\/10\/1--300x202.jpg 300w, https:\/\/atecordoba.org\/wp-content\/uploads\/2020\/10\/1--1024x689.jpg 1024w, https:\/\/atecordoba.org\/wp-content\/uploads\/2020\/10\/1--768x517.jpg 768w, https:\/\/atecordoba.org\/wp-content\/uploads\/2020\/10\/1--750x505.jpg 750w, https:\/\/atecordoba.org\/wp-content\/uploads\/2020\/10\/1--1140x767.jpg 1140w, https:\/\/atecordoba.org\/wp-content\/uploads\/2020\/10\/1-.jpg 1522w\" sizes=\"auto, (max-width: 601px) 100vw, 601px\" \/><\/p>\n<p>El viernes pasado se realiz\u00f3 v\u00eda zoom la presentaci\u00f3n del nuevo Departamento de Salud Laboral de ATE C\u00f3rdoba, iniciativa llevada a cabo por el Consejo Directivo Provincial a partir de la creaci\u00f3n de la comisi\u00f3n CyMAT para organismos del Estado nacional, que ahora tendr\u00e1 un \u00e1rea de actuaci\u00f3n en todo el territorio provincial y a todos los niveles del Estado, incluyendo el nivel nacional, provincial y municipal.<\/p>\n<p>La actividad cont\u00f3 con la presencia del secretario General de ATE C\u00f3rdoba, Federico Giuliani, y estuvo coordinada por Leandro Rueda, de ATE Cruz del Eje.<\/p>\n<p>Participaron compa\u00f1eros del \u00e1mbito nacional de nuestro gremio como Graciela R\u00edos, paritaria CyMAT en la mesa paritaria nacional, Orestes Galeano, titular del ISSTATE (Instituto de Salud y Seguridad de las y los Trabajadores de ATE), y Daniel Godoy, del Idep Salud. Tambi\u00e9n estuvo presente desde el ISLyMA-CTAA Mat\u00edas Dreizik.<\/p>\n<p>Federico Giuliani realiz\u00f3 la presentaci\u00f3n inicial del organismo, se\u00f1alando que el Departamento de Salud Laboral \u201cexpresa el compromiso pol\u00edtico de la conducci\u00f3n para no venir a administrar lo que recibimos. Asumimos en noviembre de 2019 y lo dijimos porque venimos a transformar la realidad y a despertar este gigante dormido que es ATE C\u00f3rdoba. A la lucha gremial le sumamos iniciativa y gesti\u00f3n, destacando la constituci\u00f3n de este espacio que nos permita a las y los trabajadores discutir salario y empezar a discutir de qu\u00e9 manera trabajamos, c\u00f3mo estamos en los lugares donde vamos todos los d\u00edas a cumplir con nuestras responsabilidades\u201d.<\/p>\n<p>El dirigente apunt\u00f3 a que \u201chay que empezar a relevar, a detectar y resolver las problem\u00e1ticas que est\u00e1n relacionadas con la higiene y la seguridad laboral, muchas veces naturalizamos condiciones de precariedad, condiciones indignas de laburo. Nos parece fundamental brindar mayores herramientas a nuestros activistas para que puedan resolver problemas en sus lugares de trabajo\u201d.<\/p>\n<p>Y concluy\u00f3 asegurando que \u201ceste departamento le va a dar una estructura y un formato org\u00e1nico a la pol\u00edtica de salud laboral de este Consejo Directivo Provincial\u201d.<\/p>\n<p>Acto seguido, Leandro Rueda, a cargo de la moderaci\u00f3n de la actividad, dio paso a Mat\u00edas Giuliani, delegado CyMAT nuevo director del Departamento, quien destac\u00f3 la fecha del 16 de octubre porque \u201cse est\u00e1n cumpliendo 75 a\u00f1os de aquella reuni\u00f3n del comit\u00e9 confederal de la CGT donde hubo una voz clave para salir a pedir la liberaci\u00f3n del Coronel Per\u00f3n: fue la del compa\u00f1ero Libertario Ferrari, un trabajador de la Compa\u00f1\u00eda Primitiva de Gas que asisti\u00f3 a esa reuni\u00f3n en representaci\u00f3n de ATE y cuya intervenci\u00f3n fue clave ante una representaci\u00f3n de ATE que estaba dividida en opiniones. Por 16 votos a 11 se termin\u00f3 resolviendo el paro general con una participaci\u00f3n directa de nuestra ATE en la historia grande del movimiento obrero y da cuenta de la riqueza de nuestros 100 a\u00f1os de vida como sindicato\u201d.<\/p>\n<p>Giuliani dijo que \u201cel Departamento de Salud Laboral permitir\u00e1 estar presente en cada rinc\u00f3n de la provincia para dar asesoramiento y gesti\u00f3n a cada delegado donde ATE tenga representaci\u00f3n, dando herramientas t\u00e9cnicas y pol\u00edtico-gremiales\u201d.<\/p>\n<p>Y destac\u00f3 que \u201cuna de las intenciones es trabajar mancomunadamente, en una construcci\u00f3n colectiva con el resto de los departamentos del CDP, as\u00ed como con las instituciones hermanas con que venimos trabajando, pero tambi\u00e9n con los departamentos de las seccionales y los centros de jubilados\u201d.<\/p>\n<p>Giuliani dijo que el nuevo espacio va a articular con \u201cel Idep Salud, al igual que lo hacemos con el ISLyMA y el ISSTATE, para desarrollar agendas en com\u00fan con el fin de poder abordar y darle tratamiento a problem\u00e1ticas que son trasversales a nuestras organizaciones\u201d.<\/p>\n<p>Posteriormente, intervino la compa\u00f1era Graciela R\u00edos, de CyMAT nacional, que se alegr\u00f3 por \u201cla puesta en marcha de este organismo es tan importante. Sobre la salud y la higiene en el trabajo tenemos muchas dificultades en el estado nacional, ni hablar lo que viven trabajadores y trabajadoras provinciales y municipales. Me parece extraordinario que haya compa\u00f1eros j\u00f3venes con ganas de trabajar y de tomar esa bandera\u201d.<\/p>\n<p>R\u00edos dio un bosquejo de la actividad que se desarrolla en la comisi\u00f3n CyMAT nacional que ATE integra la comisi\u00f3n paritaria en 2005. \u201cEmpezamos un largo trabajo porque es importante que las y los compa\u00f1eros sepan que es obligaci\u00f3n del Estado brindar las condiciones que nos merecemos todos y todas. Requiere mucho trabajo y concientizaci\u00f3n, porque cuesta que se tome como herramienta. No vamos a trabajar para enfermarnos\u00a0 y para eso tenemos que usar los instrumentos que el propio convenio colectivo de trabajo nos brinda\u201d.<\/p>\n<p><img loading=\"lazy\" decoding=\"async\" class=\" wp-image-22399 aligncenter\" src=\"https:\/\/atecordoba.org\/wp-content\/uploads\/2020\/10\/2-300x198.jpg\" alt=\"\" width=\"589\" height=\"389\" srcset=\"https:\/\/atecordoba.org\/wp-content\/uploads\/2020\/10\/2-300x198.jpg 300w, https:\/\/atecordoba.org\/wp-content\/uploads\/2020\/10\/2-1024x675.jpg 1024w, https:\/\/atecordoba.org\/wp-content\/uploads\/2020\/10\/2-768x506.jpg 768w, https:\/\/atecordoba.org\/wp-content\/uploads\/2020\/10\/2-750x494.jpg 750w, https:\/\/atecordoba.org\/wp-content\/uploads\/2020\/10\/2-1140x751.jpg 1140w, https:\/\/atecordoba.org\/wp-content\/uploads\/2020\/10\/2.jpg 1512w\" sizes=\"auto, (max-width: 589px) 100vw, 589px\" \/><\/p>\n<p>Y centr\u00f3 el accionar de la CyMAT en tres conceptos fundamentales: condiciones de trabajo, el medio ambiente de trabajo y la prevenci\u00f3n.<\/p>\n<p>A su turno, Orestes Galeano, dijo que los trabajadores tenemos una serie de conocimientos, algunos de producci\u00f3n contempor\u00e1nea y otros que vienen a lo largo de nuestra historia en el movimiento obrero argentino e internacional tambi\u00e9n, y que el ISSTATE tiene entre otros fines \u201cque esos conocimientos y experiencias se socialicen, que todos tengamos acceso\u201d.<\/p>\n<p>Tambi\u00e9n hizo si aporte Celeste Martinez, trabajadora de la Casa del Joven e integrante del sistema ATE Escucha. \u201cEn virtud de lo que estamos padeciendo, por los traslados compulsivos \u2013como en Villa Libertador-, los despidos y la precarizaci\u00f3n laboral, y el debilitamiento de los equipos de salud por la pandemia hay mucho trabajo para hacer en cuanto a la contenci\u00f3n de las y los estatales en este momento\u201d, dijo la psic\u00f3loga.<\/p>\n<p>\u201cSe suma este cuadro a los bajos salarios y el pluriempleo, la presi\u00f3n a la que estamos sometidos, todo se transforma en los trastornos personales que sufren las y los trabajadores. Con ATE escucha nos propusimos generar un espacio donde las y los trabajadores tengan una v\u00e1lvula para poder expresar lo que los aqueja. En esta nueva gesti\u00f3n de ATE no solo nos proponemos velar como siempre por el derecho de las y los trabajadores sino tambi\u00e9n de hacer que esta situaci\u00f3n sea vivida de la mejor forma posible. Generando un espacio que contribuya al bienestar en medio de tanto locura\u201d.<\/p>\n<p>Por \u00faltimo, Daniel Godoy, medico sanitarista y titular del Idep Salud, salud\u00f3 la iniciativa del CDP y destac\u00f3 que \u201cATE es una bater\u00eda de acci\u00f3n pol\u00edtica de una pr\u00e1ctica de reinvenci\u00f3n constante, en este nuevo tiempo pol\u00edtico e institucional ATE C\u00f3rdoba mostr\u00f3 una temperatura de iniciativa pol\u00edtica impresionante\u201d.<\/p>\n<p>Godoy explic\u00f3 que \u201cen Idep Salud estamos trabajando sobre las pol\u00edticas vertebradoras de la salud y de las din\u00e1micas que se desarrollan dentro de los sistemas, fuertemente condicionadas por las pol\u00edticas de reformulaci\u00f3n y desmantelamiento de los sistemas de salud, para ponerlo en condiciones de privatizaci\u00f3n como pas\u00f3 en la misma ola de reformas y por los mismos dict\u00e1menes del Banco Mundial y de los organismos supranacionales en las distintas oleadas de reformas del Estado\u201d.<\/p>\n<p>El titular del Idep Salud dijo que Argentina \u201cno llego a lo sucedido en Colombia, Chile o Per\u00fa, pero se sembraron buena parte de los cimientos que todav\u00eda no est\u00e1n desmantelados de las formulaciones situadas en los documentos de los bancos\u201d.<\/p>\n<p>Y finaliz\u00f3 sosteniendo que \u201csobre todo estamos en la idea de aportar a nuestros compa\u00f1eros de la organizaci\u00f3n, y del campo de la militancia sociosanitaria de la Argentina, algunas claves de interpretaci\u00f3n de ese proceso de reforma. Y tambi\u00e9n aportar con claves para reconstituir el campo sanitario argentino, habida cuenta\u00a0 que muchas de las cosas que nos pasaron tuvieron que ver con un pueblo que pudo defender las distintas \u00e9picas que generaron en los Carrillo, en los Maza, los distintos personajes\u00a0 que se veneran en la historia sanitaria argentina\u201d.<\/p>\n<p>Todos compa\u00f1eros y compa\u00f1eras muy entusiasmados con la creaci\u00f3n del nuevo Departamento en el marco del CDP que se dispone a intervenir en favor de las mejoras imprescindibles en las condiciones de trabajo de las y los estatales en C\u00f3rdoba<\/p>\n<p>&nbsp;<\/p>\n<p>&nbsp;<\/p>\n<p>&nbsp;<\/p>\n<p>&nbsp;<\/p>\n<p>&nbsp;<\/p>\n<p>&nbsp;<\/p>\n<p>&nbsp;<\/p>\n<p>&nbsp;<\/p>\n","protected":false},"excerpt":{"rendered":"<p>El viernes pasado se realiz\u00f3 v\u00eda zoom la presentaci\u00f3n del nuevo Departamento de Salud Laboral de ATE C\u00f3rdoba, iniciativa llevada a cabo por el Consejo Directivo Provincial a partir de la creaci\u00f3n de la comisi\u00f3n CyMAT para organismos del Estado nacional, que ahora tendr\u00e1 un \u00e1rea de actuaci\u00f3n en todo el territorio provincial y a [&hellip;]<\/p>\n","protected":false},"author":7,"featured_media":22398,"comment_status":"open","ping_status":"open","sticky":true,"template":"","format":"standard","meta":{"_exactmetrics_skip_tracking":false,"_exactmetrics_sitenote_active":false,"_exactmetrics_sitenote_note":"","_exactmetrics_sitenote_category":0,"jnews-multi-image_gallery":[],"jnews_single_post":{"source_name":"","source_url":"","via_name":"","via_url":"","override_template":"0","override":[{"template":"1","single_blog_custom":"","parallax":"1","fullscreen":"0","layout":"right-sidebar","sidebar":"default-sidebar","second_sidebar":"default-sidebar","sticky_sidebar":"1","share_position":"top","share_float_style":"share-monocrhome","show_share_counter":"1","show_view_counter":"1","show_featured":"1","show_post_meta":"1","show_post_author":"1","show_post_author_image":"1","show_post_date":"1","post_date_format":"default","post_date_format_custom":"Y\/m\/d","show_post_category":"1","show_post_reading_time":"0","post_reading_time_wpm":"300","show_zoom_button":"0","zoom_button_out_step":"2","zoom_button_in_step":"3","show_post_tag":"1","show_prev_next_post":"1","show_popup_post":"1","number_popup_post":"1","show_author_box":"0","show_post_related":"0","show_inline_post_related":"0"}],"override_image_size":"0","image_override":[{"single_post_thumbnail_size":"crop-500","single_post_gallery_size":"crop-500"}],"trending_post":"0","trending_post_position":"meta","trending_post_label":"Trending","sponsored_post":"0","sponsored_post_label":"Sponsored by","sponsored_post_name":"","sponsored_post_url":"","sponsored_post_logo_enable":"0","sponsored_post_logo":"","sponsored_post_desc":""},"jnews_primary_category":{"id":""},"jnews_social_meta":{"fb_title":"","fb_description":"","fb_image":"","twitter_title":"","twitter_description":"","twitter_image":""},"jnews_review":[],"enable_review":"0","type":"percentage","name":"","summary":"","brand":"","sku":"","good":[{"good_text":""}],"bad":[{"bad_text":""}],"score_override":"","override_value":"","rating":[{"rating_text":"","rating_number":"10"}],"price":[{"shop":"","price":"","link":"","icon":""}],"jnews_override_counter":{"override_view_counter":"0","view_counter_number":"0","override_share_counter":"0","share_counter_number":"0","override_like_counter":"0","like_counter_number":"0","override_dislike_counter":"0","dislike_counter_number":"0"},"jnews_post_split":{"enable_post_split":"0","post_split":[{"template":"1","tag":"h2","numbering":"asc","mode":"normal"}]},"footnotes":""},"categories":[341,400],"tags":[613],"class_list":["post-22397","post","type-post","status-publish","format-standard","has-post-thumbnail","hentry","category-cdp","category-estamentos","tag-departamento-de-salud-laboral"],"jetpack_featured_media_url":"https:\/\/atecordoba.org\/wp-content\/uploads\/2020\/10\/1-.jpg","_links":{"self":[{"href":"https:\/\/atecordoba.org\/index.php?rest_route=\/wp\/v2\/posts\/22397","targetHints":{"allow":["GET"]}}],"collection":[{"href":"https:\/\/atecordoba.org\/index.php?rest_route=\/wp\/v2\/posts"}],"about":[{"href":"https:\/\/atecordoba.org\/index.php?rest_route=\/wp\/v2\/types\/post"}],"author":[{"embeddable":true,"href":"https:\/\/atecordoba.org\/index.php?rest_route=\/wp\/v2\/users\/7"}],"replies":[{"embeddable":true,"href":"https:\/\/atecordoba.org\/index.php?rest_route=%2Fwp%2Fv2%2Fcomments&post=22397"}],"version-history":[{"count":3,"href":"https:\/\/atecordoba.org\/index.php?rest_route=\/wp\/v2\/posts\/22397\/revisions"}],"predecessor-version":[{"id":22402,"href":"https:\/\/atecordoba.org\/index.php?rest_route=\/wp\/v2\/posts\/22397\/revisions\/22402"}],"wp:featuredmedia":[{"embeddable":true,"href":"https:\/\/atecordoba.org\/index.php?rest_route=\/wp\/v2\/media\/22398"}],"wp:attachment":[{"href":"https:\/\/atecordoba.org\/index.php?rest_route=%2Fwp%2Fv2%2Fmedia&parent=22397"}],"wp:term":[{"taxonomy":"category","embeddable":true,"href":"https:\/\/atecordoba.org\/index.php?rest_route=%2Fwp%2Fv2%2Fcategories&post=22397"},{"taxonomy":"post_tag","embeddable":true,"href":"https:\/\/atecordoba.org\/index.php?rest_route=%2Fwp%2Fv2%2Ftags&post=22397"}],"curies":[{"name":"wp","href":"https:\/\/api.w.org\/{rel}","templated":true}]}}