{"id":22376,"date":"2020-10-16T17:04:56","date_gmt":"2020-10-16T20:04:56","guid":{"rendered":"https:\/\/atecordoba.org\/?p=22376"},"modified":"2020-10-16T17:55:51","modified_gmt":"2020-10-16T20:55:51","slug":"con-una-gran-jornada-de-protesta-ate-lanza-su-plan-de-lucha-en-la-salud-provincial","status":"publish","type":"post","link":"https:\/\/atecordoba.org\/?p=22376","title":{"rendered":"Con una gran jornada de protesta ATE lanza su plan de lucha en la salud provincial"},"content":{"rendered":"<p><img loading=\"lazy\" decoding=\"async\" class=\"wp-image-22377 alignleft\" src=\"https:\/\/atecordoba.org\/wp-content\/uploads\/2020\/10\/WhatsApp-Image-2020-10-16-at-16.55.07-e1602881095827-300x168.jpeg\" alt=\"\" width=\"401\" height=\"225\" srcset=\"https:\/\/atecordoba.org\/wp-content\/uploads\/2020\/10\/WhatsApp-Image-2020-10-16-at-16.55.07-e1602881095827-300x168.jpeg 300w, https:\/\/atecordoba.org\/wp-content\/uploads\/2020\/10\/WhatsApp-Image-2020-10-16-at-16.55.07-e1602881095827-768x430.jpeg 768w, https:\/\/atecordoba.org\/wp-content\/uploads\/2020\/10\/WhatsApp-Image-2020-10-16-at-16.55.07-e1602881095827-750x420.jpeg 750w, https:\/\/atecordoba.org\/wp-content\/uploads\/2020\/10\/WhatsApp-Image-2020-10-16-at-16.55.07-e1602881095827.jpeg 810w\" sizes=\"auto, (max-width: 401px) 100vw, 401px\" \/><\/p>\n<p>En respuesta la Decreto 690\/20 del gobernador Schiaretti y por mandato del plenario general de delegados provinciales de C\u00f3rdoba, hoy se realiz\u00f3 una jornada de lucha en los hospitales provinciales por haberes dignos y contra la discriminaci\u00f3n salarial que impulsa el Ministerio de Salud.<\/p>\n<p>La norma establece el beneficio de un plus salarial para algunos sectores de trabajadoras y trabajadores, no remunerativos y por \u00fanica vez, en detrimento de otros, tan agobiados por el desgaste de meses de pandemia como el resto. <img loading=\"lazy\" decoding=\"async\" class=\" wp-image-22379 alignright\" src=\"https:\/\/atecordoba.org\/wp-content\/uploads\/2020\/10\/pasillo-298x300.png\" alt=\"\" width=\"376\" height=\"379\" srcset=\"https:\/\/atecordoba.org\/wp-content\/uploads\/2020\/10\/pasillo-298x300.png 298w, https:\/\/atecordoba.org\/wp-content\/uploads\/2020\/10\/pasillo-150x150.png 150w, https:\/\/atecordoba.org\/wp-content\/uploads\/2020\/10\/pasillo-75x75.png 75w, https:\/\/atecordoba.org\/wp-content\/uploads\/2020\/10\/pasillo.png 537w\" sizes=\"auto, (max-width: 376px) 100vw, 376px\" \/><\/p>\n<p>Tal como estaba previsto la modalidad de la medida de fuerza fue con las y los compa\u00f1eros con fotos con consignas en las puertas de los establecimientos donde pueda garantizarse el distanciamiento social y una campa\u00f1a con material gr\u00e1fico colgado en las paredes, con fuerte difusi\u00f3n en redes y medios.<\/p>\n<p>A su vez, la conducci\u00f3n del CDP, encabezada por el secretario General, Federico Giuliani, centr\u00f3 la recorrida por las asambleas que se realizaron en el Polo Sanitario y la Casa del Joven, donde se llev\u00f3 adelante un activo debate sobre al situaci\u00f3n del sistema sanitario y las penurias que atraviesan las y los trabajadores de los equipos de salud debido a la err\u00e1tica gesti\u00f3n de la pandemia que lleva adelante el ministro del \u00e1rea, Diego Cardozo, sumado a las p\u00e9simas condiciones salariales y de trabajo, en las que deben atender a los pacientes las y los compa\u00f1eros de la primera l\u00ednea de atenci\u00f3n.<\/p>\n<p>Primero en el Hospital Rawson, luego en el Hospital de Ni\u00f1os, por \u00faltimo en la manzana psiqui\u00e1trica, Giuliani recogi\u00f3 las demandas del sector e impulso un plan de lucha para torcer las pol\u00edticas discriminatorias de Schiaretti.<\/p>\n<p><img loading=\"lazy\" decoding=\"async\" class=\" wp-image-22380 alignleft\" src=\"https:\/\/atecordoba.org\/wp-content\/uploads\/2020\/10\/WhatsApp-Image-2020-10-16-at-11.41.41-1-169x300.jpeg\" alt=\"\" width=\"218\" height=\"387\" srcset=\"https:\/\/atecordoba.org\/wp-content\/uploads\/2020\/10\/WhatsApp-Image-2020-10-16-at-11.41.41-1-169x300.jpeg 169w, https:\/\/atecordoba.org\/wp-content\/uploads\/2020\/10\/WhatsApp-Image-2020-10-16-at-11.41.41-1.jpeg 540w\" sizes=\"auto, (max-width: 218px) 100vw, 218px\" \/>&#8220;Esta bronca, este dolor, es resultado de tener que pelear cada d\u00eda contra este desprecio del gobernador y el ministro de Salud contra todo lo que tiene que ver con la salud p\u00fablica y sus trabajadores. Salarios bajos, precarizaci\u00f3n laboral, falta de personal, la verdad que hacen un combo nefasto que amerita a que iniciemos un proceso de lucha&#8221;, afirm\u00f3 el dirigente ante las y los compa\u00f1eros presentes.<\/p>\n<p>El secretario General dijo que &#8220;claramente estamos planteando nuestro rechazo al decreto 690, no puede haber trabajadores clase A y clase B. A la salud p\u00fablica la bancan todos los d\u00edas los compa\u00f1eros administrativos, ambulancieros, los t\u00e9cnicos de laboratorio, los m\u00e9dicos, Los enfermeros, los camilleros. Somos un colectivo y un conjunto, m\u00e1s all\u00e1 de lo que digan las dos leyes&#8221;.<\/p>\n<p>Giuliani insisti\u00f3 que &#8220;en segundo lugar, hay que rechazarlo en todos sus planos un pago por \u00fanica vez no remunerativo. Para nosotros sigue siendo la pelea principal que ATE ingrese a la paritaria, donde no queremos discutir solamente aumentos salariales dignos. Claro que los salarios se plancharon y quedaron muy atr\u00e1s de los \u00edndices de inflaci\u00f3n, porque no es que perdimos salario este a\u00f1o sino que venimos perdiendo hace a\u00f1os. En ese contexto, queremos discutir condiciones de trabajo, de higiene y seguridad laboral, nos acostumbran y naturalizamos a trabajar de mala manera&#8221;.<\/p>\n<p>Y concluy\u00f3 que &#8220;por eso, urgente reapertura de la paritaria, aumento salarial digno. La mayor\u00eda de los trabajadores de la salud bajo la l\u00ednea de la pobreza, es indigno&#8221;.<\/p>\n<p>La pr\u00f3xima semana est\u00e1 previsto evaluar nuevas acciones a los fines de avanzar en la unidad en la lucha con otros sectores para incrementar el crecimiento organizativo del plan de lucha.<\/p>\n<p>&nbsp;<\/p>\n<div id='gallery_1' class='gallery galleryid-22376 gallery-columns-3 gallery-size-large'><figure class='gallery-item'>\n                <div class='gallery-icon portrait'>\n                    <a href='https:\/\/atecordoba.org\/wp-content\/uploads\/2020\/10\/WhatsApp-Image-2020-10-16-at-11.41.42.jpeg'><img loading=\"lazy\" decoding=\"async\" width=\"540\" height=\"960\" src=\"\" class=\"attachment-large size-large lazyload\" alt=\"\" data-src=\"https:\/\/atecordoba.org\/wp-content\/uploads\/2020\/10\/WhatsApp-Image-2020-10-16-at-11.41.42.jpeg\" data-sizes=\"auto\" data-srcset=\"https:\/\/atecordoba.org\/wp-content\/uploads\/2020\/10\/WhatsApp-Image-2020-10-16-at-11.41.42.jpeg 540w, https:\/\/atecordoba.org\/wp-content\/uploads\/2020\/10\/WhatsApp-Image-2020-10-16-at-11.41.42-169x300.jpeg 169w\" data-expand=\"700\" \/><\/a>\n                <\/div><\/figure><figure class='gallery-item'>\n                <div class='gallery-icon portrait'>\n                    <a href='https:\/\/atecordoba.org\/wp-content\/uploads\/2020\/10\/WhatsApp-Image-2020-10-16-at-16.55.14.jpeg'><img loading=\"lazy\" decoding=\"async\" width=\"768\" height=\"1024\" src=\"\" class=\"attachment-large size-large lazyload\" alt=\"\" data-src=\"https:\/\/atecordoba.org\/wp-content\/uploads\/2020\/10\/WhatsApp-Image-2020-10-16-at-16.55.14-768x1024.jpeg\" data-sizes=\"auto\" data-srcset=\"https:\/\/atecordoba.org\/wp-content\/uploads\/2020\/10\/WhatsApp-Image-2020-10-16-at-16.55.14-768x1024.jpeg 768w, https:\/\/atecordoba.org\/wp-content\/uploads\/2020\/10\/WhatsApp-Image-2020-10-16-at-16.55.14-225x300.jpeg 225w, https:\/\/atecordoba.org\/wp-content\/uploads\/2020\/10\/WhatsApp-Image-2020-10-16-at-16.55.14-750x1000.jpeg 750w, https:\/\/atecordoba.org\/wp-content\/uploads\/2020\/10\/WhatsApp-Image-2020-10-16-at-16.55.14.jpeg 774w\" data-expand=\"700\" \/><\/a>\n                <\/div><\/figure><figure class='gallery-item'>\n                <div class='gallery-icon landscape'>\n                    <a href='https:\/\/atecordoba.org\/wp-content\/uploads\/2020\/10\/WhatsApp-Image-2020-10-16-at-16.55.11-e1602880867401.jpeg'><img loading=\"lazy\" decoding=\"async\" width=\"1024\" height=\"768\" src=\"\" class=\"attachment-large size-large lazyload\" alt=\"\" data-src=\"https:\/\/atecordoba.org\/wp-content\/uploads\/2020\/10\/WhatsApp-Image-2020-10-16-at-16.55.11-1024x768.jpeg\" data-sizes=\"auto\" data-srcset=\"\" data-expand=\"700\" \/><\/a>\n                <\/div><\/figure><br style=\"clear: both\" \/><figure class='gallery-item'>\n                <div class='gallery-icon portrait'>\n                    <a href='https:\/\/atecordoba.org\/wp-content\/uploads\/2020\/10\/WhatsApp-Image-2020-10-16-at-11.41.42-2.jpeg'><img loading=\"lazy\" decoding=\"async\" width=\"540\" height=\"960\" src=\"\" class=\"attachment-large size-large lazyload\" alt=\"\" data-src=\"https:\/\/atecordoba.org\/wp-content\/uploads\/2020\/10\/WhatsApp-Image-2020-10-16-at-11.41.42-2.jpeg\" data-sizes=\"auto\" data-srcset=\"https:\/\/atecordoba.org\/wp-content\/uploads\/2020\/10\/WhatsApp-Image-2020-10-16-at-11.41.42-2.jpeg 540w, https:\/\/atecordoba.org\/wp-content\/uploads\/2020\/10\/WhatsApp-Image-2020-10-16-at-11.41.42-2-169x300.jpeg 169w\" data-expand=\"700\" \/><\/a>\n                <\/div><\/figure><figure class='gallery-item'>\n                <div class='gallery-icon portrait'>\n                    <a href='https:\/\/atecordoba.org\/wp-content\/uploads\/2020\/10\/WhatsApp-Image-2020-10-16-at-11.41.42-1.jpeg'><img loading=\"lazy\" decoding=\"async\" width=\"540\" height=\"960\" src=\"\" class=\"attachment-large size-large lazyload\" alt=\"\" data-src=\"https:\/\/atecordoba.org\/wp-content\/uploads\/2020\/10\/WhatsApp-Image-2020-10-16-at-11.41.42-1.jpeg\" data-sizes=\"auto\" data-srcset=\"https:\/\/atecordoba.org\/wp-content\/uploads\/2020\/10\/WhatsApp-Image-2020-10-16-at-11.41.42-1.jpeg 540w, https:\/\/atecordoba.org\/wp-content\/uploads\/2020\/10\/WhatsApp-Image-2020-10-16-at-11.41.42-1-169x300.jpeg 169w\" data-expand=\"700\" \/><\/a>\n                <\/div><\/figure><figure class='gallery-item'>\n                <div class='gallery-icon landscape'>\n                    <a href='https:\/\/atecordoba.org\/wp-content\/uploads\/2020\/10\/WhatsApp-Image-2020-10-16-at-11.08.58.jpeg'><img loading=\"lazy\" decoding=\"async\" width=\"1024\" height=\"473\" src=\"\" class=\"attachment-large size-large lazyload\" alt=\"\" data-src=\"https:\/\/atecordoba.org\/wp-content\/uploads\/2020\/10\/WhatsApp-Image-2020-10-16-at-11.08.58-1024x473.jpeg\" data-sizes=\"auto\" data-srcset=\"https:\/\/atecordoba.org\/wp-content\/uploads\/2020\/10\/WhatsApp-Image-2020-10-16-at-11.08.58-1024x473.jpeg 1024w, https:\/\/atecordoba.org\/wp-content\/uploads\/2020\/10\/WhatsApp-Image-2020-10-16-at-11.08.58-300x138.jpeg 300w, https:\/\/atecordoba.org\/wp-content\/uploads\/2020\/10\/WhatsApp-Image-2020-10-16-at-11.08.58-768x354.jpeg 768w, https:\/\/atecordoba.org\/wp-content\/uploads\/2020\/10\/WhatsApp-Image-2020-10-16-at-11.08.58-750x346.jpeg 750w, https:\/\/atecordoba.org\/wp-content\/uploads\/2020\/10\/WhatsApp-Image-2020-10-16-at-11.08.58.jpeg 1040w\" data-expand=\"700\" \/><\/a>\n                <\/div><\/figure><br style=\"clear: both\" \/>\n            <\/div>\n\n<h3>En redes<\/h3>\n<div class=\"fb-post\" data-href=\"https:\/\/www.facebook.com\/atecba\/posts\/3829108657133246\" data-show-text=\"true\" data-width=\"\">\n<blockquote class=\"fb-xfbml-parse-ignore\" cite=\"https:\/\/www.facebook.com\/atecba\/posts\/3829108657133246\"><p>\ud83d\udde3JORNADA DE LUCHA<br \/>\nBasta del atropello.<br \/>\nDe la vulneraci\u00f3n de derechos.<br \/>\nVamos con todo\u270a<\/p>\n<p>Publicado por <a href=\"https:\/\/www.facebook.com\/atecba\/\">ATE &#8211; CDP Cordoba<\/a> en\u00a0<a href=\"https:\/\/www.facebook.com\/atecba\/posts\/3829108657133246\">Jueves, 15 de octubre de 2020<\/a><\/p><\/blockquote>\n<\/div>\n<blockquote class=\"twitter-tweet\">\n<p dir=\"ltr\" lang=\"es\"><a href=\"https:\/\/twitter.com\/ATECordoba?ref_src=twsrc%5Etfw\">@ATECordoba<\/a> rechaza el Decreto discriminador 690\/20 de <a href=\"https:\/\/twitter.com\/JSchiaretti?ref_src=twsrc%5Etfw\">@JSchiaretti<\/a><\/p>\n<p>| JORNADA DE LUCHA |<a href=\"https:\/\/twitter.com\/hashtag\/TodxsEsenciales?src=hash&amp;ref_src=twsrc%5Etfw\">#TodxsEsenciales<\/a> <a href=\"https:\/\/twitter.com\/hashtag\/NoAlDecreto690?src=hash&amp;ref_src=twsrc%5Etfw\">#NoAlDecreto690<\/a> <a href=\"https:\/\/twitter.com\/hashtag\/SchiarettiPar%C3%A1LaMano?src=hash&amp;ref_src=twsrc%5Etfw\">#SchiarettiPar\u00e1LaMano<\/a><a href=\"https:\/\/twitter.com\/GremiosR?ref_src=twsrc%5Etfw\">@GremiosR<\/a> <a href=\"https:\/\/twitter.com\/federgiuliani?ref_src=twsrc%5Etfw\">@federgiuliani<\/a> <a href=\"https:\/\/twitter.com\/ateprensa?ref_src=twsrc%5Etfw\">@ateprensa<\/a> <a href=\"https:\/\/twitter.com\/centromediatv?ref_src=twsrc%5Etfw\">@centromediatv<\/a> <a href=\"https:\/\/twitter.com\/canal10cba?ref_src=twsrc%5Etfw\">@canal10cba<\/a> <a href=\"https:\/\/twitter.com\/canalccordoba?ref_src=twsrc%5Etfw\">@canalccordoba<\/a> <a href=\"https:\/\/twitter.com\/minsaludcba?ref_src=twsrc%5Etfw\">@minsaludcba<\/a> <a href=\"https:\/\/twitter.com\/sindicaldiario?ref_src=twsrc%5Etfw\">@sindicaldiario<\/a> <a href=\"https:\/\/twitter.com\/LAVOZcomar?ref_src=twsrc%5Etfw\">@LAVOZcomar<\/a> <a href=\"https:\/\/twitter.com\/Lmdiariocomar?ref_src=twsrc%5Etfw\">@Lmdiariocomar<\/a> <a href=\"https:\/\/t.co\/TU9mWqWjXS\">pic.twitter.com\/TU9mWqWjXS<\/a><\/p>\n<p>\u2014 ATE C\u00f3rdoba (@ATECordoba) <a href=\"https:\/\/twitter.com\/ATECordoba\/status\/1316954568295632896?ref_src=twsrc%5Etfw\">October 16, 2020<\/a><\/p><\/blockquote>\n<p><script async src=\"https:\/\/platform.twitter.com\/widgets.js\" charset=\"utf-8\"><\/script><\/p>\n","protected":false},"excerpt":{"rendered":"<p>En respuesta la Decreto 690\/20 del gobernador Schiaretti y por mandato del plenario general de delegados provinciales de C\u00f3rdoba, hoy se realiz\u00f3 una jornada de lucha en los hospitales provinciales por haberes dignos y contra la discriminaci\u00f3n salarial que impulsa el Ministerio de Salud. La norma establece el beneficio de un plus salarial para algunos [&hellip;]<\/p>\n","protected":false},"author":7,"featured_media":22385,"comment_status":"open","ping_status":"open","sticky":true,"template":"","format":"standard","meta":{"_exactmetrics_skip_tracking":false,"_exactmetrics_sitenote_active":false,"_exactmetrics_sitenote_note":"","_exactmetrics_sitenote_category":0,"jnews-multi-image_gallery":[],"jnews_single_post":{"source_name":"","source_url":"","via_name":"","via_url":"","override_template":"0","override":[{"template":"1","single_blog_custom":"","parallax":"1","fullscreen":"0","layout":"right-sidebar","sidebar":"default-sidebar","second_sidebar":"default-sidebar","sticky_sidebar":"1","share_position":"top","share_float_style":"share-monocrhome","show_share_counter":"1","show_view_counter":"1","show_featured":"1","show_post_meta":"1","show_post_author":"1","show_post_author_image":"1","show_post_date":"1","post_date_format":"default","post_date_format_custom":"Y\/m\/d","show_post_category":"1","show_post_reading_time":"0","post_reading_time_wpm":"300","show_zoom_button":"0","zoom_button_out_step":"2","zoom_button_in_step":"3","show_post_tag":"1","show_prev_next_post":"1","show_popup_post":"1","number_popup_post":"1","show_author_box":"0","show_post_related":"0","show_inline_post_related":"0"}],"override_image_size":"0","image_override":[{"single_post_thumbnail_size":"crop-500","single_post_gallery_size":"crop-500"}],"trending_post":"0","trending_post_position":"meta","trending_post_label":"Trending","sponsored_post":"0","sponsored_post_label":"Sponsored by","sponsored_post_name":"","sponsored_post_url":"","sponsored_post_logo_enable":"0","sponsored_post_logo":"","sponsored_post_desc":""},"jnews_primary_category":{"id":""},"jnews_social_meta":{"fb_title":"","fb_description":"","fb_image":"","twitter_title":"","twitter_description":"","twitter_image":""},"jnews_review":[],"enable_review":"0","type":"percentage","name":"","summary":"","brand":"","sku":"","good":[{"good_text":""}],"bad":[{"bad_text":""}],"score_override":"","override_value":"","rating":[{"rating_text":"","rating_number":"10"}],"price":[{"shop":"","price":"","link":"","icon":""}],"jnews_override_counter":{"override_view_counter":"0","view_counter_number":"0","override_share_counter":"0","share_counter_number":"0","override_like_counter":"0","like_counter_number":"0","override_dislike_counter":"0","dislike_counter_number":"0"},"jnews_post_split":{"enable_post_split":"0","post_split":[{"template":"1","tag":"h2","numbering":"asc","mode":"normal"}]},"footnotes":""},"categories":[341,104,8],"tags":[477,352],"class_list":["post-22376","post","type-post","status-publish","format-standard","has-post-thumbnail","hentry","category-cdp","category-departamento-de-salud","category-provinciales","tag-hospitales","tag-jornada-de-lucha"],"jetpack_featured_media_url":"https:\/\/atecordoba.org\/wp-content\/uploads\/2020\/10\/WhatsApp-Image-2020-10-16-at-16.55.11-e1602880867401.jpeg","_links":{"self":[{"href":"https:\/\/atecordoba.org\/index.php?rest_route=\/wp\/v2\/posts\/22376","targetHints":{"allow":["GET"]}}],"collection":[{"href":"https:\/\/atecordoba.org\/index.php?rest_route=\/wp\/v2\/posts"}],"about":[{"href":"https:\/\/atecordoba.org\/index.php?rest_route=\/wp\/v2\/types\/post"}],"author":[{"embeddable":true,"href":"https:\/\/atecordoba.org\/index.php?rest_route=\/wp\/v2\/users\/7"}],"replies":[{"embeddable":true,"href":"https:\/\/atecordoba.org\/index.php?rest_route=%2Fwp%2Fv2%2Fcomments&post=22376"}],"version-history":[{"count":6,"href":"https:\/\/atecordoba.org\/index.php?rest_route=\/wp\/v2\/posts\/22376\/revisions"}],"predecessor-version":[{"id":22392,"href":"https:\/\/atecordoba.org\/index.php?rest_route=\/wp\/v2\/posts\/22376\/revisions\/22392"}],"wp:featuredmedia":[{"embeddable":true,"href":"https:\/\/atecordoba.org\/index.php?rest_route=\/wp\/v2\/media\/22385"}],"wp:attachment":[{"href":"https:\/\/atecordoba.org\/index.php?rest_route=%2Fwp%2Fv2%2Fmedia&parent=22376"}],"wp:term":[{"taxonomy":"category","embeddable":true,"href":"https:\/\/atecordoba.org\/index.php?rest_route=%2Fwp%2Fv2%2Fcategories&post=22376"},{"taxonomy":"post_tag","embeddable":true,"href":"https:\/\/atecordoba.org\/index.php?rest_route=%2Fwp%2Fv2%2Ftags&post=22376"}],"curies":[{"name":"wp","href":"https:\/\/api.w.org\/{rel}","templated":true}]}}