{"id":22370,"date":"2020-10-16T16:06:49","date_gmt":"2020-10-16T19:06:49","guid":{"rendered":"https:\/\/atecordoba.org\/?p=22370"},"modified":"2020-10-16T19:27:59","modified_gmt":"2020-10-16T22:27:59","slug":"ate-respalda-a-la-defensoria-del-publico-de-medios-audiovisuales-y-repudia-la-denuncia-contra-miriam-lewin","status":"publish","type":"post","link":"https:\/\/atecordoba.org\/?p=22370","title":{"rendered":"ATE respalda a la Defensor\u00eda del P\u00fablico de medios audiovisuales y repudia la denuncia contra Miriam Lewin"},"content":{"rendered":"<p><img loading=\"lazy\" decoding=\"async\" class=\" wp-image-22371 aligncenter\" src=\"https:\/\/atecordoba.org\/wp-content\/uploads\/2020\/10\/miriam-lewin-300x233.png\" alt=\"\" width=\"600\" height=\"466\" srcset=\"https:\/\/atecordoba.org\/wp-content\/uploads\/2020\/10\/miriam-lewin-300x233.png 300w, https:\/\/atecordoba.org\/wp-content\/uploads\/2020\/10\/miriam-lewin.png 730w\" sizes=\"auto, (max-width: 600px) 100vw, 600px\" \/>La Secretar\u00eda de Prensa y Comunicaci\u00f3n del Consejo Directivo Provincial de ATE C\u00f3rdoba, expresa su respaldo al Proyecto NODIO, de la Defensor\u00eda del P\u00fablico de medios de audiovisuales, que promueve pol\u00edticas contra las expresiones de odio en los medios de comunicaci\u00f3n, as\u00ed como las llamadas &#8216;fake news&#8217; o noticias falsas.<\/p>\n<p>La Defensor\u00eda del P\u00fablico est\u00e1 a cargo de la reconocida periodista Miriam Lewin, ex detenida desaparecida que salv\u00f3 su vida en la ESMA y debi\u00f3 terminar su cautiverio durante la dictadura c\u00edvico-militar como presa pol\u00edtica. Para acceder al cargo Lewin cont\u00f3 con la aprobaci\u00f3n del Senado de la Naci\u00f3n y actualmente conduce un organismo que es una de las patas residuales que dej\u00f3 la Ley de Medios, mutilada en beneficio del monopolio medi\u00e1tico por un decreto del ex Presidente Macri a comienzos de su gobierno, con el lamentable concurso de su ministro Oscar Aguad cuando ejerci\u00f3 el Ministerio de Comunicaciones.<\/p>\n<p>Ahora Lewin sufri\u00f3 la denuncia de un grupo de diputados nacionales macristas por impulsar el citado NODIO, que se define como un &#8220;observatorio de la desinformaci\u00f3n y la violencia simb\u00f3lica en medios de prensa y plataformas digitales&#8221;, y tras cart\u00f3n el fiscal Federal Carlos Stornelli, que est\u00e1 procesado por extorsi\u00f3n en causas de corrupci\u00f3n, impulsa su imputaci\u00f3n.<\/p>\n<p>ATE C\u00f3rdoba repudia al mencionado fiscal ya toda la campa\u00f1a de persecuci\u00f3n que integra contra funcionarios como Lewin, que responden al mandato legal de promover desde el Estado intervenciones &#8220;con respecto a los discursos violentos y la desinformaci\u00f3n que circula en las redes sociales y en los medios de comunicaci\u00f3n&#8221;.<\/p>\n<p style=\"text-align: center;\">Julia Giuliani<\/p>\n<p style=\"text-align: center;\">Secretaria de Prensa y Comunicaci\u00f3n<\/p>\n<p style=\"text-align: center;\">ATE C\u00f3rdoba<\/p>\n","protected":false},"excerpt":{"rendered":"<p>La Secretar\u00eda de Prensa y Comunicaci\u00f3n del Consejo Directivo Provincial de ATE C\u00f3rdoba, expresa su respaldo al Proyecto NODIO, de la Defensor\u00eda del P\u00fablico de medios de audiovisuales, que promueve pol\u00edticas contra las expresiones de odio en los medios de comunicaci\u00f3n, as\u00ed como las llamadas &#8216;fake news&#8217; o noticias falsas. La Defensor\u00eda del P\u00fablico est\u00e1 [&hellip;]<\/p>\n","protected":false},"author":7,"featured_media":22371,"comment_status":"open","ping_status":"open","sticky":true,"template":"","format":"standard","meta":{"_exactmetrics_skip_tracking":false,"_exactmetrics_sitenote_active":false,"_exactmetrics_sitenote_note":"","_exactmetrics_sitenote_category":0,"jnews-multi-image_gallery":[],"jnews_single_post":{"source_name":"","source_url":"","via_name":"","via_url":"","override_template":"0","override":[{"template":"1","single_blog_custom":"","parallax":"1","fullscreen":"0","layout":"right-sidebar","sidebar":"default-sidebar","second_sidebar":"default-sidebar","sticky_sidebar":"1","share_position":"top","share_float_style":"share-monocrhome","show_share_counter":"1","show_view_counter":"1","show_featured":"1","show_post_meta":"1","show_post_author":"1","show_post_author_image":"1","show_post_date":"1","post_date_format":"default","post_date_format_custom":"Y\/m\/d","show_post_category":"1","show_post_reading_time":"0","post_reading_time_wpm":"300","show_zoom_button":"0","zoom_button_out_step":"2","zoom_button_in_step":"3","show_post_tag":"1","show_prev_next_post":"1","show_popup_post":"1","number_popup_post":"1","show_author_box":"0","show_post_related":"0","show_inline_post_related":"0"}],"override_image_size":"0","image_override":[{"single_post_thumbnail_size":"crop-500","single_post_gallery_size":"crop-500"}],"trending_post":"0","trending_post_position":"meta","trending_post_label":"Trending","sponsored_post":"0","sponsored_post_label":"Sponsored by","sponsored_post_name":"","sponsored_post_url":"","sponsored_post_logo_enable":"0","sponsored_post_logo":"","sponsored_post_desc":""},"jnews_primary_category":{"id":""},"jnews_social_meta":{"fb_title":"","fb_description":"","fb_image":"","twitter_title":"","twitter_description":"","twitter_image":""},"jnews_review":[],"enable_review":"0","type":"percentage","name":"","summary":"","brand":"","sku":"","good":[{"good_text":""}],"bad":[{"bad_text":""}],"score_override":"","override_value":"","rating":[{"rating_text":"","rating_number":"10"}],"price":[{"shop":"","price":"","link":"","icon":""}],"jnews_override_counter":{"override_view_counter":"0","view_counter_number":"0","override_share_counter":"0","share_counter_number":"0","override_like_counter":"0","like_counter_number":"0","override_dislike_counter":"0","dislike_counter_number":"0"},"jnews_post_split":{"enable_post_split":"0","post_split":[{"template":"1","tag":"h2","numbering":"asc","mode":"normal"}]},"footnotes":""},"categories":[53,346],"tags":[],"class_list":["post-22370","post","type-post","status-publish","format-standard","has-post-thumbnail","hentry","category-comunicados-de-prensa","category-prensa-y-comunicacion"],"jetpack_featured_media_url":"https:\/\/atecordoba.org\/wp-content\/uploads\/2020\/10\/miriam-lewin.png","_links":{"self":[{"href":"https:\/\/atecordoba.org\/index.php?rest_route=\/wp\/v2\/posts\/22370","targetHints":{"allow":["GET"]}}],"collection":[{"href":"https:\/\/atecordoba.org\/index.php?rest_route=\/wp\/v2\/posts"}],"about":[{"href":"https:\/\/atecordoba.org\/index.php?rest_route=\/wp\/v2\/types\/post"}],"author":[{"embeddable":true,"href":"https:\/\/atecordoba.org\/index.php?rest_route=\/wp\/v2\/users\/7"}],"replies":[{"embeddable":true,"href":"https:\/\/atecordoba.org\/index.php?rest_route=%2Fwp%2Fv2%2Fcomments&post=22370"}],"version-history":[{"count":3,"href":"https:\/\/atecordoba.org\/index.php?rest_route=\/wp\/v2\/posts\/22370\/revisions"}],"predecessor-version":[{"id":22394,"href":"https:\/\/atecordoba.org\/index.php?rest_route=\/wp\/v2\/posts\/22370\/revisions\/22394"}],"wp:featuredmedia":[{"embeddable":true,"href":"https:\/\/atecordoba.org\/index.php?rest_route=\/wp\/v2\/media\/22371"}],"wp:attachment":[{"href":"https:\/\/atecordoba.org\/index.php?rest_route=%2Fwp%2Fv2%2Fmedia&parent=22370"}],"wp:term":[{"taxonomy":"category","embeddable":true,"href":"https:\/\/atecordoba.org\/index.php?rest_route=%2Fwp%2Fv2%2Fcategories&post=22370"},{"taxonomy":"post_tag","embeddable":true,"href":"https:\/\/atecordoba.org\/index.php?rest_route=%2Fwp%2Fv2%2Ftags&post=22370"}],"curies":[{"name":"wp","href":"https:\/\/api.w.org\/{rel}","templated":true}]}}