{"id":22309,"date":"2020-10-14T11:31:15","date_gmt":"2020-10-14T14:31:15","guid":{"rendered":"https:\/\/atecordoba.org\/?p=22309"},"modified":"2020-10-15T13:02:03","modified_gmt":"2020-10-15T16:02:03","slug":"julia-giuliani-debemos-tener-estrategias-que-permitan-amplificar-nuestra-voz","status":"publish","type":"post","link":"https:\/\/atecordoba.org\/?p=22309","title":{"rendered":"Julia Giuliani: \u201cDebemos tener estrategias que permitan amplificar nuestra voz\u201d"},"content":{"rendered":"<figure id=\"attachment_22310\" aria-describedby=\"caption-attachment-22310\" style=\"width: 600px\" class=\"wp-caption aligncenter\"><img loading=\"lazy\" decoding=\"async\" class=\"wp-image-22310\" src=\"https:\/\/atecordoba.org\/wp-content\/uploads\/2020\/10\/WhatsApp-Image-2020-10-14-at-11.16.22-300x169.jpeg\" alt=\"\" width=\"600\" height=\"338\" srcset=\"https:\/\/atecordoba.org\/wp-content\/uploads\/2020\/10\/WhatsApp-Image-2020-10-14-at-11.16.22-300x169.jpeg 300w, https:\/\/atecordoba.org\/wp-content\/uploads\/2020\/10\/WhatsApp-Image-2020-10-14-at-11.16.22-1024x576.jpeg 1024w, https:\/\/atecordoba.org\/wp-content\/uploads\/2020\/10\/WhatsApp-Image-2020-10-14-at-11.16.22-768x432.jpeg 768w, https:\/\/atecordoba.org\/wp-content\/uploads\/2020\/10\/WhatsApp-Image-2020-10-14-at-11.16.22-750x422.jpeg 750w, https:\/\/atecordoba.org\/wp-content\/uploads\/2020\/10\/WhatsApp-Image-2020-10-14-at-11.16.22-1140x641.jpeg 1140w, https:\/\/atecordoba.org\/wp-content\/uploads\/2020\/10\/WhatsApp-Image-2020-10-14-at-11.16.22.jpeg 1280w\" sizes=\"auto, (max-width: 600px) 100vw, 600px\" \/><figcaption id=\"caption-attachment-22310\" class=\"wp-caption-text\">La Secretaria de Prensa Julia Giuliani, en la primera emisi\u00f3n de Entre Todos y Todas, junto a Franco Ayesa, en los estudios de FM Gen.<\/figcaption><\/figure>\n<p>Con el segundo programa caminando en la FM Gen 107.5, la emisi\u00f3n semanal de \u201cEntre todos y todas\u201d va ganando consideraci\u00f3n y se inserta en la pol\u00edtica general de prensa y comunicaci\u00f3n de ATE C\u00f3rdoba, clave para ampliar la convocatoria del gremio a las y los trabajadores en el camino de recuperar y ganar derechos para el conjunto de las y los estatales en C\u00f3rdoba.<\/p>\n<p>En ese marco, la secretaria de Prensa del Consejo Directivo Provincial, Julia Giuliani, retrat\u00f3 la pol\u00edtica de ATE a su cargo y dio una mirada amplia de los desaf\u00edo por venir.<\/p>\n<p><strong>\u00bfQu\u00e9 le aporta el programa a la estrategia de comunicaci\u00f3n de ATE?<\/strong><\/p>\n<figure id=\"attachment_22311\" aria-describedby=\"caption-attachment-22311\" style=\"width: 374px\" class=\"wp-caption alignright\"><img loading=\"lazy\" decoding=\"async\" class=\"wp-image-22311\" src=\"https:\/\/atecordoba.org\/wp-content\/uploads\/2020\/10\/WhatsApp-Image-2020-10-14-at-11.10.29-225x300.jpeg\" alt=\"\" width=\"374\" height=\"499\" srcset=\"https:\/\/atecordoba.org\/wp-content\/uploads\/2020\/10\/WhatsApp-Image-2020-10-14-at-11.10.29-225x300.jpeg 225w, https:\/\/atecordoba.org\/wp-content\/uploads\/2020\/10\/WhatsApp-Image-2020-10-14-at-11.10.29-768x1024.jpeg 768w, https:\/\/atecordoba.org\/wp-content\/uploads\/2020\/10\/WhatsApp-Image-2020-10-14-at-11.10.29-750x1000.jpeg 750w, https:\/\/atecordoba.org\/wp-content\/uploads\/2020\/10\/WhatsApp-Image-2020-10-14-at-11.10.29.jpeg 960w\" sizes=\"auto, (max-width: 374px) 100vw, 374px\" \/><figcaption id=\"caption-attachment-22311\" class=\"wp-caption-text\">Giuliani junto a Rafaela Alcoba, secretaria General de ATE R\u00edo Cuarto.<\/figcaption><\/figure>\n<p>Le suma mucho a la estrategia comunicacional para tener una pata en todos los dispositivos y formatos comunicacionales que podamos desplegar. Siempre suma para seguir ampliando el abanico, no solo para llegar a los afiliados o potenciales estatales que pueden estar cercanos a nuestra organizaci\u00f3n sindical, sino que tambi\u00e9n lleva nuestro discurso, nuestra pr\u00e1ctica cotidiana, nuestra l\u00ednea pol\u00edtica, a un p\u00fablico general porque obviamente una organizaci\u00f3n sindical hace pol\u00edtica, pol\u00edtica sindical, pol\u00edtica gremial, siempre en defensa de las y los trabajadores.<\/p>\n<p>En ese marco, el programa fortalece la estrategia de crecimiento de ATE de manera colectiva. Si bien nace desde Prensa, es una espacio construido colectivamente con quienes laburan en la Secretaria, con los secretarios y secretarias de Prensa de las seccionales, por el aporte de afiliados y delegados. Con el primer programa nos llegaron much\u00edsimos mensajes, acompa\u00f1ando y apoyando, diciendo que era innovador, una propuesta distinta.<\/p>\n<p><strong>Cuando la prensa comercial asume un papel meramente relacionado con miradas patronales, \u00bfqu\u00e9 rol estrat\u00e9gico tiene una voz propia para el movimiento obrero y para los estatales?<\/strong><\/p>\n<p>Frente a la prensa comercial que tiene un rol empresarial, producto de la falta de regulaci\u00f3n sobre los medios de comunicaci\u00f3n y las empresas que ostentan el monopolio y manejan la comunicaci\u00f3n del pa\u00eds, hay que hacer una fuerte cr\u00edtica constructiva del rol del Estado, al no haber una regulaci\u00f3n sobre los medios, en cuanto a los discursivo, a la pauta publicitaria, a la falta de perspectiva de g\u00e9nero, \u00a0a la crisis sobre la veracidad de la noticia.<\/p>\n<figure id=\"attachment_22312\" aria-describedby=\"caption-attachment-22312\" style=\"width: 488px\" class=\"wp-caption alignleft\"><img loading=\"lazy\" decoding=\"async\" class=\"wp-image-22312\" src=\"https:\/\/atecordoba.org\/wp-content\/uploads\/2020\/10\/WhatsApp-Image-2020-10-14-at-11.10.29-1-300x169.jpeg\" alt=\"\" width=\"488\" height=\"275\" srcset=\"https:\/\/atecordoba.org\/wp-content\/uploads\/2020\/10\/WhatsApp-Image-2020-10-14-at-11.10.29-1-300x169.jpeg 300w, https:\/\/atecordoba.org\/wp-content\/uploads\/2020\/10\/WhatsApp-Image-2020-10-14-at-11.10.29-1-1024x576.jpeg 1024w, https:\/\/atecordoba.org\/wp-content\/uploads\/2020\/10\/WhatsApp-Image-2020-10-14-at-11.10.29-1-768x432.jpeg 768w, https:\/\/atecordoba.org\/wp-content\/uploads\/2020\/10\/WhatsApp-Image-2020-10-14-at-11.10.29-1-750x422.jpeg 750w, https:\/\/atecordoba.org\/wp-content\/uploads\/2020\/10\/WhatsApp-Image-2020-10-14-at-11.10.29-1-1140x641.jpeg 1140w, https:\/\/atecordoba.org\/wp-content\/uploads\/2020\/10\/WhatsApp-Image-2020-10-14-at-11.10.29-1.jpeg 1280w\" sizes=\"auto, (max-width: 488px) 100vw, 488px\" \/><figcaption id=\"caption-attachment-22312\" class=\"wp-caption-text\">La secretaria de Prensa durante un acto de ATE.<\/figcaption><\/figure>\n<p>Hoy m\u00e1s de 50% de la informaci\u00f3n que consumimos se originan en \u2018fake news\u2019, son obviamente discursos que nos quieren imponer qu\u00e9 pensar y c\u00f3mo pensarlos porque est\u00e1n direccionados a intereses que no son los de las grandes mayor\u00edas.<\/p>\n<p>Nosotros como parte del campo popular debemos tener estrategias, planificaci\u00f3n comunicacional que nos permita amplificar nuestra voz. No es solo hablar de reclamos o tener posicionamientos coyunturales frente a las distintas cosas que pasan. Tambi\u00e9n nos tiene que poder permitir meter en la agenda qu\u00e9 es lo que los y las trabajadoras estatales estamos discutiendo o debatiendo, cu\u00e1l es la realidad que hoy nos atraviesa con la pandemia.<\/p>\n<p>Cuando la consigna era \u2018vamos a volver mejores\u2019 y \u2018va a estar todo bien\u2019 y claramente no estuvo todo bien porque mientras la clase trabajadora est\u00e1 bancando la parada en la primera l\u00ednea, los de la salud, pero tambi\u00e9n aquellos compa\u00f1eros que estuvieron garantizando derechos para el conjunto de la poblaci\u00f3n, el gobierno de Schiaretti, por caso, meti\u00f3 un ajuste feroz sobre las y los estatales con la reforma previsional, que se replic\u00f3 en varios municipios del interior con baja perspectiva de acuerdos salariales a la alta.<\/p>\n<p>El pago a los provinciales lamentable y la discriminaci\u00f3n para los trabajadores de la salud de manera <img loading=\"lazy\" decoding=\"async\" class=\" wp-image-22313 alignright\" src=\"https:\/\/atecordoba.org\/wp-content\/uploads\/2020\/10\/WhatsApp-Image-2020-10-14-at-11.11.16-300x169.jpeg\" alt=\"\" width=\"467\" height=\"263\" srcset=\"https:\/\/atecordoba.org\/wp-content\/uploads\/2020\/10\/WhatsApp-Image-2020-10-14-at-11.11.16-300x169.jpeg 300w, https:\/\/atecordoba.org\/wp-content\/uploads\/2020\/10\/WhatsApp-Image-2020-10-14-at-11.11.16-1024x576.jpeg 1024w, https:\/\/atecordoba.org\/wp-content\/uploads\/2020\/10\/WhatsApp-Image-2020-10-14-at-11.11.16-768x432.jpeg 768w, https:\/\/atecordoba.org\/wp-content\/uploads\/2020\/10\/WhatsApp-Image-2020-10-14-at-11.11.16-750x422.jpeg 750w, https:\/\/atecordoba.org\/wp-content\/uploads\/2020\/10\/WhatsApp-Image-2020-10-14-at-11.11.16-1140x641.jpeg 1140w, https:\/\/atecordoba.org\/wp-content\/uploads\/2020\/10\/WhatsApp-Image-2020-10-14-at-11.11.16.jpeg 1280w\" sizes=\"auto, (max-width: 467px) 100vw, 467px\" \/>discriminatoria porque se lo dan solo a los terapistas, y solamente para los que se desempe\u00f1an en establecimientos para adultos, son buenos ejemplos de lo que pasa. Me parece que en este marco de crisis econ\u00f3mica, nosotros tenemos que tener un claro posicionamiento de cu\u00e1l es nuestra agenda, no solo un pliego de reivindicaciones sino tambi\u00e9n para volcar propuestas a muchas de las problem\u00e1ticas. En ese sentido es clave seguir ampliando los canales que nos permiten llegar al conjunto de la poblaci\u00f3n, m\u00e1s all\u00e1 de las y los estatales.<\/p>\n<p><strong>Una experiencia comunicativa radial parecida es &#8216;Lo que somos&#8217; de la CTAA de R\u00edo Cuarto. Ahora se trata de &#8216;Entre nosotros y nosotras&#8217;. \u00bfC\u00f3mo irrumpe la tem\u00e1tica de g\u00e9neros en la comunicaci\u00f3n institucional de ATE?<\/strong><\/p>\n<p>En R\u00edo Cuarto la CTA A tiene un espacio radial hace 11 a\u00f1os en la radio de la Universidad Nacional, que se llama Lo que somos. Es un espacio que recuerdo con mucho cari\u00f1o porque fue muy sentido el proyecto que arm\u00e9 y hoy contin\u00faa con un grupo de compa\u00f1eros y compa\u00f1eras, que no vienen de comunicaci\u00f3n pero que lo militan y eso hace que 11 a\u00f1os despu\u00e9s siga estando al aire.<\/p>\n<p>Entre Nosotros y Nosotras, es un espacio construido bajo la premisa que la comunicaci\u00f3n ser\u00e1 con perspectiva de g\u00e9nero o no ser\u00e1. Porque tenemos que deconstruirnos desde el lenguaje, desde lo discursivo y comunicacional.<\/p>\n<figure id=\"attachment_22314\" aria-describedby=\"caption-attachment-22314\" style=\"width: 512px\" class=\"wp-caption alignleft\"><img loading=\"lazy\" decoding=\"async\" class=\"wp-image-22314\" src=\"https:\/\/atecordoba.org\/wp-content\/uploads\/2020\/10\/WhatsApp-Image-2020-10-14-at-11.11.15-300x200.jpeg\" alt=\"\" width=\"512\" height=\"341\" srcset=\"https:\/\/atecordoba.org\/wp-content\/uploads\/2020\/10\/WhatsApp-Image-2020-10-14-at-11.11.15-300x200.jpeg 300w, https:\/\/atecordoba.org\/wp-content\/uploads\/2020\/10\/WhatsApp-Image-2020-10-14-at-11.11.15-1024x682.jpeg 1024w, https:\/\/atecordoba.org\/wp-content\/uploads\/2020\/10\/WhatsApp-Image-2020-10-14-at-11.11.15-768x512.jpeg 768w, https:\/\/atecordoba.org\/wp-content\/uploads\/2020\/10\/WhatsApp-Image-2020-10-14-at-11.11.15-750x500.jpeg 750w, https:\/\/atecordoba.org\/wp-content\/uploads\/2020\/10\/WhatsApp-Image-2020-10-14-at-11.11.15-1140x760.jpeg 1140w, https:\/\/atecordoba.org\/wp-content\/uploads\/2020\/10\/WhatsApp-Image-2020-10-14-at-11.11.15.jpeg 1280w\" sizes=\"auto, (max-width: 512px) 100vw, 512px\" \/><figcaption id=\"caption-attachment-22314\" class=\"wp-caption-text\">Giuliani junto a dos compa\u00f1eros en una actividad durante la pandemia.<\/figcaption><\/figure>\n<p>Desde los flyers que armamos para el D\u00eda de la Madre, por ejemplo, para que no caigan en la t\u00edpica madre maternando y feliz porque eso es romantizar la maternidad cuando tambi\u00e9n tiene muchas cosas que no son tan color de rosa. Los hijos cuando son deseados y buscados son lo mejor del mundo, pero tambi\u00e9n deconstruirnos en eso desde las notas, las fotos, somos muchas las que estamos aportando para la construcci\u00f3n de ese ATE tan necesario.<\/p>\n<p>Como dec\u00eda H\u00e9ctor Quagliaro, creo que estamos abriendo un cauce para que lo transiten miles de compa\u00f1eros y compa\u00f1eras que a\u00fan no conocemos. Y en ese andar, con aciertos y errores, somos muchas las que pones el alma, el cuerpo, el coraz\u00f3n y la cabeza para lograrlo. Y eso no puede quedar en un segundo plano. Hay que mostrar que ATE es diverso, que trabaja en funci\u00f3n de las diversidades \u00a0y tambi\u00e9n lo hacemos desde lo comunicacional. Es fundamental que el g\u00e9nero est\u00e9 presente todo el tiempo.<\/p>\n<p><strong>A pesar del progreso y la incorporaci\u00f3n de nuevas tem\u00e1ticas la agenda de los estatales se mantiene bajos los ejes hist\u00f3ricos de salario, condiciones de trabajo, y pase a planta. \u00bfEso expresa que la pol\u00edtica general y la sociedad no logran superar los problemas estructurales del Estado? <\/strong><\/p>\n<p>Esto demuestra que el Estado sigue siendo prisionero de las pol\u00edticas que le asignan un rol meramente subsidiario de la actividad privada de los grandes grupos econ\u00f3micos. M\u00e1s all\u00e1 de los gobiernos progresistas de los \u00faltimos a\u00f1os respecto a la redistribuci\u00f3n del ingreso, los due\u00f1os de la torta siguen siendo los mismos. La riqueza est\u00e1 cada vez concentrada en menos manos y el Estado sigue sin tener la decisi\u00f3n cr\u00edtica de distribuir y sembrar la semilla de la justicia social, imponiendo una reforma impositiva, por ejemplo. Hoy la ley de bancos sigue siendo la de los 70, incluso los estatutos y la mayor\u00eda de los convenios colectivos de trabajo que rigen en las administraciones p\u00fablicas del orden nacional, provincial y municipal, est\u00e1n desde los \u201970.<\/p>\n<p>Partiendo de esa base, el rol de las y los trabajadores no est\u00e1 en la toma de decisiones, ni estamos donde se discute la producci\u00f3n nacional. Estamos garantizando derechos pero no tenemos fuerza para discutir y debatir. Eso nos lleva a que haya una mayor\u00eda cada vez m\u00e1s pobre. Por eso estos ejes hist\u00f3ricos de reclamos sean los que nos invitan a luchar, a pelear y organizarnos.<\/p>\n<p><strong>\u00bfC\u00f3mo condicion\u00f3 la pandemia la comunicaci\u00f3n de ATE?<\/strong><\/p>\n<p>La pandemia nos sirvi\u00f3 parad\u00f3jicamente para potenciar y para fijar muchas propuestas que nos planteamos en la campa\u00f1a para el 7 de agosto del a\u00f1o pasado. Nos permiti\u00f3 concretar en corto plazo un programa de acci\u00f3n desde esta Secretar\u00eda. Fue todo un desaf\u00edo para educarnos que somos parte y a educar a nuestra dirigencia, nuestros delegados y delegadas, a nuestros afiliados, a entender que las telecomunicaciones como herramientas que nos sirven las discutir, para organizarnos.<\/p>\n<p>En ese marco tuvimos que asesorarnos y aprender con las nuevas formas que permite la virtualidad y tratar de verle la cara positiva al permitirnos juntarnos sin la necesidad de viajar. Creo que ese desaf\u00edo lo venimos llevando muy bien, nos potenci\u00f3, nos fortaleci\u00f3 y fij\u00f3 esas propuestas que ten\u00edamos.<\/p>\n<p>En t\u00e9rminos estrictamente de comunicaci\u00f3n no lo veo como un condicionante negativo. Si bien la comunicaci\u00f3n cara a cara es lo mejor, la pandemia nos posibilit\u00f3 trabajar con el formato de documentos de Google y recabar mucha informaci\u00f3n que no hab\u00eda para poder establecer cu\u00e1l es la realidad que atraviesan nuestras afiliadas y afiliados, as\u00ed como los trabajadores estatales en general. \u00a0Tuvimos los reflejos necesarios para actualizarnos, para tener nuestras redes sociales todo el tiempo activas para estar en contacto, todo esto de habilitar un celular para que tanto los afiliados como los delegados se comuniquen en el acto con la conducci\u00f3n para resolver inconvenientes. M\u00e1s all\u00e1 de las dificultades nos sirvi\u00f3 para fortalecer la comunicaci\u00f3n y hacerla m\u00e1s fluidas. Vamos a seguir en ese camino, no hay que cerrar los tel\u00e9fonos ni las redes, no hay que cerrarse al di\u00e1logo porque es lo que nuestros compa\u00f1eros y compa\u00f1eras en el territorio nos dicen, y eso dicta nuestra pol\u00edtica y nos permite trazar estrategias de comunicaci\u00f3n. El espacio est\u00e1 abierto para que se desarrolle de manera colectiva.<\/p>\n<p>&nbsp;<\/p>\n","protected":false},"excerpt":{"rendered":"<p>Con el segundo programa caminando en la FM Gen 107.5, la emisi\u00f3n semanal de \u201cEntre todos y todas\u201d va ganando consideraci\u00f3n y se inserta en la pol\u00edtica general de prensa y comunicaci\u00f3n de ATE C\u00f3rdoba, clave para ampliar la convocatoria del gremio a las y los trabajadores en el camino de recuperar y ganar derechos [&hellip;]<\/p>\n","protected":false},"author":7,"featured_media":22310,"comment_status":"open","ping_status":"open","sticky":true,"template":"","format":"standard","meta":{"_exactmetrics_skip_tracking":false,"_exactmetrics_sitenote_active":false,"_exactmetrics_sitenote_note":"","_exactmetrics_sitenote_category":0,"jnews-multi-image_gallery":[],"jnews_single_post":{"source_name":"","source_url":"","via_name":"","via_url":"","override_template":"0","override":[{"template":"1","single_blog_custom":"","parallax":"1","fullscreen":"0","layout":"right-sidebar","sidebar":"default-sidebar","second_sidebar":"default-sidebar","sticky_sidebar":"1","share_position":"top","share_float_style":"share-monocrhome","show_share_counter":"1","show_view_counter":"1","show_featured":"1","show_post_meta":"1","show_post_author":"1","show_post_author_image":"1","show_post_date":"1","post_date_format":"default","post_date_format_custom":"Y\/m\/d","show_post_category":"1","show_post_reading_time":"0","post_reading_time_wpm":"300","show_zoom_button":"0","zoom_button_out_step":"2","zoom_button_in_step":"3","show_post_tag":"1","show_prev_next_post":"1","show_popup_post":"1","number_popup_post":"1","show_author_box":"0","show_post_related":"0","show_inline_post_related":"0"}],"override_image_size":"0","image_override":[{"single_post_thumbnail_size":"crop-500","single_post_gallery_size":"crop-500"}],"trending_post":"0","trending_post_position":"meta","trending_post_label":"Trending","sponsored_post":"0","sponsored_post_label":"Sponsored by","sponsored_post_name":"","sponsored_post_url":"","sponsored_post_logo_enable":"0","sponsored_post_logo":"","sponsored_post_desc":""},"jnews_primary_category":{"id":""},"jnews_social_meta":{"fb_title":"","fb_description":"","fb_image":"","twitter_title":"","twitter_description":"","twitter_image":""},"jnews_review":[],"enable_review":"0","type":"percentage","name":"","summary":"","brand":"","sku":"","good":[{"good_text":""}],"bad":[{"bad_text":""}],"score_override":"","override_value":"","rating":[{"rating_text":"","rating_number":"10"}],"price":[{"shop":"","price":"","link":"","icon":""}],"jnews_override_counter":{"override_view_counter":"0","view_counter_number":"0","override_share_counter":"0","share_counter_number":"0","override_like_counter":"0","like_counter_number":"0","override_dislike_counter":"0","dislike_counter_number":"0"},"jnews_post_split":{"enable_post_split":"0","post_split":[{"template":"1","tag":"h2","numbering":"asc","mode":"normal"}]},"footnotes":""},"categories":[346],"tags":[611,592],"class_list":["post-22309","post","type-post","status-publish","format-standard","has-post-thumbnail","hentry","category-prensa-y-comunicacion","tag-julia-giuliani","tag-programa-de-radio"],"jetpack_featured_media_url":"https:\/\/atecordoba.org\/wp-content\/uploads\/2020\/10\/WhatsApp-Image-2020-10-14-at-11.16.22.jpeg","_links":{"self":[{"href":"https:\/\/atecordoba.org\/index.php?rest_route=\/wp\/v2\/posts\/22309","targetHints":{"allow":["GET"]}}],"collection":[{"href":"https:\/\/atecordoba.org\/index.php?rest_route=\/wp\/v2\/posts"}],"about":[{"href":"https:\/\/atecordoba.org\/index.php?rest_route=\/wp\/v2\/types\/post"}],"author":[{"embeddable":true,"href":"https:\/\/atecordoba.org\/index.php?rest_route=\/wp\/v2\/users\/7"}],"replies":[{"embeddable":true,"href":"https:\/\/atecordoba.org\/index.php?rest_route=%2Fwp%2Fv2%2Fcomments&post=22309"}],"version-history":[{"count":2,"href":"https:\/\/atecordoba.org\/index.php?rest_route=\/wp\/v2\/posts\/22309\/revisions"}],"predecessor-version":[{"id":22340,"href":"https:\/\/atecordoba.org\/index.php?rest_route=\/wp\/v2\/posts\/22309\/revisions\/22340"}],"wp:featuredmedia":[{"embeddable":true,"href":"https:\/\/atecordoba.org\/index.php?rest_route=\/wp\/v2\/media\/22310"}],"wp:attachment":[{"href":"https:\/\/atecordoba.org\/index.php?rest_route=%2Fwp%2Fv2%2Fmedia&parent=22309"}],"wp:term":[{"taxonomy":"category","embeddable":true,"href":"https:\/\/atecordoba.org\/index.php?rest_route=%2Fwp%2Fv2%2Fcategories&post=22309"},{"taxonomy":"post_tag","embeddable":true,"href":"https:\/\/atecordoba.org\/index.php?rest_route=%2Fwp%2Fv2%2Ftags&post=22309"}],"curies":[{"name":"wp","href":"https:\/\/api.w.org\/{rel}","templated":true}]}}